{"id":83234,"date":"2016-03-31T14:08:35","date_gmt":"2016-03-31T17:08:35","guid":{"rendered":"http:\/\/aconteceunovale.com.br\/portal\/?p=83234"},"modified":"2016-03-31T14:08:35","modified_gmt":"2016-03-31T17:08:35","slug":"aracuai-vai-sediar-etapa-do-forum-tecnico-do-plano-estadual-de-cultura","status":"publish","type":"post","link":"https:\/\/aconteceunovale.com.br\/portal\/?p=83234","title":{"rendered":"Ara\u00e7ua\u00ed vai sediar etapa do F\u00f3rum T\u00e9cnico do Plano Estadual de Cultura"},"content":{"rendered":"<p>Ara\u00e7ua\u00ed, no Vale do Jequitinhonha, recebe no dia 11 de abril, segunda-feira, o Encontro Regional dos Vales do Jequitinhonha e Mucuri do F\u00f3rum T\u00e9cnico Plano Estadual de Cultura, realizado pela Assembleia Legislativa de Minas Gerais (ALMG) em parceria com entidades e \u00f3rg\u00e3os p\u00fablicos.<\/p>\n<p>O f\u00f3rum, que est\u00e1 percorrendo todo o Estado, busca ampliar a participa\u00e7\u00e3o da sociedade na discuss\u00e3o do Projeto de Lei (PL) 2.805\/15, do Executivo, que cont\u00e9m o Plano Estadual de Cultura v\u00e1lido para os pr\u00f3ximos dez anos.<\/p>\n<p>As sugest\u00f5es colhidas nos encontros poder\u00e3o auxiliar os deputados na an\u00e1lise e no aprimoramento da projeto, que est\u00e1 em tramita\u00e7\u00e3o na ALMG.<\/p>\n<p>As inscri\u00e7\u00f5es do Encontro de Cultura de Ara\u00e7ua\u00ed podem ser feitas no seguinte endere\u00e7o <a href=\"http:\/\/www.almg.gov.br\/acompanhe\/eventos\/hotsites\/2015\/forum_tecnico_plano_cultura\/inscricoes_aracuai.html\" target=\"_blank\">www.almg.gov.br<\/a>. <\/p>\n<p><img decoding=\"async\" src=\"http:\/\/aconteceunovale.com.br\/portal\/wp-content\/uploads\/2016\/03\/forum_aracuai.jpg\" alt=\"\" \/><em>Os debates ser\u00e3o realizados no audit\u00f3rio do IFNMG Ara\u00e7ua\u00ed (Foto: Gazeta de Ara\u00e7ua\u00ed)<\/em><br \/>\n<\/br><\/p>\n<p><strong>Evento<\/strong><\/p>\n<p>O encontro ser\u00e1 no Campus do IFNMG, em Ara\u00e7ua\u00ed, na Fazenda do Meio P\u00e9 da Serra,  BR 367, km 278, com credenciamento a partir das 8 horas e abertura \u00e0s 9 horas.<\/p>\n<p>\u00c0s 9h45, haver\u00e1 palestra sobre a contextualiza\u00e7\u00e3o e o processo de constru\u00e7\u00e3o do plano estadual, com apresenta\u00e7\u00f5es de representantes do Minist\u00e9rio da Cultura em Minas, da Secretaria de Estado de Cultura e do Conselho Estadual de Pol\u00edtica Cultural de Minas Gerais.<\/p>\n<p>Na sequ\u00eancia, os participantes se dividir\u00e3o em tr\u00eas grupos de trabalho para discutir as propostas do Executivo contidas no PL 2.805\/15 \u2013 e reorganizadas pela ALMG \u2013 para os temas Garantia de direitos culturais, Sistema Estadual de Cultura e Sistema de financiamento \u00e0 cultura. Nesses grupos, os inscritos tamb\u00e9m poder\u00e3o sugerir altera\u00e7\u00f5es nas propostas e apresentar novas sugest\u00f5es. <\/p>\n<p>Os participantes v\u00e3o eleger 12 delegados para representar os Vales do Jequitinhonha e Mucuri, na etapa final do f\u00f3rum, marcada para 8, 9 e 10 de junho, na ALMG.<\/p>\n<p><strong>Consulta p\u00fablica<\/strong> <\/p>\n<p>Al\u00e9m das sugest\u00f5es colhidas nos encontros regionais, a ALMG tamb\u00e9m submeter\u00e1 o PL 2.805\/15 a uma consulta p\u00fablica, a partir de 18 de abril.<\/p>\n<p>O secret\u00e1rio de Estado de Cultura, Angelo Oswaldo, que tem participado dos encontros regionais, salienta que o plano estadual \u00e9 uma antiga reivindica\u00e7\u00e3o do setor, pois articula o fomento \u00e0 cultura de forma sist\u00eamica, por meio da associa\u00e7\u00e3o entre munic\u00edpios, Estados e Uni\u00e3o.<\/p>\n<p>Tamb\u00e9m o governador Fernando Pimentel, em mensagem enviada \u00e0 ALMG, destaca que o Plano Estadual de Cultura tem rela\u00e7\u00e3o direta com a Lei Federal 12.343, de 2010, que instituiu o Plano Nacional de Cultura (PNC).<\/p>\n<p>A norma prev\u00ea que os entes da federa\u00e7\u00e3o que aderirem ao PNC dever\u00e3o elaborar seus planos decenais em at\u00e9 um ano ap\u00f3s assinatura do termo de ades\u00e3o, em conson\u00e2ncia com as diretrizes, metas e estrat\u00e9gias previstas nacionalmente. Neste momento, o PNC tamb\u00e9m passa por revis\u00e3o.<\/p>\n<p><strong>Programa\u00e7\u00e3o<\/strong><\/p>\n<p>-> 8 horas: Credenciamento<\/p>\n<p>-> 9 horas: Abertura<\/p>\n<p>-> 9h45: Palestra Contextualiza\u00e7\u00e3o e Processo de Constru\u00e7\u00e3o do Plano Estadual de Cultura (O contexto do Sistema Nacional de Cultura e o Plano Estadual no contexto da Pol\u00edtica Estadual de Cultura)<\/p>\n<p>&#8211; Representante do Minist\u00e9rio da Cultura \u2013 Representa\u00e7\u00e3o Regional de Minas Gerais<\/p>\n<p>&#8211; Representante da Secretaria de Estado de Cultura<\/p>\n<p>&#8211; Representante do Conselho Estadual de Pol\u00edtica Cultural de Minas Gerais<\/p>\n<p>-> 10h15: Apresenta\u00e7\u00e3o da metodologia dos Grupos de Trabalho<\/p>\n<p>-> 10h30: Forma\u00e7\u00e3o dos Grupos de Trabalho<\/p>\n<p>&#8211; Exposi\u00e7\u00e3o inicial: apresenta\u00e7\u00e3o da tem\u00e1tica do Grupo de Trabalho e din\u00e2mica das discuss\u00f5es<\/p>\n<p>&#8211; Discuss\u00e3o do documento com as propostas contidas no PL 2.805\/15<\/p>\n<p>-> 12 horas: Intervalo<\/p>\n<p>-> 13h30: Grupos de Trabalho<\/p>\n<p>&#8211; Continua\u00e7\u00e3o da discuss\u00e3o do documento e prioriza\u00e7\u00e3o das novas propostas<br \/>\n&#8211; Elei\u00e7\u00e3o dos representantes regionais \u00e0 Etapa Final<\/p>\n<p>-> 18 horas: Encerramento<\/p>\n<p>-> Inscri\u00e7\u00f5es on-line: 23\/3 a 8\/4\/16 (at\u00e9 15 horas)<\/p>\n","protected":false},"excerpt":{"rendered":"<p>Ara\u00e7ua\u00ed, no Vale do Jequitinhonha, recebe no dia 11 de abril, segunda-feira, o Encontro Regional dos Vales do Jequitinhonha e Mucuri do F\u00f3rum T\u00e9cnico Plano Estadual de Cultura, realizado pela Assembleia Legislativa de Minas Gerais (ALMG) em parceria com entidades e \u00f3rg\u00e3os p\u00fablicos. O f\u00f3rum, que est\u00e1 percorrendo todo o Estado, busca ampliar a participa\u00e7\u00e3o [&hellip;]<\/p>\n","protected":false},"author":1,"featured_media":83235,"comment_status":"open","ping_status":"closed","sticky":false,"template":"","format":"standard","meta":{"amp_status":"","footnotes":""},"categories":[125,120],"tags":[186,86158,86157,85699],"class_list":["post-83234","post","type-post","status-publish","format-standard","has-post-thumbnail","hentry","category-noticias","category-jequi","tag-aracuai","tag-aracuai-vai-sediar-etapa-do-forum-tecnico-do-plano-estadual-de-cultura","tag-encontro-regional-dos-vales-do-jequitinhonha-e-mucuri-do-forum-tecnico-plano-estadual-de-cultura","tag-forum-tecnico-plano-estadual-de-cultura"],"_links":{"self":[{"href":"https:\/\/aconteceunovale.com.br\/portal\/index.php?rest_route=\/wp\/v2\/posts\/83234","targetHints":{"allow":["GET"]}}],"collection":[{"href":"https:\/\/aconteceunovale.com.br\/portal\/index.php?rest_route=\/wp\/v2\/posts"}],"about":[{"href":"https:\/\/aconteceunovale.com.br\/portal\/index.php?rest_route=\/wp\/v2\/types\/post"}],"author":[{"embeddable":true,"href":"https:\/\/aconteceunovale.com.br\/portal\/index.php?rest_route=\/wp\/v2\/users\/1"}],"replies":[{"embeddable":true,"href":"https:\/\/aconteceunovale.com.br\/portal\/index.php?rest_route=%2Fwp%2Fv2%2Fcomments&post=83234"}],"version-history":[{"count":0,"href":"https:\/\/aconteceunovale.com.br\/portal\/index.php?rest_route=\/wp\/v2\/posts\/83234\/revisions"}],"wp:featuredmedia":[{"embeddable":true,"href":"https:\/\/aconteceunovale.com.br\/portal\/index.php?rest_route=\/wp\/v2\/media\/83235"}],"wp:attachment":[{"href":"https:\/\/aconteceunovale.com.br\/portal\/index.php?rest_route=%2Fwp%2Fv2%2Fmedia&parent=83234"}],"wp:term":[{"taxonomy":"category","embeddable":true,"href":"https:\/\/aconteceunovale.com.br\/portal\/index.php?rest_route=%2Fwp%2Fv2%2Fcategories&post=83234"},{"taxonomy":"post_tag","embeddable":true,"href":"https:\/\/aconteceunovale.com.br\/portal\/index.php?rest_route=%2Fwp%2Fv2%2Ftags&post=83234"}],"curies":[{"name":"wp","href":"https:\/\/api.w.org\/{rel}","templated":true}]}}