{"id":83014,"date":"2016-03-29T10:51:48","date_gmt":"2016-03-29T13:51:48","guid":{"rendered":"http:\/\/aconteceunovale.com.br\/portal\/?p=83014"},"modified":"2016-03-29T10:51:48","modified_gmt":"2016-03-29T13:51:48","slug":"temperatura-deve-chegar-a-37-graus-nas-regioes-norte-e-leste-de-minas-nesta-terca-feira","status":"publish","type":"post","link":"https:\/\/aconteceunovale.com.br\/portal\/?p=83014","title":{"rendered":"Temperatura deve chegar a 37 graus nas regi\u00f5es Norte e Leste de Minas nesta ter\u00e7a-feira"},"content":{"rendered":"<h4><strong><em>Previs\u00e3o do tempo para Minas Gerais, nesta ter\u00e7a-feira, 29 de mar\u00e7o. Temperatura m\u00e1xima no estado prevista \u00e9 de 37\u00b0C no Norte e Leste mineiro.<\/em><\/strong><\/h4>\n<p>O tempo fica inst\u00e1vel em parte do Sudeste do pa\u00eds. Em Minas Gerais, h\u00e1 previs\u00e3o de pancadas de chuva no Sul, Zona da Mata e Tri\u00e2ngulo Mineiro. Nas demais regi\u00f5es do estado, o dia ser\u00e1 de sol entre poucas nuvens. As temperaturas ficam em ligeira eleva\u00e7\u00e3o e no per\u00edodo da tarde os \u00edndices de umidade relativa do ar ficam variando entre 25 a 35%.<\/p>\n<p>Temperatura m\u00e1xima no estado prevista \u00e9 de 37\u00b0C no Norte e Leste mineiro. Na Regi\u00e3o Metropolitana e capital mineira o c\u00e9u deve ficar claro a parcialmente nublado. As temperaturas devem oscilar entre 18\u00b0C e 30\u00b0C, com umidade relativa do ar m\u00ednima de 35% \u00e0 tarde.<\/p>\n","protected":false},"excerpt":{"rendered":"<p>Previs\u00e3o do tempo para Minas Gerais, nesta ter\u00e7a-feira, 29 de mar\u00e7o. Temperatura m\u00e1xima no estado prevista \u00e9 de 37\u00b0C no Norte e Leste mineiro. O tempo fica inst\u00e1vel em parte do Sudeste do pa\u00eds. Em Minas Gerais, h\u00e1 previs\u00e3o de pancadas de chuva no Sul, Zona da Mata e Tri\u00e2ngulo Mineiro. Nas demais regi\u00f5es do [&hellip;]<\/p>\n","protected":false},"author":1,"featured_media":79092,"comment_status":"open","ping_status":"closed","sticky":false,"template":"","format":"standard","meta":{"amp_status":"","footnotes":""},"categories":[123],"tags":[85613,131,36891,1956,1839,85615,28255,85614,85611,85612,84221,85616],"class_list":["post-83014","post","type-post","status-publish","format-standard","has-post-thumbnail","hentry","category-gerais","tag-29-de-marco","tag-minas-gerais","tag-nesta-terca-feira","tag-previsao-do-tempo","tag-previsao-do-tempo-para-minas-gerais","tag-previsao-do-tempo-para-minas-gerais-29-de-marco","tag-previsao-do-tempo-para-minas-gerais-nesta-terca-feira","tag-previsao-do-tempo-para-minas-gerais-nesta-terca-feira-29-de-marco","tag-temperatura-deve-chegar-a-37-graus-nas-regioes-norte-e-leste-de-minas-nesta-terca-feira","tag-temperatura-maxima-no-estado-prevista-e-de-37c-no-norte-e-leste-mineiro","tag-terca-feira","tag-terca-feira-29-de-marco"],"_links":{"self":[{"href":"https:\/\/aconteceunovale.com.br\/portal\/index.php?rest_route=\/wp\/v2\/posts\/83014","targetHints":{"allow":["GET"]}}],"collection":[{"href":"https:\/\/aconteceunovale.com.br\/portal\/index.php?rest_route=\/wp\/v2\/posts"}],"about":[{"href":"https:\/\/aconteceunovale.com.br\/portal\/index.php?rest_route=\/wp\/v2\/types\/post"}],"author":[{"embeddable":true,"href":"https:\/\/aconteceunovale.com.br\/portal\/index.php?rest_route=\/wp\/v2\/users\/1"}],"replies":[{"embeddable":true,"href":"https:\/\/aconteceunovale.com.br\/portal\/index.php?rest_route=%2Fwp%2Fv2%2Fcomments&post=83014"}],"version-history":[{"count":0,"href":"https:\/\/aconteceunovale.com.br\/portal\/index.php?rest_route=\/wp\/v2\/posts\/83014\/revisions"}],"wp:featuredmedia":[{"embeddable":true,"href":"https:\/\/aconteceunovale.com.br\/portal\/index.php?rest_route=\/wp\/v2\/media\/79092"}],"wp:attachment":[{"href":"https:\/\/aconteceunovale.com.br\/portal\/index.php?rest_route=%2Fwp%2Fv2%2Fmedia&parent=83014"}],"wp:term":[{"taxonomy":"category","embeddable":true,"href":"https:\/\/aconteceunovale.com.br\/portal\/index.php?rest_route=%2Fwp%2Fv2%2Fcategories&post=83014"},{"taxonomy":"post_tag","embeddable":true,"href":"https:\/\/aconteceunovale.com.br\/portal\/index.php?rest_route=%2Fwp%2Fv2%2Ftags&post=83014"}],"curies":[{"name":"wp","href":"https:\/\/api.w.org\/{rel}","templated":true}]}}