{"id":83003,"date":"2016-03-28T23:18:48","date_gmt":"2016-03-29T02:18:48","guid":{"rendered":"http:\/\/aconteceunovale.com.br\/portal\/?p=83003"},"modified":"2016-03-28T23:18:48","modified_gmt":"2016-03-29T02:18:48","slug":"jovem-e-assassinado-a-tiros-em-porteirinha-no-norte-de-minas","status":"publish","type":"post","link":"https:\/\/aconteceunovale.com.br\/portal\/?p=83003","title":{"rendered":"Jovem \u00e9 assassinado a tiros em Porteirinha, no Norte de Minas"},"content":{"rendered":"<p>Um jovem de 20 anos foi morto a tiros nesse domingo (27\/3), em Porteirinha, no Norte de Minas. A pol\u00edcia encontrou o corpo da v\u00edtima na Avenida Pedro Jos\u00e9 Freire, na Vila Guar\u00e1, ap\u00f3s receber den\u00fancia an\u00f4nima. Ele foi atingido por cinco tiros e o corpo foi encaminhado ao Instituto M\u00e9dico Legal (IML) de Jana\u00faba.<\/p>\n<p>A Pol\u00edcia Militar informou que a v\u00edtima teria sido amea\u00e7ada de morte por um homem, de 29 anos, minutos antes do crime. Ele foi localizado, mas negou envolvimento com o homic\u00eddio. As buscas continuam.<\/p>\n<p>Ainda de acordo com a PM, a v\u00edtima era suspeita de envolvimento no assassinato de um homem, de 39 anos, no in\u00edcio deste m\u00eas. (G1)<\/p>\n","protected":false},"excerpt":{"rendered":"<p>Um jovem de 20 anos foi morto a tiros nesse domingo (27\/3), em Porteirinha, no Norte de Minas. A pol\u00edcia encontrou o corpo da v\u00edtima na Avenida Pedro Jos\u00e9 Freire, na Vila Guar\u00e1, ap\u00f3s receber den\u00fancia an\u00f4nima. Ele foi atingido por cinco tiros e o corpo foi encaminhado ao Instituto M\u00e9dico Legal (IML) de Jana\u00faba. [&hellip;]<\/p>\n","protected":false},"author":1,"featured_media":58056,"comment_status":"open","ping_status":"closed","sticky":false,"template":"","format":"standard","meta":{"amp_status":"","footnotes":""},"categories":[1236],"tags":[85593,85592,85591,85594,85595,1194,85596],"class_list":["post-83003","post","type-post","status-publish","format-standard","has-post-thumbnail","hentry","category-norte_de_minas","tag-assassinato-porteirinha","tag-homicidio-porteirinha","tag-jovem-e-assassinado-a-tiros-em-porteirinha","tag-morte-porteirinha","tag-morto-porteirinha","tag-porteirinha","tag-violencia-porteirinha"],"_links":{"self":[{"href":"https:\/\/aconteceunovale.com.br\/portal\/index.php?rest_route=\/wp\/v2\/posts\/83003","targetHints":{"allow":["GET"]}}],"collection":[{"href":"https:\/\/aconteceunovale.com.br\/portal\/index.php?rest_route=\/wp\/v2\/posts"}],"about":[{"href":"https:\/\/aconteceunovale.com.br\/portal\/index.php?rest_route=\/wp\/v2\/types\/post"}],"author":[{"embeddable":true,"href":"https:\/\/aconteceunovale.com.br\/portal\/index.php?rest_route=\/wp\/v2\/users\/1"}],"replies":[{"embeddable":true,"href":"https:\/\/aconteceunovale.com.br\/portal\/index.php?rest_route=%2Fwp%2Fv2%2Fcomments&post=83003"}],"version-history":[{"count":0,"href":"https:\/\/aconteceunovale.com.br\/portal\/index.php?rest_route=\/wp\/v2\/posts\/83003\/revisions"}],"wp:featuredmedia":[{"embeddable":true,"href":"https:\/\/aconteceunovale.com.br\/portal\/index.php?rest_route=\/wp\/v2\/media\/58056"}],"wp:attachment":[{"href":"https:\/\/aconteceunovale.com.br\/portal\/index.php?rest_route=%2Fwp%2Fv2%2Fmedia&parent=83003"}],"wp:term":[{"taxonomy":"category","embeddable":true,"href":"https:\/\/aconteceunovale.com.br\/portal\/index.php?rest_route=%2Fwp%2Fv2%2Fcategories&post=83003"},{"taxonomy":"post_tag","embeddable":true,"href":"https:\/\/aconteceunovale.com.br\/portal\/index.php?rest_route=%2Fwp%2Fv2%2Ftags&post=83003"}],"curies":[{"name":"wp","href":"https:\/\/api.w.org\/{rel}","templated":true}]}}