{"id":82878,"date":"2016-03-27T16:06:23","date_gmt":"2016-03-27T19:06:23","guid":{"rendered":"http:\/\/aconteceunovale.com.br\/portal\/?p=82878"},"modified":"2016-03-27T16:08:50","modified_gmt":"2016-03-27T19:08:50","slug":"motorista-de-caminhao-desrespeita-sinalizacao-e-mata-motociclista-no-centro-de-montes-claros","status":"publish","type":"post","link":"https:\/\/aconteceunovale.com.br\/portal\/?p=82878","title":{"rendered":"Motorista de caminh\u00e3o desrespeita sinaliza\u00e7\u00e3o e mata motociclista no Centro de Montes Claros"},"content":{"rendered":"<p>Uma mulher de 28 anos morreu em um acidente na manh\u00e3 deste domingo, 27 de mar\u00e7o, na regi\u00e3o central de Montes Claros, no Norte de Minas. De acordo com Pol\u00edcia Militar (PM), a v\u00edtima estava em uma motocicleta que bateu em um caminh\u00e3o guincho, no cruzamento das ruas Dom Pedro II e Doutor Veloso.<\/p>\n<p>Ainda de acordo com a PM, o caminh\u00e3o seguia pela Rua Doutor Veloso e, segundo a per\u00edcia, o condutor n\u00e3o respeitou a sinaliza\u00e7\u00e3o de parada obrigat\u00f3ria. A v\u00edtima recebeu os primeiros socorros, mas n\u00e3o resistiu a uma parada card\u00edaca e veio a \u00f3bito. Ela seguia para o trabalho, que fica a cerca de 100 metros do local do acidente.<\/p>\n<p>O condutor do caminh\u00e3o foi encaminhado para a Delegacia de Plant\u00e3o para prestar depoimento. As causas do acidente ser\u00e3o investigadas pela Pol\u00edcia.<\/p>\n<p><img decoding=\"async\" src=\"http:\/\/aconteceunovale.com.br\/portal\/wp-content\/uploads\/2016\/03\/acidente_moc_27.jpg\" alt=\"\" \/><em>Acidente aconteceu em um cruzamento no Centro da cidade (Foto: Internauta \/ WhatsApp)<\/em><br \/>\n<\/br><\/p>\n<p>(Fonte: G1 Grande Minas)<\/p>\n","protected":false},"excerpt":{"rendered":"<p>Uma mulher de 28 anos morreu em um acidente na manh\u00e3 deste domingo, 27 de mar\u00e7o, na regi\u00e3o central de Montes Claros, no Norte de Minas. De acordo com Pol\u00edcia Militar (PM), a v\u00edtima estava em uma motocicleta que bateu em um caminh\u00e3o guincho, no cruzamento das ruas Dom Pedro II e Doutor Veloso. Ainda [&hellip;]<\/p>\n","protected":false},"author":1,"featured_media":82879,"comment_status":"open","ping_status":"closed","sticky":false,"template":"","format":"standard","meta":{"amp_status":"","footnotes":""},"categories":[1236],"tags":[85262,16673,74120,85263,85266,85264,9147,85261,85265,210,85260],"class_list":["post-82878","post","type-post","status-publish","format-standard","has-post-thumbnail","hentry","category-norte_de_minas","tag-acidente-de-transito-em-montes-claros","tag-acidente-em-montes-claros","tag-acidente-entre-moto-e-caminhao-em-montes-claros","tag-acidente-funcionaria-do-comilao","tag-acidente-maria-jose-do-comilao","tag-acidente-maria-jose-montes-claros","tag-acidente-no-centro-de-montes-claros","tag-colisao-entre-moto-em-montes-claros","tag-maria-jose","tag-montes-claros","tag-motorista-de-caminhao-desrespeita-sinalizacao-e-mata-motociclista-no-centro-de-montes-claros"],"_links":{"self":[{"href":"https:\/\/aconteceunovale.com.br\/portal\/index.php?rest_route=\/wp\/v2\/posts\/82878","targetHints":{"allow":["GET"]}}],"collection":[{"href":"https:\/\/aconteceunovale.com.br\/portal\/index.php?rest_route=\/wp\/v2\/posts"}],"about":[{"href":"https:\/\/aconteceunovale.com.br\/portal\/index.php?rest_route=\/wp\/v2\/types\/post"}],"author":[{"embeddable":true,"href":"https:\/\/aconteceunovale.com.br\/portal\/index.php?rest_route=\/wp\/v2\/users\/1"}],"replies":[{"embeddable":true,"href":"https:\/\/aconteceunovale.com.br\/portal\/index.php?rest_route=%2Fwp%2Fv2%2Fcomments&post=82878"}],"version-history":[{"count":0,"href":"https:\/\/aconteceunovale.com.br\/portal\/index.php?rest_route=\/wp\/v2\/posts\/82878\/revisions"}],"wp:featuredmedia":[{"embeddable":true,"href":"https:\/\/aconteceunovale.com.br\/portal\/index.php?rest_route=\/wp\/v2\/media\/82879"}],"wp:attachment":[{"href":"https:\/\/aconteceunovale.com.br\/portal\/index.php?rest_route=%2Fwp%2Fv2%2Fmedia&parent=82878"}],"wp:term":[{"taxonomy":"category","embeddable":true,"href":"https:\/\/aconteceunovale.com.br\/portal\/index.php?rest_route=%2Fwp%2Fv2%2Fcategories&post=82878"},{"taxonomy":"post_tag","embeddable":true,"href":"https:\/\/aconteceunovale.com.br\/portal\/index.php?rest_route=%2Fwp%2Fv2%2Ftags&post=82878"}],"curies":[{"name":"wp","href":"https:\/\/api.w.org\/{rel}","templated":true}]}}