{"id":82871,"date":"2016-03-27T15:53:35","date_gmt":"2016-03-27T18:53:35","guid":{"rendered":"http:\/\/aconteceunovale.com.br\/portal\/?p=82871"},"modified":"2016-03-27T15:53:35","modified_gmt":"2016-03-27T18:53:35","slug":"incendio-atinge-patio-de-empresa-de-onibus-e-fabrica-de-blocos-em-montes-claros","status":"publish","type":"post","link":"https:\/\/aconteceunovale.com.br\/portal\/?p=82871","title":{"rendered":"Inc\u00eandio atinge p\u00e1tio de empresa de \u00f4nibus e f\u00e1brica de blocos em Montes Claros"},"content":{"rendered":"<p>Um inc\u00eandio destruiu v\u00e1rios materiais que estavam no p\u00e1tio de uma empresa de \u00f4nibus e uma f\u00e1brica de blocos  de concreto em Montes Claros, Norte de Minas. De acordo com o Corpo de bombeiros, as chamas atingiram cerca de 20 metros de altura e atingiram ainda algumas \u00e1rvores no local.<\/p>\n<p>A suspeita \u00e9 que fagulhas de um lixo que estava sendo queimado tenham atingido  placas de isopor que estavam depositadas na \u00e1rea atingida. Os propriet\u00e1rios estimam que cerca de 10 mil metros c\u00fabicos de isopor foram consumidos pelas chamas, o que gera um preju\u00edzo de aproximadamente R$ 5 mil.<\/p>\n<p>Os militares informaram ainda que para combater as chamas foram utilizados cerca de 2.500 litros de \u00e1gua. Apesar do susto, ningu\u00e9m ficou ferido.<\/p>\n<p><img decoding=\"async\" src=\"http:\/\/aconteceunovale.com.br\/portal\/wp-content\/uploads\/2016\/03\/incendio_moc_2.jpg\" alt=\"\" \/><\/p>\n<p><img decoding=\"async\" src=\"http:\/\/aconteceunovale.com.br\/portal\/wp-content\/uploads\/2016\/03\/incendio_moc_1.jpg\" alt=\"\" \/><\/p>\n<p><img decoding=\"async\" src=\"http:\/\/aconteceunovale.com.br\/portal\/wp-content\/uploads\/2016\/03\/incendio_moc_3.jpg\" alt=\"\" \/><\/p>\n<p><img decoding=\"async\" src=\"http:\/\/aconteceunovale.com.br\/portal\/wp-content\/uploads\/2016\/03\/incendio_moc_4.jpg\" alt=\"\" \/><\/p>\n<p><img decoding=\"async\" src=\"http:\/\/aconteceunovale.com.br\/portal\/wp-content\/uploads\/2016\/03\/incendio_moc_5.jpg\" alt=\"\" \/><br \/>\n<\/br><\/p>\n<p><em>(Fonte: G1 Grande Minas \/ Fotos: Corpo de Bombeiros)<\/em><\/p>\n","protected":false},"excerpt":{"rendered":"<p>Um inc\u00eandio destruiu v\u00e1rios materiais que estavam no p\u00e1tio de uma empresa de \u00f4nibus e uma f\u00e1brica de blocos de concreto em Montes Claros, Norte de Minas. De acordo com o Corpo de bombeiros, as chamas atingiram cerca de 20 metros de altura e atingiram ainda algumas \u00e1rvores no local. A suspeita \u00e9 que fagulhas [&hellip;]<\/p>\n","protected":false},"author":1,"featured_media":82873,"comment_status":"open","ping_status":"closed","sticky":false,"template":"","format":"standard","meta":{"amp_status":"","footnotes":""},"categories":[1236],"tags":[85255,85256,71004,85258,85259,210,85257],"class_list":["post-82871","post","type-post","status-publish","format-standard","has-post-thumbnail","hentry","category-norte_de_minas","tag-incendio-atinge-patio-de-empresa-de-onibus-e-fabrica-de-blocos-em-montes-claros","tag-incendio-distrito-industrial-montes-claros","tag-incendio-montes-claros","tag-incendio-patio-viacao-irmao-silva","tag-incendio-viacao-irmao-silva","tag-montes-claros","tag-viacao-irmao-silva"],"_links":{"self":[{"href":"https:\/\/aconteceunovale.com.br\/portal\/index.php?rest_route=\/wp\/v2\/posts\/82871","targetHints":{"allow":["GET"]}}],"collection":[{"href":"https:\/\/aconteceunovale.com.br\/portal\/index.php?rest_route=\/wp\/v2\/posts"}],"about":[{"href":"https:\/\/aconteceunovale.com.br\/portal\/index.php?rest_route=\/wp\/v2\/types\/post"}],"author":[{"embeddable":true,"href":"https:\/\/aconteceunovale.com.br\/portal\/index.php?rest_route=\/wp\/v2\/users\/1"}],"replies":[{"embeddable":true,"href":"https:\/\/aconteceunovale.com.br\/portal\/index.php?rest_route=%2Fwp%2Fv2%2Fcomments&post=82871"}],"version-history":[{"count":0,"href":"https:\/\/aconteceunovale.com.br\/portal\/index.php?rest_route=\/wp\/v2\/posts\/82871\/revisions"}],"wp:featuredmedia":[{"embeddable":true,"href":"https:\/\/aconteceunovale.com.br\/portal\/index.php?rest_route=\/wp\/v2\/media\/82873"}],"wp:attachment":[{"href":"https:\/\/aconteceunovale.com.br\/portal\/index.php?rest_route=%2Fwp%2Fv2%2Fmedia&parent=82871"}],"wp:term":[{"taxonomy":"category","embeddable":true,"href":"https:\/\/aconteceunovale.com.br\/portal\/index.php?rest_route=%2Fwp%2Fv2%2Fcategories&post=82871"},{"taxonomy":"post_tag","embeddable":true,"href":"https:\/\/aconteceunovale.com.br\/portal\/index.php?rest_route=%2Fwp%2Fv2%2Ftags&post=82871"}],"curies":[{"name":"wp","href":"https:\/\/api.w.org\/{rel}","templated":true}]}}