{"id":82725,"date":"2016-03-25T17:34:04","date_gmt":"2016-03-25T20:34:04","guid":{"rendered":"http:\/\/aconteceunovale.com.br\/portal\/?p=82725"},"modified":"2016-03-25T23:45:04","modified_gmt":"2016-03-26T02:45:04","slug":"adolescente-morre-afogado-no-rio-sao-francisco-em-pirapora","status":"publish","type":"post","link":"https:\/\/aconteceunovale.com.br\/portal\/?p=82725","title":{"rendered":"Adolescentes se afogam no Rio S\u00e3o Francisco, em Pirapora"},"content":{"rendered":"<p>Uma manh\u00e3 de feriado \u00e0s margens do rio S\u00e3o Francisco, em Pirapora, no Norte de Minas, se transformou em trag\u00e9dia para uma fam\u00edlia nesta sexta-feira (25\/3). Lucas Tawan Sena Moreira, de 12 anos morreu afogado e uma prima dele, identificada como Vit\u00f3ria Aneana Martins Ara\u00fajo, de 13 anos, est\u00e1 desaparecida. Carlos Alexandre Lopes Costa, de 45 anos, tentou salvar os sobrinhos e tamb\u00e9m ficou ferido.<\/p>\n<p>O 2\u00aa pelot\u00e3o do Corpo de Bombeiros recebeu o chamado por volta de meio-dia e se deslocou para a &#8220;praia do Arei\u00e3o&#8221;. Testemunhas j\u00e1 tinham retirado o garoto e o tio dele da \u00e1gua. Eles passaram por procedimentos de emerg\u00eancia. Lucas Tawan n\u00e3o resistiu \u00e0 tentativa de reanima\u00e7\u00e3o e veio a \u00f3bito no local ap\u00f3s uma parada cardiorrespirat\u00f3ria.<\/p>\n<p>Carlos Alexandre foi encaminhado para o Pronto-Socorro do Hospital Municipal Doutor Mois\u00e9s Magalh\u00e3es Freire e passa bem. Durante o restante do dia, os bombeiros realizaram buscas no Rio S\u00e3o Francisco \u00e0 procura do corpo de Vit\u00f3ria, mas n\u00e3o conseguiu localiz\u00e1-lo. No in\u00edcio da noite, as buscas foram suspensas e v\u00e3o recome\u00e7ar na manh\u00e3 deste s\u00e1bado. <\/p>\n<p>O trecho costuma ter correnteza forte, mas como n\u00e3o choveu nos \u00faltimos dias, o rio estava com vaz\u00e3o baixa. Uma placa instalada no local alerta sobre o risco de afogamentos, mas n\u00e3o havia a presen\u00e7a de guardas salva-vidas.<\/p>\n<p>Lucas Tawan e Vit\u00f3ria Aneana moravam em Pirapora. J\u00e1 Carlos Alexandre trabalha em Bras\u00edlia e estava em Pirapora para passar o feriado da semana santa com familiares.<\/p>\n<p><img decoding=\"async\" src=\"http:\/\/aconteceunovale.com.br\/portal\/wp-content\/uploads\/2016\/03\/afogamento_pirapora1.jpg\" alt=\"\" \/><em>V\u00edtimas nadavam em um local conhecido como Arei\u00e3o (Foto: Reprodu\u00e7\u00e3o \/ WhatsApp)<\/em><br \/>\n<\/br><\/p>\n<p><img decoding=\"async\" src=\"http:\/\/aconteceunovale.com.br\/portal\/wp-content\/uploads\/2016\/03\/afogamento_pirapora_1.jpg\" alt=\"\" \/><em>V\u00edtimas nadavam em um local conhecido como Arei\u00e3o (Foto: Reprodu\u00e7\u00e3o \/ WhatsApp)<\/em><br \/>\n<\/br><\/p>\n<p><img decoding=\"async\" src=\"http:\/\/aconteceunovale.com.br\/portal\/wp-content\/uploads\/2016\/03\/afogamento_pirapora_2.jpg\" alt=\"\" \/><em>V\u00edtimas nadavam em um local conhecido como Arei\u00e3o (Foto: Reprodu\u00e7\u00e3o \/ WhatsApp)<\/em><br \/>\n<\/br><\/p>\n<p><em>(Fonte: R7 \/ Estado de Minas)<\/em><\/p>\n","protected":false},"excerpt":{"rendered":"<p>Uma manh\u00e3 de feriado \u00e0s margens do rio S\u00e3o Francisco, em Pirapora, no Norte de Minas, se transformou em trag\u00e9dia para uma fam\u00edlia nesta sexta-feira (25\/3). Lucas Tawan Sena Moreira, de 12 anos morreu afogado e uma prima dele, identificada como Vit\u00f3ria Aneana Martins Ara\u00fajo, de 13 anos, est\u00e1 desaparecida. Carlos Alexandre Lopes Costa, de [&hellip;]<\/p>\n","protected":false},"author":1,"featured_media":82765,"comment_status":"open","ping_status":"closed","sticky":false,"template":"","format":"standard","meta":{"amp_status":"","footnotes":""},"categories":[1236],"tags":[85012,85014,85034,85033,85011,85041,85008,85009,85039,85064,85013,85062,85010,85040,254,85038,85063],"class_list":["post-82725","post","type-post","status-publish","format-standard","has-post-thumbnail","hentry","category-norte_de_minas","tag-adolescente-morre-afogado-no-rio-sao-francisco","tag-adolescente-morre-afogado-no-rio-sao-francisco-em-pirapora","tag-adolescentes-se-afogam-no-rio-sao-francisco","tag-adolescentes-se-afogam-no-rio-sao-francisco-em-pirapora","tag-afogado-em-pirapora","tag-afogados-na-praia-do-areiao","tag-afogamento-em-pirapora","tag-afogamento-no-rio-sao-francisco-em-pirapora","tag-afogamento-praia-do-areiao","tag-carlos-alexandre-lopes-costa","tag-em-pirapora","tag-lucas-tawan-sena-moreira","tag-morre-afogado-em-pirapora","tag-morte-na-praia-do-areiao","tag-pirapora","tag-praia-do-areiao","tag-vitoria-aneana-martins-araujo"],"_links":{"self":[{"href":"https:\/\/aconteceunovale.com.br\/portal\/index.php?rest_route=\/wp\/v2\/posts\/82725","targetHints":{"allow":["GET"]}}],"collection":[{"href":"https:\/\/aconteceunovale.com.br\/portal\/index.php?rest_route=\/wp\/v2\/posts"}],"about":[{"href":"https:\/\/aconteceunovale.com.br\/portal\/index.php?rest_route=\/wp\/v2\/types\/post"}],"author":[{"embeddable":true,"href":"https:\/\/aconteceunovale.com.br\/portal\/index.php?rest_route=\/wp\/v2\/users\/1"}],"replies":[{"embeddable":true,"href":"https:\/\/aconteceunovale.com.br\/portal\/index.php?rest_route=%2Fwp%2Fv2%2Fcomments&post=82725"}],"version-history":[{"count":0,"href":"https:\/\/aconteceunovale.com.br\/portal\/index.php?rest_route=\/wp\/v2\/posts\/82725\/revisions"}],"wp:featuredmedia":[{"embeddable":true,"href":"https:\/\/aconteceunovale.com.br\/portal\/index.php?rest_route=\/wp\/v2\/media\/82765"}],"wp:attachment":[{"href":"https:\/\/aconteceunovale.com.br\/portal\/index.php?rest_route=%2Fwp%2Fv2%2Fmedia&parent=82725"}],"wp:term":[{"taxonomy":"category","embeddable":true,"href":"https:\/\/aconteceunovale.com.br\/portal\/index.php?rest_route=%2Fwp%2Fv2%2Fcategories&post=82725"},{"taxonomy":"post_tag","embeddable":true,"href":"https:\/\/aconteceunovale.com.br\/portal\/index.php?rest_route=%2Fwp%2Fv2%2Ftags&post=82725"}],"curies":[{"name":"wp","href":"https:\/\/api.w.org\/{rel}","templated":true}]}}