{"id":82722,"date":"2016-03-25T17:28:05","date_gmt":"2016-03-25T20:28:05","guid":{"rendered":"http:\/\/aconteceunovale.com.br\/portal\/?p=82722"},"modified":"2016-03-25T17:28:05","modified_gmt":"2016-03-25T20:28:05","slug":"carreta-carregada-de-banana-tomba-e-interdita-a-br-365-no-norte-de-minas","status":"publish","type":"post","link":"https:\/\/aconteceunovale.com.br\/portal\/?p=82722","title":{"rendered":"Carreta carregada de banana tomba e interdita a BR-365, no Norte de Minas"},"content":{"rendered":"<p>Uma carreta carregada de banana tombou na noite dessa quinta-feira, 24 de mar\u00e7o, na BR-365, em Jequita\u00ed, no Norte de Minas. De acordo com a Pol\u00edcia Rodovi\u00e1ria Federal (PRF), a pista ficou interditada at\u00e9 a manh\u00e3 desta sexta-feira e formou um grande congestionamento. <\/p>\n<p>Ainda segundo a PRF, o motorista da carreta n\u00e3o teve ferimentos. As causas do acidente ser\u00e3o apuradas.<\/p>\n<p><img decoding=\"async\" src=\"http:\/\/aconteceunovale.com.br\/portal\/wp-content\/uploads\/2016\/03\/acidente_banana.jpg\" alt=\"\" \/><em>Pista permanece parcialmente interditada (Foto: Michelly Oda \/ G1)<\/em><br \/>\n<\/br><\/p>\n<p>(G1 Grande Minas)<\/p>\n","protected":false},"excerpt":{"rendered":"<p>Uma carreta carregada de banana tombou na noite dessa quinta-feira, 24 de mar\u00e7o, na BR-365, em Jequita\u00ed, no Norte de Minas. De acordo com a Pol\u00edcia Rodovi\u00e1ria Federal (PRF), a pista ficou interditada at\u00e9 a manh\u00e3 desta sexta-feira e formou um grande congestionamento. Ainda segundo a PRF, o motorista da carreta n\u00e3o teve ferimentos. As [&hellip;]<\/p>\n","protected":false},"author":1,"featured_media":82723,"comment_status":"open","ping_status":"closed","sticky":false,"template":"","format":"standard","meta":{"amp_status":"","footnotes":""},"categories":[1236],"tags":[85006,85007,41514,85005,85004,3724],"class_list":["post-82722","post","type-post","status-publish","format-standard","has-post-thumbnail","hentry","category-norte_de_minas","tag-acidente-carreta-de-banana-jequitai","tag-acidente-carreta-de-banana-na-br-365-em-jequitai","tag-acidente-em-jequitai","tag-carreta-carregada-de-banana-tomba-e-interdita-a-br-365-em-jequitai","tag-carreta-carregada-de-banana-tomba-e-interdita-a-br-365-no-norte-de-minas","tag-jequitai"],"_links":{"self":[{"href":"https:\/\/aconteceunovale.com.br\/portal\/index.php?rest_route=\/wp\/v2\/posts\/82722","targetHints":{"allow":["GET"]}}],"collection":[{"href":"https:\/\/aconteceunovale.com.br\/portal\/index.php?rest_route=\/wp\/v2\/posts"}],"about":[{"href":"https:\/\/aconteceunovale.com.br\/portal\/index.php?rest_route=\/wp\/v2\/types\/post"}],"author":[{"embeddable":true,"href":"https:\/\/aconteceunovale.com.br\/portal\/index.php?rest_route=\/wp\/v2\/users\/1"}],"replies":[{"embeddable":true,"href":"https:\/\/aconteceunovale.com.br\/portal\/index.php?rest_route=%2Fwp%2Fv2%2Fcomments&post=82722"}],"version-history":[{"count":0,"href":"https:\/\/aconteceunovale.com.br\/portal\/index.php?rest_route=\/wp\/v2\/posts\/82722\/revisions"}],"wp:featuredmedia":[{"embeddable":true,"href":"https:\/\/aconteceunovale.com.br\/portal\/index.php?rest_route=\/wp\/v2\/media\/82723"}],"wp:attachment":[{"href":"https:\/\/aconteceunovale.com.br\/portal\/index.php?rest_route=%2Fwp%2Fv2%2Fmedia&parent=82722"}],"wp:term":[{"taxonomy":"category","embeddable":true,"href":"https:\/\/aconteceunovale.com.br\/portal\/index.php?rest_route=%2Fwp%2Fv2%2Fcategories&post=82722"},{"taxonomy":"post_tag","embeddable":true,"href":"https:\/\/aconteceunovale.com.br\/portal\/index.php?rest_route=%2Fwp%2Fv2%2Ftags&post=82722"}],"curies":[{"name":"wp","href":"https:\/\/api.w.org\/{rel}","templated":true}]}}