{"id":82663,"date":"2016-03-24T20:02:03","date_gmt":"2016-03-24T23:02:03","guid":{"rendered":"http:\/\/aconteceunovale.com.br\/portal\/?p=82663"},"modified":"2016-03-24T20:02:03","modified_gmt":"2016-03-24T23:02:03","slug":"policia-militar-apreende-49-veiculos-durante-operacao-em-montes-claros","status":"publish","type":"post","link":"https:\/\/aconteceunovale.com.br\/portal\/?p=82663","title":{"rendered":"Pol\u00edcia Militar apreende 49 ve\u00edculos durante opera\u00e7\u00e3o em Montes Claros"},"content":{"rendered":"<p>Quarenta e nove ve\u00edculos, sendo 38 motos e 11 autom\u00f3veis, foram apreendidos durante uma fiscaliza\u00e7\u00e3o de tr\u00e2nsito realizada pela Pol\u00edcia Militar (PM) nesta quarta-feira (23\/3) em Montes Claros, no Norte de Minas Gerais.<\/p>\n<p>De acordo com o tenente Marcos Vinicius Pereira, a opera\u00e7\u00e3o contribui para a preven\u00e7\u00e3o da criminalidade \u00e0s v\u00e9speras no feriado da Semana Santa.<\/p>\n<p>O militar afirma ainda que a fiscaliza\u00e7\u00e3o resultou no maior n\u00famero de remo\u00e7\u00f5es do ano. As principais irregularidades verificadas foram a falta de pagamento do licenciamento e dirigir sem Carteira Nacional de Habilita\u00e7\u00e3o. A PM emitiu 153 autos de infra\u00e7\u00e3o.<\/p>\n<p><img decoding=\"async\" src=\"http:\/\/aconteceunovale.com.br\/portal\/wp-content\/uploads\/2016\/03\/apreensoes_moc_veiculos.jpg\" alt=\"\" \/><em>Apreens\u00f5es foram feitas durante fiscaliza\u00e7\u00f5es (Foto: Divulga\u00e7\u00e3o \/ Pol\u00edcia Militar)<\/em><br \/>\n<\/br><\/p>\n<p>(G1 Grande Minas)<\/p>\n","protected":false},"excerpt":{"rendered":"<p>Quarenta e nove ve\u00edculos, sendo 38 motos e 11 autom\u00f3veis, foram apreendidos durante uma fiscaliza\u00e7\u00e3o de tr\u00e2nsito realizada pela Pol\u00edcia Militar (PM) nesta quarta-feira (23\/3) em Montes Claros, no Norte de Minas Gerais. De acordo com o tenente Marcos Vinicius Pereira, a opera\u00e7\u00e3o contribui para a preven\u00e7\u00e3o da criminalidade \u00e0s v\u00e9speras no feriado da Semana [&hellip;]<\/p>\n","protected":false},"author":1,"featured_media":82664,"comment_status":"open","ping_status":"closed","sticky":false,"template":"","format":"standard","meta":{"amp_status":"","footnotes":""},"categories":[1236],"tags":[84932,210,84930,84931],"class_list":["post-82663","post","type-post","status-publish","format-standard","has-post-thumbnail","hentry","category-norte_de_minas","tag-apreensao-de-veiculos-em-montes-claros","tag-montes-claros","tag-policia-militar-apreende-49-veiculos-durante-operacao-em-montes-claros","tag-veiculos-apreendidos-em-montes-claros"],"_links":{"self":[{"href":"https:\/\/aconteceunovale.com.br\/portal\/index.php?rest_route=\/wp\/v2\/posts\/82663","targetHints":{"allow":["GET"]}}],"collection":[{"href":"https:\/\/aconteceunovale.com.br\/portal\/index.php?rest_route=\/wp\/v2\/posts"}],"about":[{"href":"https:\/\/aconteceunovale.com.br\/portal\/index.php?rest_route=\/wp\/v2\/types\/post"}],"author":[{"embeddable":true,"href":"https:\/\/aconteceunovale.com.br\/portal\/index.php?rest_route=\/wp\/v2\/users\/1"}],"replies":[{"embeddable":true,"href":"https:\/\/aconteceunovale.com.br\/portal\/index.php?rest_route=%2Fwp%2Fv2%2Fcomments&post=82663"}],"version-history":[{"count":0,"href":"https:\/\/aconteceunovale.com.br\/portal\/index.php?rest_route=\/wp\/v2\/posts\/82663\/revisions"}],"wp:featuredmedia":[{"embeddable":true,"href":"https:\/\/aconteceunovale.com.br\/portal\/index.php?rest_route=\/wp\/v2\/media\/82664"}],"wp:attachment":[{"href":"https:\/\/aconteceunovale.com.br\/portal\/index.php?rest_route=%2Fwp%2Fv2%2Fmedia&parent=82663"}],"wp:term":[{"taxonomy":"category","embeddable":true,"href":"https:\/\/aconteceunovale.com.br\/portal\/index.php?rest_route=%2Fwp%2Fv2%2Fcategories&post=82663"},{"taxonomy":"post_tag","embeddable":true,"href":"https:\/\/aconteceunovale.com.br\/portal\/index.php?rest_route=%2Fwp%2Fv2%2Ftags&post=82663"}],"curies":[{"name":"wp","href":"https:\/\/api.w.org\/{rel}","templated":true}]}}