{"id":82653,"date":"2016-03-24T19:27:37","date_gmt":"2016-03-24T22:27:37","guid":{"rendered":"http:\/\/aconteceunovale.com.br\/portal\/?p=82653"},"modified":"2016-03-24T19:27:37","modified_gmt":"2016-03-24T22:27:37","slug":"homem-e-assassinado-a-facadas-dentro-de-bar-em-galileia","status":"publish","type":"post","link":"https:\/\/aconteceunovale.com.br\/portal\/?p=82653","title":{"rendered":"Homem \u00e9 assassinado a facadas dentro de bar em Galileia"},"content":{"rendered":"<p>Um homem de 43 anos foi morto a facadas na noite dessa quarta-feira, 23 de mar\u00e7o, em Galileia, na regi\u00e3o do Vale do Rio Doce. Ele foi atingido no t\u00f3rax.<\/p>\n<p>A Pol\u00edcia Civil informou que o homem estava em um bar quando foi atacado. O suspeito do crime fugiu do local e ainda n\u00e3o foi localizado. A pol\u00edcia n\u00e3o informou qual seria a motiva\u00e7\u00e3o do homic\u00eddio. A v\u00edtima chegou a ser socorrida pela Pol\u00edcia Militar, mas morreu ao dar entrada no hospital da cidade.<\/p>\n<p>O corpo dele foi encaminhado ao Instituto M\u00e9dico Legal de Governador Valadares. O crime \u00e9 investigado pela Pol\u00edcia. (G1)<\/p>\n","protected":false},"excerpt":{"rendered":"<p>Um homem de 43 anos foi morto a facadas na noite dessa quarta-feira, 23 de mar\u00e7o, em Galileia, na regi\u00e3o do Vale do Rio Doce. Ele foi atingido no t\u00f3rax. A Pol\u00edcia Civil informou que o homem estava em um bar quando foi atacado. O suspeito do crime fugiu do local e ainda n\u00e3o foi [&hellip;]<\/p>\n","protected":false},"author":1,"featured_media":72908,"comment_status":"open","ping_status":"closed","sticky":false,"template":"","format":"standard","meta":{"amp_status":"","footnotes":""},"categories":[121],"tags":[84923,84922,84920,292,84918,84919,84921],"class_list":["post-82653","post","type-post","status-publish","format-standard","has-post-thumbnail","hentry","category-leste","tag-assassinado-a-facadas-dentro-de-bar-em-galileia","tag-assassinado-dentro-de-bar-em-galileia","tag-assassinato-galileia","tag-galileia","tag-homem-e-assassinado-a-facadas-dentro-de-bar-em-galileia","tag-homicidio-galileia","tag-morto-dentro-de-bar-em-galileia"],"_links":{"self":[{"href":"https:\/\/aconteceunovale.com.br\/portal\/index.php?rest_route=\/wp\/v2\/posts\/82653","targetHints":{"allow":["GET"]}}],"collection":[{"href":"https:\/\/aconteceunovale.com.br\/portal\/index.php?rest_route=\/wp\/v2\/posts"}],"about":[{"href":"https:\/\/aconteceunovale.com.br\/portal\/index.php?rest_route=\/wp\/v2\/types\/post"}],"author":[{"embeddable":true,"href":"https:\/\/aconteceunovale.com.br\/portal\/index.php?rest_route=\/wp\/v2\/users\/1"}],"replies":[{"embeddable":true,"href":"https:\/\/aconteceunovale.com.br\/portal\/index.php?rest_route=%2Fwp%2Fv2%2Fcomments&post=82653"}],"version-history":[{"count":0,"href":"https:\/\/aconteceunovale.com.br\/portal\/index.php?rest_route=\/wp\/v2\/posts\/82653\/revisions"}],"wp:featuredmedia":[{"embeddable":true,"href":"https:\/\/aconteceunovale.com.br\/portal\/index.php?rest_route=\/wp\/v2\/media\/72908"}],"wp:attachment":[{"href":"https:\/\/aconteceunovale.com.br\/portal\/index.php?rest_route=%2Fwp%2Fv2%2Fmedia&parent=82653"}],"wp:term":[{"taxonomy":"category","embeddable":true,"href":"https:\/\/aconteceunovale.com.br\/portal\/index.php?rest_route=%2Fwp%2Fv2%2Fcategories&post=82653"},{"taxonomy":"post_tag","embeddable":true,"href":"https:\/\/aconteceunovale.com.br\/portal\/index.php?rest_route=%2Fwp%2Fv2%2Ftags&post=82653"}],"curies":[{"name":"wp","href":"https:\/\/api.w.org\/{rel}","templated":true}]}}