{"id":82528,"date":"2016-03-23T17:22:10","date_gmt":"2016-03-23T20:22:10","guid":{"rendered":"http:\/\/aconteceunovale.com.br\/portal\/?p=82528"},"modified":"2016-03-23T17:22:10","modified_gmt":"2016-03-23T20:22:10","slug":"operacao-santa-paz-prende-sete-pessoas-em-montes-claros","status":"publish","type":"post","link":"https:\/\/aconteceunovale.com.br\/portal\/?p=82528","title":{"rendered":"Opera\u00e7\u00e3o &#8220;Santa Paz&#8221; prende sete pessoas em Montes Claros"},"content":{"rendered":"<p>Sete homens foram presos na opera\u00e7\u00e3o \u201cSanta Paz\u201d realizada pela Pol\u00edcia Civil, nesta quarta-feira (23\/3), em Montes Claros. Segundo as investiga\u00e7\u00f5es, eles t\u00eam envolvimento em tr\u00eas tentativas de homic\u00eddio ocorridas no ano passado. O delegado Bruno Rezende, que coordenou o trabalho, afirma que todos os crimes t\u00eam rela\u00e7\u00e3o com o tr\u00e1fico de drogas.<\/p>\n<p>\u201cH\u00e1 uma disputa violenta entre traficantes rivais por espa\u00e7o e poder, que tem repercutido no aumento da viol\u00eancia nos bairros onde ocorre intensa trafic\u00e2ncia. A Pol\u00edcia Civil atua no sentido de pacificar essas regi\u00f5es e no intuito de que os autores n\u00e3o se enfrentem, percebemos, por exemplo, casos nos quais houve retalia\u00e7\u00e3o por outra tentativa de homic\u00eddio ocorrida\u201d, explica o delegado.<\/p>\n<p><img decoding=\"async\" src=\"http:\/\/aconteceunovale.com.br\/portal\/wp-content\/uploads\/2016\/03\/operacao_santa_paz.jpg\" alt=\"\" \/><em>Alguns dos envolvidos j\u00e1 estavam presos por outros crimes (Foto: Michelly Oda \/ G1)<\/em><br \/>\n<\/br><\/p>\n<p><strong>Irm\u00e3os presos<\/strong><\/p>\n<p>No Bairro Cintra, a PC prendeu os irm\u00e3os Lucas Silva e Edilson dos Santos J\u00fanior, de 22 e 25 anos, que est\u00e3o envolvidos em um crime ocorrido no Jardim Alvorada, em 10 de outubro. A PC investiga se a tentativa de homic\u00eddio foi motivada por vingan\u00e7a, j\u00e1 que a v\u00edtima, que est\u00e1 presa por tr\u00e1fico, teria atirado contra os dois. A dupla tem passagens e o pai deles cumpre pena por tr\u00e1fico de drogas<\/p>\n<p>\u201cH\u00e1 indica\u00e7\u00f5es de que os filhos continuem na trafic\u00e2ncia, n\u00e3o podemos dizer se isso \u00e9 em decorr\u00eancia da fam\u00edlia, mas todos t\u00eam envolvimento com crimes e essa situa\u00e7\u00e3o atinge diretamente a fam\u00edlia, nesse caso, com pris\u00f5es\u201d, fala Bruno Rezende.<\/p>\n<p>Durante o cumprimento do mandado, a m\u00e3e dos homens disse que eles s\u00e3o inocentes e mostrou marcas de tiros em um port\u00e3o, que teriam sido disparados contra os dois. Com medo, ela disse que preferiu n\u00e3o procurar pela pol\u00edcia.<\/p>\n<p>As investiga\u00e7\u00f5es apontam que os irm\u00e3os agiram juntos com Robert Alves e Alexandre Henrique, de 20 e 21 anos. O primeiro j\u00e1 foi alvo de uma tentativa de homic\u00eddio em sete de agosto, que acabou com tr\u00eas pessoas atingidas. Eles j\u00e1 foram detidos por tr\u00e1fico, uso de drogas, agress\u00e3o e por dirigir sem CNH, roubo e porte ilegal de arma. <\/p>\n<p><strong>Crime no Bairro Santa L\u00facia<\/strong><\/p>\n<p>A PC tamb\u00e9m prendeu Jos\u00e9 Maik Coutinho, de 23 anos, e Erivaldo Ferreira, de 19, investigados por tentar matar um rapaz, de 22, no Bairro Santa L\u00facia em dois de agosto. O primeiro j\u00e1 cumpre pena por homic\u00eddio e foi preso recentemente em outra opera\u00e7\u00e3o, ele tem ainda passagem por tr\u00e1fico, amea\u00e7a, les\u00e3o corporal, porte ilegal de arma, resist\u00eancia, desacato, desobedi\u00eancia e por dirigir sem CNH.<\/p>\n<p><strong>Crime na Vila Atl\u00e2ndida<\/strong><\/p>\n<p>Ainda na opera\u00e7\u00e3o tamb\u00e9m foi cumprido um mandado de pris\u00e3o contra Carlos Andr\u00e9 Silva, de 22 anos, por uma tentativa de homic\u00eddio ocorrida em 25 de dezembro, na Vila Atl\u00e2ntida. Ele tem v\u00e1rias passagens pela pol\u00edcia, entre elas porte ilegal de arma, tr\u00e1fico, tentativa de homic\u00eddio, amea\u00e7a, recepta\u00e7\u00e3o e dire\u00e7\u00e3o perigosa.<\/p>\n<p><strong>Mais opera\u00e7\u00f5es<\/strong><\/p>\n<p>\u201cVila Atl\u00e2ntida, Cintra, Santo Ant\u00f4nio, Vila Telma, Jardim Palmeiras s\u00e3o bairros que tem sofrido diuturnamente com a viol\u00eancia e o tr\u00e1fico de drogas, a pol\u00edcia civil interv\u00e9m para que haja um controle da criminalidade. \u00c9 preciso ter um trabalho contundente para que as pessoas entendam que a valoriza\u00e7\u00e3o da vida \u00e9 o foco da delegacia, novas opera\u00e7\u00e3o nesta din\u00e2mica ser\u00e3o realizadas para que outros autores de homic\u00eddios sejam presos\u201d, destaca Bruno Rezende.<\/p>\n<p><em>(Fonte: G1 Grande Minas)<\/em><\/p>\n","protected":false},"excerpt":{"rendered":"<p>Sete homens foram presos na opera\u00e7\u00e3o \u201cSanta Paz\u201d realizada pela Pol\u00edcia Civil, nesta quarta-feira (23\/3), em Montes Claros. Segundo as investiga\u00e7\u00f5es, eles t\u00eam envolvimento em tr\u00eas tentativas de homic\u00eddio ocorridas no ano passado. O delegado Bruno Rezende, que coordenou o trabalho, afirma que todos os crimes t\u00eam rela\u00e7\u00e3o com o tr\u00e1fico de drogas. \u201cH\u00e1 uma [&hellip;]<\/p>\n","protected":false},"author":1,"featured_media":82529,"comment_status":"open","ping_status":"closed","sticky":false,"template":"","format":"standard","meta":{"amp_status":"","footnotes":""},"categories":[1236],"tags":[84623,68567,84626,84620,84621,84625,84624,11466,210,84617,84627,57790,84618,84619,84622,2549],"class_list":["post-82528","post","type-post","status-publish","format-standard","has-post-thumbnail","hentry","category-norte_de_minas","tag-alexandre-henrique","tag-bruno-rezende","tag-carlos-andre-silva","tag-disputa-trafico-de-drogas-montes-claros","tag-edilson-dos-santos-junior","tag-erivaldo-ferreira","tag-jose-maik-coutinh","tag-lucas-silva","tag-montes-claros","tag-operacao-santa-paz-montes-claros","tag-operacao-santa-paz-prende-sete-pessoas-em-montes-claros","tag-presos-em-montes-claros","tag-presos-na-operacao-santa-paz-montes-claros","tag-resultado-da-operacao-santa-paz-montes-claros","tag-robert-alves","tag-trafico-de-drogas-em-montes-claros"],"_links":{"self":[{"href":"https:\/\/aconteceunovale.com.br\/portal\/index.php?rest_route=\/wp\/v2\/posts\/82528","targetHints":{"allow":["GET"]}}],"collection":[{"href":"https:\/\/aconteceunovale.com.br\/portal\/index.php?rest_route=\/wp\/v2\/posts"}],"about":[{"href":"https:\/\/aconteceunovale.com.br\/portal\/index.php?rest_route=\/wp\/v2\/types\/post"}],"author":[{"embeddable":true,"href":"https:\/\/aconteceunovale.com.br\/portal\/index.php?rest_route=\/wp\/v2\/users\/1"}],"replies":[{"embeddable":true,"href":"https:\/\/aconteceunovale.com.br\/portal\/index.php?rest_route=%2Fwp%2Fv2%2Fcomments&post=82528"}],"version-history":[{"count":0,"href":"https:\/\/aconteceunovale.com.br\/portal\/index.php?rest_route=\/wp\/v2\/posts\/82528\/revisions"}],"wp:featuredmedia":[{"embeddable":true,"href":"https:\/\/aconteceunovale.com.br\/portal\/index.php?rest_route=\/wp\/v2\/media\/82529"}],"wp:attachment":[{"href":"https:\/\/aconteceunovale.com.br\/portal\/index.php?rest_route=%2Fwp%2Fv2%2Fmedia&parent=82528"}],"wp:term":[{"taxonomy":"category","embeddable":true,"href":"https:\/\/aconteceunovale.com.br\/portal\/index.php?rest_route=%2Fwp%2Fv2%2Fcategories&post=82528"},{"taxonomy":"post_tag","embeddable":true,"href":"https:\/\/aconteceunovale.com.br\/portal\/index.php?rest_route=%2Fwp%2Fv2%2Ftags&post=82528"}],"curies":[{"name":"wp","href":"https:\/\/api.w.org\/{rel}","templated":true}]}}