{"id":82526,"date":"2016-03-23T17:07:36","date_gmt":"2016-03-23T20:07:36","guid":{"rendered":"http:\/\/aconteceunovale.com.br\/portal\/?p=82526"},"modified":"2016-03-23T17:07:36","modified_gmt":"2016-03-23T20:07:36","slug":"jovem-e-assassinado-dentro-de-barbearia-em-coronel-fabriciano","status":"publish","type":"post","link":"https:\/\/aconteceunovale.com.br\/portal\/?p=82526","title":{"rendered":"Jovem \u00e9 assassinado dentro de barbearia em Coronel Fabriciano"},"content":{"rendered":"<p>Um rapaz de 19 anos foi morto a tiros na tarde desta ter\u00e7a-feira (22\/3) no Bairro Santa Cruz, em Coronel Fabriciano, no Vale do A\u00e7o. Segundo a Pol\u00edcia Militar (PM), o ajudante de marcenaria Tulio Lima Reis foi surpreendido por dois suspeitos armados quando estava em uma barbearia da Rua Bol\u00edvia.<\/p>\n<p>Ainda segundo os militares, testemunhas relataram ter visto dois homens fugindo em uma bicicleta ap\u00f3s o fato. <\/p>\n<p>A Per\u00edcia T\u00e9cnica da Pol\u00edcia Civil foi acionada e ap\u00f3s os trabalhos de praxe, o corpo da v\u00edtima foi encaminhado para a unidade do Instituto M\u00e9dico Legal (IML). A v\u00edtima n\u00e3o tinha passagens pela pol\u00edcia e a PM ainda n\u00e3o sabe qual foi o motivo do crime.<\/p>\n","protected":false},"excerpt":{"rendered":"<p>Um rapaz de 19 anos foi morto a tiros na tarde desta ter\u00e7a-feira (22\/3) no Bairro Santa Cruz, em Coronel Fabriciano, no Vale do A\u00e7o. Segundo a Pol\u00edcia Militar (PM), o ajudante de marcenaria Tulio Lima Reis foi surpreendido por dois suspeitos armados quando estava em uma barbearia da Rua Bol\u00edvia. Ainda segundo os militares, [&hellip;]<\/p>\n","protected":false},"author":1,"featured_media":47780,"comment_status":"open","ping_status":"closed","sticky":false,"template":"","format":"standard","meta":{"amp_status":"","footnotes":""},"categories":[121],"tags":[84613,82085,84614,82084,84612,84616,84615,84611],"class_list":["post-82526","post","type-post","status-publish","format-standard","has-post-thumbnail","hentry","category-leste","tag-assassinado-coronel-fabriciano","tag-assassinato-coronel-fabriciano","tag-homicidio-barbearia-coronel-fabriciano","tag-homicidio-coronel-fabriciano","tag-homicidio-tulio-lima-reis","tag-jovem-e-assassinado-dentro-de-barbearia-em-coronel-fabriciano","tag-morto-em-barbearia-coronel-fabriciano","tag-tulio-lima-reis"],"_links":{"self":[{"href":"https:\/\/aconteceunovale.com.br\/portal\/index.php?rest_route=\/wp\/v2\/posts\/82526","targetHints":{"allow":["GET"]}}],"collection":[{"href":"https:\/\/aconteceunovale.com.br\/portal\/index.php?rest_route=\/wp\/v2\/posts"}],"about":[{"href":"https:\/\/aconteceunovale.com.br\/portal\/index.php?rest_route=\/wp\/v2\/types\/post"}],"author":[{"embeddable":true,"href":"https:\/\/aconteceunovale.com.br\/portal\/index.php?rest_route=\/wp\/v2\/users\/1"}],"replies":[{"embeddable":true,"href":"https:\/\/aconteceunovale.com.br\/portal\/index.php?rest_route=%2Fwp%2Fv2%2Fcomments&post=82526"}],"version-history":[{"count":0,"href":"https:\/\/aconteceunovale.com.br\/portal\/index.php?rest_route=\/wp\/v2\/posts\/82526\/revisions"}],"wp:featuredmedia":[{"embeddable":true,"href":"https:\/\/aconteceunovale.com.br\/portal\/index.php?rest_route=\/wp\/v2\/media\/47780"}],"wp:attachment":[{"href":"https:\/\/aconteceunovale.com.br\/portal\/index.php?rest_route=%2Fwp%2Fv2%2Fmedia&parent=82526"}],"wp:term":[{"taxonomy":"category","embeddable":true,"href":"https:\/\/aconteceunovale.com.br\/portal\/index.php?rest_route=%2Fwp%2Fv2%2Fcategories&post=82526"},{"taxonomy":"post_tag","embeddable":true,"href":"https:\/\/aconteceunovale.com.br\/portal\/index.php?rest_route=%2Fwp%2Fv2%2Ftags&post=82526"}],"curies":[{"name":"wp","href":"https:\/\/api.w.org\/{rel}","templated":true}]}}