{"id":82523,"date":"2016-03-23T16:59:14","date_gmt":"2016-03-23T19:59:14","guid":{"rendered":"http:\/\/aconteceunovale.com.br\/portal\/?p=82523"},"modified":"2016-03-23T16:59:14","modified_gmt":"2016-03-23T19:59:14","slug":"teatro-de-governador-valadares-passa-por-reformas","status":"publish","type":"post","link":"https:\/\/aconteceunovale.com.br\/portal\/?p=82523","title":{"rendered":"Teatro de Governador Valadares passa por reformas"},"content":{"rendered":"<p>De portas fechadas h\u00e1 cerca de cinco meses, o Teatro Atiaia vem passando por readequa\u00e7\u00f5es para que possa voltar a receber espet\u00e1culos culturais em Governador Valadares. Em outubro de 2015, o Minist\u00e9rio P\u00fablico interditou o local at\u00e9 que a legisla\u00e7\u00e3o atual sobre a seguran\u00e7a e acessibilidade fosse cumprida. Desde ent\u00e3o algumas obras est\u00e3o sendo realizadas, como o refor\u00e7o da sinaliza\u00e7\u00e3o, constru\u00e7\u00e3o de rampa para cadeirantes, instala\u00e7\u00e3o de corrim\u00e3o nas escadas e aumento do n\u00famero de extintores de inc\u00eandio.<\/p>\n<p>O secret\u00e1rio municipal de cultura, esporte, lazer e juventude, Jo\u00e3o Paulo Cirne, explica que as demandas do teatro foram d\u00edvidas em duas etapas. A primeira, mais barata e mais r\u00e1pida, vem sendo custeada integralmente pela Prefeitura.<\/p>\n<p>\u201cAquilo que era de curto prazo, a gente colocou nessa primeira etapa, que seria com o objetivo de reabertura do teatro. Na segunda etapa, a gente vai atender o restante do pr\u00e9dio e mais uma moderniza\u00e7\u00e3o, tanto do pr\u00e9dio, como do teatro. A\u00ed j\u00e1 prev\u00ea troca do sistema de ar condicionado, coisas mais pesadas, que requerem mais recursos e mais tempo. Ent\u00e3o t\u00e1 sendo finalizado os projetos, para a gente entrar com lei de incentivo, e j\u00e1 tem algumas empresas interessadas em estarem incentivando nesse sentido\u201d, explica o secret\u00e1rio.<\/p>\n<p>Ainda de acordo com Jo\u00e3o Paulo Cirne, no dia 15 deste m\u00eas houve reuni\u00e3o da Secretaria de Cultura com o Minist\u00e9rio P\u00fablico e com o Corpo de Bombeiros, para analisar os trabalhos j\u00e1 feitos. \u201cA gente acordou o seguinte: a gente vai concluir as adequa\u00e7\u00f5es que j\u00e1 estamos fazendo aqui. Nesse mesmo tempo a gente vai estar atualizando os projetos do pr\u00e9dio todo para apresentar ao Corpo de Bombeiros, que tem o compromisso de estar agilizando a an\u00e1lise desses projetos. A\u00ed a gente voltaria com tudo isso ao Minist\u00e9rio P\u00fablico para fechar uma possibilidade de estar reabrindo o teatro\u201d, afirma.<\/p>\n<p>Segundo ele, a previs\u00e3o \u00e9 de que o Teatro Atiaia possa ser reaberto at\u00e9 o fim de abril para n\u00e3o trazer mais preju\u00edzos culturais para a cidade. Em outubro, o teatro foi interditado horas antes de um espet\u00e1culo de dan\u00e7a e \u00e0s v\u00e9speras do Valadares Jazz Festival, de modo que as atra\u00e7\u00f5es precisaram ser transferidas para a Pra\u00e7a dos Pioneiros.  A agenda do teatro estava lotada at\u00e9 dezembro, prejudicando diversos grupos culturais da cidade.<\/p>\n<p>Alisson Souza \u00e9 ator de uma companhia de teatro com 25 anos de hist\u00f3ria em Governador Valadares. Ele conta que o grupo ao qual pertence precisou reagendar espet\u00e1culos que estavam marcados para mar\u00e7o e abril, remarcando-os para o segundo semestre. Apesar disso, ele espera que em breve o palco do Atiaia esteja pronto para receber a classe art\u00edstica da cidade.<\/p>\n<p>\u201cA expectativa est\u00e1 muito grande, tem v\u00e1rios projetos novos nesse ano que a gente quer colocar no teatro, n\u00e3o s\u00f3 o nosso grupo. Espero que a gente consiga usar esse espa\u00e7o, que \u00e9 nosso direito. Como sabemos dessa import\u00e2ncia que tem o teatro de levar cultura e entretenimento pro p\u00fablico de Valadares, a gente precisa dessas medidas cab\u00edveis o mais r\u00e1pido poss\u00edvel para propagar a vida art\u00edstica, propagar a cultura\u201d, destaca o ator.<\/p>\n<p><img decoding=\"async\" src=\"http:\/\/aconteceunovale.com.br\/portal\/wp-content\/uploads\/2016\/03\/reforma_teatro_gv.jpg\" alt=\"\" \/><em>Obras exigidas pelo MP visam adequar teatro \u00e0 legisla\u00e7\u00e3o atual (Foto: S\u00e1vio Scarabelli\/G1)<\/em><br \/>\n<\/br><\/p>\n<p><em>(Fonte: G1 dos Vales)<\/em><\/p>\n","protected":false},"excerpt":{"rendered":"<p>De portas fechadas h\u00e1 cerca de cinco meses, o Teatro Atiaia vem passando por readequa\u00e7\u00f5es para que possa voltar a receber espet\u00e1culos culturais em Governador Valadares. Em outubro de 2015, o Minist\u00e9rio P\u00fablico interditou o local at\u00e9 que a legisla\u00e7\u00e3o atual sobre a seguran\u00e7a e acessibilidade fosse cumprida. Desde ent\u00e3o algumas obras est\u00e3o sendo realizadas, [&hellip;]<\/p>\n","protected":false},"author":1,"featured_media":82524,"comment_status":"open","ping_status":"closed","sticky":false,"template":"","format":"standard","meta":{"amp_status":"","footnotes":""},"categories":[121],"tags":[247,84610,84607,84605,84606,84608,84604,84609],"class_list":["post-82523","post","type-post","status-publish","format-standard","has-post-thumbnail","hentry","category-leste","tag-governador-valadares","tag-joao-paulo-cirne","tag-reforma-teatro-atiaia","tag-reforma-teatro-de-governador-valadares","tag-teatro-atiaia","tag-teatro-atiaia-governador-valadares","tag-teatro-de-governador-valadares","tag-teatro-de-governador-valadares-passa-por-reformas"],"_links":{"self":[{"href":"https:\/\/aconteceunovale.com.br\/portal\/index.php?rest_route=\/wp\/v2\/posts\/82523","targetHints":{"allow":["GET"]}}],"collection":[{"href":"https:\/\/aconteceunovale.com.br\/portal\/index.php?rest_route=\/wp\/v2\/posts"}],"about":[{"href":"https:\/\/aconteceunovale.com.br\/portal\/index.php?rest_route=\/wp\/v2\/types\/post"}],"author":[{"embeddable":true,"href":"https:\/\/aconteceunovale.com.br\/portal\/index.php?rest_route=\/wp\/v2\/users\/1"}],"replies":[{"embeddable":true,"href":"https:\/\/aconteceunovale.com.br\/portal\/index.php?rest_route=%2Fwp%2Fv2%2Fcomments&post=82523"}],"version-history":[{"count":0,"href":"https:\/\/aconteceunovale.com.br\/portal\/index.php?rest_route=\/wp\/v2\/posts\/82523\/revisions"}],"wp:featuredmedia":[{"embeddable":true,"href":"https:\/\/aconteceunovale.com.br\/portal\/index.php?rest_route=\/wp\/v2\/media\/82524"}],"wp:attachment":[{"href":"https:\/\/aconteceunovale.com.br\/portal\/index.php?rest_route=%2Fwp%2Fv2%2Fmedia&parent=82523"}],"wp:term":[{"taxonomy":"category","embeddable":true,"href":"https:\/\/aconteceunovale.com.br\/portal\/index.php?rest_route=%2Fwp%2Fv2%2Fcategories&post=82523"},{"taxonomy":"post_tag","embeddable":true,"href":"https:\/\/aconteceunovale.com.br\/portal\/index.php?rest_route=%2Fwp%2Fv2%2Ftags&post=82523"}],"curies":[{"name":"wp","href":"https:\/\/api.w.org\/{rel}","templated":true}]}}