{"id":82514,"date":"2016-03-23T16:38:17","date_gmt":"2016-03-23T19:38:17","guid":{"rendered":"http:\/\/aconteceunovale.com.br\/portal\/?p=82514"},"modified":"2016-03-23T16:38:17","modified_gmt":"2016-03-23T19:38:17","slug":"dois-homens-sao-presos-por-trafico-de-drogas-em-resplendor","status":"publish","type":"post","link":"https:\/\/aconteceunovale.com.br\/portal\/?p=82514","title":{"rendered":"Dois homens s\u00e3o presos por tr\u00e1fico de drogas em Resplendor"},"content":{"rendered":"<p>Dois homens foram presos na madrugada desta quarta-feira (23\/3) por tr\u00e1fico de drogas em Resplendor, no Leste de Minas. Durante patrulhamento da Pol\u00edcia Militar (PM), o motorista de uma caminhonete demonstrou atitude suspeita, sendo abordado pelos policiais. Inicialmente, o motorista alegou que n\u00e3o estava com as taxas de licenciamento do ano 2015 quitadas e apresentou somente a carteira de habilita\u00e7\u00e3o.<\/p>\n<p>Desconfiados, os militares levantaram mais informa\u00e7\u00f5es sobre o motorista, descobrindo que a CNH apresentada era falsa e que havia um mandado de pris\u00e3o contra ele em aberto. O motorista e o carona, um jovem de 18 anos, j\u00e1 haviam sido presos por tr\u00e1fico de drogas e porte ilegal de arma.<\/p>\n<p>Enquanto aguardavam o guincho para remo\u00e7\u00e3o do ve\u00edculo, a guarni\u00e7\u00e3o presenciou o motorista pedindo ao carona que fosse at\u00e9 a casa de uma terceira pessoa e sumisse com toda a droga que estava l\u00e1. Os policiais foram at\u00e9 a casa mencionada, onde encontraram por\u00e7\u00f5es de maconha e crack, uma balan\u00e7a de precis\u00e3o, embalagens para droga, tr\u00eas rel\u00f3gios de pulso e seis celulares.<\/p>\n<p>Os dois homens e o material apreendido foram encaminhados para a Delegacia Civil de Plant\u00e3o para demais provid\u00eancias.<\/p>\n<p><img decoding=\"async\" src=\"http:\/\/aconteceunovale.com.br\/portal\/wp-content\/uploads\/2016\/03\/apreensao_resplendor.jpg\" alt=\"\" \/><em>Material apreendido com os autores (Foto: Pol\u00edcia Militar \/ G1)<\/em><br \/>\n<\/br><\/p>\n<p>(G1 dos Vales)<\/p>\n","protected":false},"excerpt":{"rendered":"<p>Dois homens foram presos na madrugada desta quarta-feira (23\/3) por tr\u00e1fico de drogas em Resplendor, no Leste de Minas. Durante patrulhamento da Pol\u00edcia Militar (PM), o motorista de uma caminhonete demonstrou atitude suspeita, sendo abordado pelos policiais. Inicialmente, o motorista alegou que n\u00e3o estava com as taxas de licenciamento do ano 2015 quitadas e apresentou [&hellip;]<\/p>\n","protected":false},"author":1,"featured_media":82515,"comment_status":"open","ping_status":"closed","sticky":false,"template":"","format":"standard","meta":{"amp_status":"","footnotes":""},"categories":[121],"tags":[84585,84584,69963,84586,84587,309,84588],"class_list":["post-82514","post","type-post","status-publish","format-standard","has-post-thumbnail","hentry","category-leste","tag-apreensao-de-drogas-em-resplendor","tag-dois-homens-sao-presos-por-trafico-de-drogas-em-resplendor","tag-presos-em-resplendor","tag-presos-pela-pm-em-resplendor","tag-presos-por-trafico-de-drogas-em-resplendor","tag-resplendor","tag-trafico-de-drogas-em-resplendor"],"_links":{"self":[{"href":"https:\/\/aconteceunovale.com.br\/portal\/index.php?rest_route=\/wp\/v2\/posts\/82514","targetHints":{"allow":["GET"]}}],"collection":[{"href":"https:\/\/aconteceunovale.com.br\/portal\/index.php?rest_route=\/wp\/v2\/posts"}],"about":[{"href":"https:\/\/aconteceunovale.com.br\/portal\/index.php?rest_route=\/wp\/v2\/types\/post"}],"author":[{"embeddable":true,"href":"https:\/\/aconteceunovale.com.br\/portal\/index.php?rest_route=\/wp\/v2\/users\/1"}],"replies":[{"embeddable":true,"href":"https:\/\/aconteceunovale.com.br\/portal\/index.php?rest_route=%2Fwp%2Fv2%2Fcomments&post=82514"}],"version-history":[{"count":0,"href":"https:\/\/aconteceunovale.com.br\/portal\/index.php?rest_route=\/wp\/v2\/posts\/82514\/revisions"}],"wp:featuredmedia":[{"embeddable":true,"href":"https:\/\/aconteceunovale.com.br\/portal\/index.php?rest_route=\/wp\/v2\/media\/82515"}],"wp:attachment":[{"href":"https:\/\/aconteceunovale.com.br\/portal\/index.php?rest_route=%2Fwp%2Fv2%2Fmedia&parent=82514"}],"wp:term":[{"taxonomy":"category","embeddable":true,"href":"https:\/\/aconteceunovale.com.br\/portal\/index.php?rest_route=%2Fwp%2Fv2%2Fcategories&post=82514"},{"taxonomy":"post_tag","embeddable":true,"href":"https:\/\/aconteceunovale.com.br\/portal\/index.php?rest_route=%2Fwp%2Fv2%2Ftags&post=82514"}],"curies":[{"name":"wp","href":"https:\/\/api.w.org\/{rel}","templated":true}]}}