{"id":82419,"date":"2016-03-22T22:49:39","date_gmt":"2016-03-23T01:49:39","guid":{"rendered":"http:\/\/aconteceunovale.com.br\/portal\/?p=82419"},"modified":"2016-03-22T22:49:39","modified_gmt":"2016-03-23T01:49:39","slug":"veja-os-nomes-dos-presos-na-26a-fase-da-operacao-lava-jato","status":"publish","type":"post","link":"https:\/\/aconteceunovale.com.br\/portal\/?p=82419","title":{"rendered":"Veja os nomes dos presos na 26\u00aa fase da Opera\u00e7\u00e3o Lava Jato"},"content":{"rendered":"<p>O in\u00edcio da 26\u00aa fase da Opera\u00e7\u00e3o Lava Jato, identificada como Opera\u00e7\u00e3o Xepa, foi autorizada em despacho do juiz S\u00e9rgio Moro, da 13\u00aa Vara Federal Criminal de Curitiba. No documento, o magistrado autoriza a pris\u00e3o preventiva \u2014 sem prazo \u2014 de quatro pessoas.<\/p>\n<p>Hilberto Mascarenhas Alves da Silva Filho e Luiz Eduardo da Rocha Soares foram apontados nas investiga\u00e7\u00f5es como dois dos tr\u00eas chefes do Setor de Opera\u00e7\u00f5es Estruturadas da Odebrecht. Essa divis\u00e3o da empresa operava o pagamento de propinas por meio de contas offshores abertas pelo pr\u00f3prio grupo, sob ordens de outros executivos do Grupo Odebrecht. As planilhas apreendidas pela Pol\u00edcia Federal indicam, ainda, o pagamento de \u201cvultuosas quantidades de dinheiro em esp\u00e9cie no Brasil\u201d a partir desse setor da empresa, segundo o despacho.<\/p>\n<p>O terceiro chefe do Setor de Opera\u00e7\u00f5es Estruturadas, Fernando Migliaccio da Silva, j\u00e1 tivera a pris\u00e3o preventiva decretada no dia 11 de fevereiro, quando da deflagra\u00e7\u00e3o da Opera\u00e7\u00e3o Acaraj\u00e9. Na \u00e9poca, o executivo n\u00e3o foi encontrado no Brasil. No dia 17 do mesmo m\u00eas, ele foi preso cautelarmente na Su\u00ed\u00e7a ap\u00f3s investiga\u00e7\u00f5es naquele pa\u00eds de lavagem de dinheiro envolvendo contas secretas da Odebrecht.<\/p>\n<p>As outras duas pessoas que tiveram pris\u00e3o preventiva deferida por Moro foram os irm\u00e3os Ol\u00edvio Rodrigues J\u00fanior e Marcelo Rodrigues. Ol\u00edvio, identificado nas planilhas da Odebrecht pelo codinome \u201cGigolino\u201d, \u00e9 s\u00f3cio da empresa JR Graco Assessoria e Consultoria Financeira Ltda e foi diretor, entre 2002 e 2010, da Graco Corretora de C\u00e2mbio. O irm\u00e3o, Marcelo, \u00e9 citado pelo codinome \u201cGiginho\u201d.<\/p>\n<p>Ambos foram apontados nas investiga\u00e7\u00f5es como representantes da offshore Klienfeld Services. A conta teria sido utilizada pela Odebrecht para pagar propina a agentes da Petrobras e tamb\u00e9m para realizar transfer\u00eancias para a conta secreta em nome da Shellbill Finance, controlada pelo publicit\u00e1rio Jo\u00e3o Santana e sua esposa, M\u00f4nica Moura &#8211; presos na 23\u00aa fase da Opera\u00e7\u00e3o Lava Jato.<\/p>\n<p><strong>Pris\u00f5es tempor\u00e1rias<\/strong><\/p>\n<p>Al\u00e9m das pris\u00f5es preventivas, a Justi\u00e7a deferiu a pris\u00e3o tempor\u00e1ria \u2014 por cinco dias \u2014 de nove pessoas. O despacho aponta que elas s\u00e3o investigadas por crimes que envolvem fraudes documentais e, portanto, existe risco de oculta\u00e7\u00e3o, destrui\u00e7\u00e3o e falsifica\u00e7\u00e3o de provas. O juiz tamb\u00e9m justifica a pris\u00e3o na garantia de que essas pessoas ser\u00e3o ouvidas separadamente pela autoridade policial, \u201csem que recebam influ\u00eancias indevidas uns dos outros\u201d.<\/p>\n<p>Dentre aqueles que tiveram a pris\u00e3o tempor\u00e1ria deferida est\u00e3o altos executivos da empresa, como Roberto Prisco Para\u00edso Ramos, chefe da Odebrecht \u00d3leo e G\u00e1s, e Paul Elie Altit, chefe da Odebrecht Realiza\u00e7\u00f5es Imobili\u00e1rias. O primeiro \u00e9 investigado por uma troca de mensagens com Hilberto Silva sobre a entrega de \u201cacaraj\u00e9s\u201d no Rio de Janeiro, o que para os investigadores representa a entrega de valores milion\u00e1rios em esp\u00e9cie.<\/p>\n<p>Paul Altit \u00e9 investigado por outra troca de mensagens, referente \u00e0 entrega de R$ 1 milh\u00e3o a um destinat\u00e1rio desconhecido, identificado pelo codinome de \u201cTurquesa #2\u201d. O pagamento est\u00e1 relacionado ao Porto Maravilha, projeto de revitaliza\u00e7\u00e3o urbana promovido pela prefeitura do Rio de Janeiro. Essa troca de mensagens tamb\u00e9m envolve dois subordinados de Altit, Rodrigo Costa Melo e Ant\u00f4nio Pessoa de Souza Couto, e de Isaias Ubiraci Chaves Santos, apontado pela investiga\u00e7\u00e3o como respons\u00e1vel pela confec\u00e7\u00e3o das planilhas e requisi\u00e7\u00f5es de pagamentos de propinas. Melo, Couto e Ubiraci tamb\u00e9m tiveram a pris\u00e3o tempor\u00e1ria decretada pela Justi\u00e7a.<\/p>\n<p>O despacho tamb\u00e9m aponta duas pessoas como poss\u00edveis operadoras do esquema de lavagem de dinheiro e pagamento de propina e decreta a pris\u00e3o tempor\u00e1ria delas. Segundo as investiga\u00e7\u00f5es, Ant\u00f4nio Cl\u00e1udio Albernaz Cordeiro e \u00c1lvaro Jos\u00e9 Galliez Novis realizavam a entrega de dinheiro em esp\u00e9cie dentro do Brasil. Ant\u00f4nio Cordeiro, codinome \u201cTonico\u201d, era utilizado para pagamentos em Porto Alegre.<\/p>\n<p>\u00c1lvaro Novis \u00e9 diretor da Hoya Corretora de Valores e C\u00e2mbio Ltda. Ele \u00e9 investigado por operar no Rio de Janeiro e em S\u00e3o Paulo, onde a empresa tem estabelecimentos. Nas planilhas de pagamentos da Odebrecht, ele era identificado como \u201cCarioquinha\u201d ou \u201cPaulistinha\u201d, conforme a cidade onde eram feitas as entregas de dinheiro em esp\u00e9cie.<\/p>\n<p>Em nota, a Odebrecht garante que est\u00e1 ajudando nas investiga\u00e7\u00f5es sobre a\u00e7\u00f5es de corrup\u00e7\u00e3o e desvios de recursos p\u00fablicos. &#8220;A empresa tem prestado todo o aux\u00edlio nas investiga\u00e7\u00f5es em curso, colaborando com os esclarecimentos necess\u00e1rios.\u201d (Ag\u00eancia Brasil)<\/p>\n","protected":false},"excerpt":{"rendered":"<p>O in\u00edcio da 26\u00aa fase da Opera\u00e7\u00e3o Lava Jato, identificada como Opera\u00e7\u00e3o Xepa, foi autorizada em despacho do juiz S\u00e9rgio Moro, da 13\u00aa Vara Federal Criminal de Curitiba. No documento, o magistrado autoriza a pris\u00e3o preventiva \u2014 sem prazo \u2014 de quatro pessoas. Hilberto Mascarenhas Alves da Silva Filho e Luiz Eduardo da Rocha Soares [&hellip;]<\/p>\n","protected":false},"author":1,"featured_media":74819,"comment_status":"open","ping_status":"closed","sticky":false,"template":"","format":"standard","meta":{"amp_status":"","footnotes":""},"categories":[6],"tags":[84227,81549,84389,84387,28515,18095,84233,772,84386,84388,35052,84385],"class_list":["post-82419","post","type-post","status-publish","format-standard","has-post-thumbnail","hentry","category-br","tag-26a-fase-da-operacao-lava-jato","tag-juiz-sergio-moro","tag-nome-dos-presos-na-operacao-xepa","tag-nomes-dos-presos-na-26a-fase-da-operacao-lava-jato","tag-odebrecht","tag-operacao-lava-jato","tag-operacao-xepa","tag-policia-federal","tag-presos-na-26a-fase-da-operacao-lava-jato","tag-presos-na-operacao-xepa","tag-sergio-moro","tag-veja-os-nomes-dos-presos-na-26a-fase-da-operacao-lava-jato"],"_links":{"self":[{"href":"https:\/\/aconteceunovale.com.br\/portal\/index.php?rest_route=\/wp\/v2\/posts\/82419","targetHints":{"allow":["GET"]}}],"collection":[{"href":"https:\/\/aconteceunovale.com.br\/portal\/index.php?rest_route=\/wp\/v2\/posts"}],"about":[{"href":"https:\/\/aconteceunovale.com.br\/portal\/index.php?rest_route=\/wp\/v2\/types\/post"}],"author":[{"embeddable":true,"href":"https:\/\/aconteceunovale.com.br\/portal\/index.php?rest_route=\/wp\/v2\/users\/1"}],"replies":[{"embeddable":true,"href":"https:\/\/aconteceunovale.com.br\/portal\/index.php?rest_route=%2Fwp%2Fv2%2Fcomments&post=82419"}],"version-history":[{"count":0,"href":"https:\/\/aconteceunovale.com.br\/portal\/index.php?rest_route=\/wp\/v2\/posts\/82419\/revisions"}],"wp:featuredmedia":[{"embeddable":true,"href":"https:\/\/aconteceunovale.com.br\/portal\/index.php?rest_route=\/wp\/v2\/media\/74819"}],"wp:attachment":[{"href":"https:\/\/aconteceunovale.com.br\/portal\/index.php?rest_route=%2Fwp%2Fv2%2Fmedia&parent=82419"}],"wp:term":[{"taxonomy":"category","embeddable":true,"href":"https:\/\/aconteceunovale.com.br\/portal\/index.php?rest_route=%2Fwp%2Fv2%2Fcategories&post=82419"},{"taxonomy":"post_tag","embeddable":true,"href":"https:\/\/aconteceunovale.com.br\/portal\/index.php?rest_route=%2Fwp%2Fv2%2Ftags&post=82419"}],"curies":[{"name":"wp","href":"https:\/\/api.w.org\/{rel}","templated":true}]}}