{"id":82415,"date":"2016-03-22T22:33:21","date_gmt":"2016-03-23T01:33:21","guid":{"rendered":"http:\/\/aconteceunovale.com.br\/portal\/?p=82415"},"modified":"2016-03-22T22:33:21","modified_gmt":"2016-03-23T01:33:21","slug":"odebrecht-decide-colaborar-de-forma-definitiva-com-investigacao-da-lava-jato","status":"publish","type":"post","link":"https:\/\/aconteceunovale.com.br\/portal\/?p=82415","title":{"rendered":"Odebrecht decide colaborar de forma \u201cdefinitiva\u201d com investiga\u00e7\u00e3o da Lava Jato"},"content":{"rendered":"<p>A empreiteira Odebrecht, investigada na Opera\u00e7\u00e3o Lava Jato, informou hoje (22\/3) que decidiu colaborar de forma \u201cdefinitiva\u201d com a for\u00e7a-tarefa do Minist\u00e9rio P\u00fablico Federal (MPF), que cuida das investiga\u00e7\u00f5es. Os executivos da empresa dever\u00e3o fazer acordos de dela\u00e7\u00e3o premiada.<\/p>\n<p>Em comunicado chamado \u201cCompromisso com o Brasil\u201d, divulgado pela empresa diante do cumprimento de mandados de busca e apreens\u00e3o e de pris\u00e3o da 26\u00aa fase da Lava Jato, deflagrada hoje, a Odebrecht diz que a decis\u00e3o foi tomada ap\u00f3s avalia\u00e7\u00f5es e reflex\u00f5es de acionistas e dos executivos.<\/p>\n<p>De acordo com os procuradores do Minist\u00e9rio P\u00fablico Federal, a empreiteira tinha um departamento respons\u00e1vel pelo pagamento de propina. A Pol\u00edcia Federal tamb\u00e9m investiga pagamento de propina na constru\u00e7\u00e3o Arena Corinthians, conhecida como Itaquer\u00e3o, em S\u00e3o Paulo.<\/p>\n<p>Apesar das acusa\u00e7\u00f5es de pagamento de propina, a empresa declarou que \u201cn\u00e3o tem responsabilidade dominante\u201d sobre a investiga\u00e7\u00e3o, que, segundo a empreiteira, \u201crevela na verdade a exist\u00eancia de um sistema ilegal e ileg\u00edtimo de financiamento do sistema partid\u00e1rio-eleitoral do pa\u00eds\u201d.<\/p>\n<p>O principal executivo da empreiteira, Marcelo Odebrecht, est\u00e1 preso desde junho do ano passado em Curitiba. De acordo com a den\u00fancia apresentada pelo Minist\u00e9rio P\u00fablico Federal \u00e0 Justi\u00e7a, o empres\u00e1rio est\u00e1 envolvido diretamente no esquema de pagamento de propina a ex-dirigentes da Petrobras e atuava orientando as atividades dos demais acusados ligados \u00e0 empreiteira.<\/p>\n<p><strong>Leia a \u00edntegra da nota:<\/strong><\/p>\n<p><em>As avalia\u00e7\u00f5es e reflex\u00f5es levadas a efeito por nossos acionistas e executivos levaram a Odebrecht a decidir por uma colabora\u00e7\u00e3o definitiva com as investiga\u00e7\u00f5es da Opera\u00e7\u00e3o Lava Jato.<\/p>\n<p>A empresa, que identificou a necessidade de implantar melhorias em suas pr\u00e1ticas, vem mantendo contato com as autoridades com o objetivo de colaborar com as investiga\u00e7\u00f5es, al\u00e9m da iniciativa de leni\u00eancia j\u00e1 adotada em dezembro junto \u00e0 Controladoria Geral da Uni\u00e3o.<\/p>\n<p>Esperamos que os esclarecimentos da colabora\u00e7\u00e3o contribuam significativamente com a Justi\u00e7a brasileira e com a constru\u00e7\u00e3o de um Brasil melhor.<\/p>\n<p>Na mesma dire\u00e7\u00e3o, seguimos aperfei\u00e7oando nosso sistema de conformidade e nosso modelo de governan\u00e7a; estamos em processo avan\u00e7ado de ades\u00e3o ao Pacto Global, da ONU, que visa mobilizar a comunidade empresarial internacional para a ado\u00e7\u00e3o, em suas pr\u00e1ticas de neg\u00f3cios, de valores reconhecidos nas \u00e1reas de direitos humanos, rela\u00e7\u00f5es de trabalho, meio ambiente e combate \u00e0 corrup\u00e7\u00e3o; estabelecemos metas de conformidade para que nossos neg\u00f3cios se enquadrarem como Empresa Pr\u00f3-\u00c9tica (da CGU), iniciativa que incentiva as empresas a implantarem medidas de preven\u00e7\u00e3o e combate \u00e0 corrup\u00e7\u00e3o e outros tipos de fraudes. Vamos, tamb\u00e9m, adotar novas pr\u00e1ticas de relacionamento com a esfera p\u00fablica.<\/p>\n<p>Apesar de todas as dificuldades e da consci\u00eancia de n\u00e3o termos responsabilidade dominante sobre os fatos apurados na Opera\u00e7\u00e3o Lava Jato \u2013 que revela na verdade a exist\u00eancia de um sistema ilegal e ileg\u00edtimo de financiamento do sistema partid\u00e1rio-eleitoral do pa\u00eds \u2013 seguimos acreditando no Brasil.<\/p>\n<p>Ao contribuir com o aprimoramento do contexto institucional, a Odebrecht olha para si e procura evoluir, mirando o futuro. Entendemos nossa responsabilidade social e econ\u00f4mica, e iremos cumprir nossos contratos e manter seus investimentos. Assim, poderemos preservar os empregos diretos e indiretos que geramos e prosseguir no papel de agente econ\u00f4mico relevante, de forma respons\u00e1vel e sustent\u00e1vel.<\/p>\n<p>Em respeito aos nossos mais de 130 mil integrantes, alguns deles tantas vezes injustamente retratados, \u00e0s suas fam\u00edlias, aos nossos clientes, \u00e0s comunidades em que atuamos, aos nossos parceiros e \u00e0 sociedade em geral, manifestamos nosso compromisso com o pa\u00eds. S\u00e3o 72 anos de hist\u00f3ria e sabemos que temos que avan\u00e7ar por meio de a\u00e7\u00f5es pr\u00e1ticas, do di\u00e1logo e da transpar\u00eancia.<\/p>\n<p>Nosso compromisso \u00e9 o de evoluir com o Brasil e para o Brasil.<\/em><\/p>\n<p>(Ag\u00eancia Brasil)<\/p>\n","protected":false},"excerpt":{"rendered":"<p>A empreiteira Odebrecht, investigada na Opera\u00e7\u00e3o Lava Jato, informou hoje (22\/3) que decidiu colaborar de forma \u201cdefinitiva\u201d com a for\u00e7a-tarefa do Minist\u00e9rio P\u00fablico Federal (MPF), que cuida das investiga\u00e7\u00f5es. Os executivos da empresa dever\u00e3o fazer acordos de dela\u00e7\u00e3o premiada. Em comunicado chamado \u201cCompromisso com o Brasil\u201d, divulgado pela empresa diante do cumprimento de mandados de [&hellip;]<\/p>\n","protected":false},"author":1,"featured_media":81093,"comment_status":"open","ping_status":"closed","sticky":false,"template":"","format":"standard","meta":{"amp_status":"","footnotes":""},"categories":[6],"tags":[82748,84378,84377,84376,84228,27144,5667,28515,84379,84374,84375,18095,772],"class_list":["post-82415","post","type-post","status-publish","format-standard","has-post-thumbnail","hentry","category-br","tag-delacao-premiada","tag-delacao-premiada-com-grupo-odebrecht","tag-delacao-premiada-grupo-odebrecht","tag-delacao-premiada-odebrecht","tag-grupo-odebrecht","tag-lava-jato","tag-ministerio-publico-federal","tag-odebrecht","tag-odebrecht-decide-colaborar-com-a-operacao-lava-jato","tag-odebrecht-decide-colaborar-de-forma-com-investigacao-da-lava-jato","tag-odebrecht-decide-colaborar-de-forma-definitiva-com-investigacao-da-lava-jato","tag-operacao-lava-jato","tag-policia-federal"],"_links":{"self":[{"href":"https:\/\/aconteceunovale.com.br\/portal\/index.php?rest_route=\/wp\/v2\/posts\/82415","targetHints":{"allow":["GET"]}}],"collection":[{"href":"https:\/\/aconteceunovale.com.br\/portal\/index.php?rest_route=\/wp\/v2\/posts"}],"about":[{"href":"https:\/\/aconteceunovale.com.br\/portal\/index.php?rest_route=\/wp\/v2\/types\/post"}],"author":[{"embeddable":true,"href":"https:\/\/aconteceunovale.com.br\/portal\/index.php?rest_route=\/wp\/v2\/users\/1"}],"replies":[{"embeddable":true,"href":"https:\/\/aconteceunovale.com.br\/portal\/index.php?rest_route=%2Fwp%2Fv2%2Fcomments&post=82415"}],"version-history":[{"count":0,"href":"https:\/\/aconteceunovale.com.br\/portal\/index.php?rest_route=\/wp\/v2\/posts\/82415\/revisions"}],"wp:featuredmedia":[{"embeddable":true,"href":"https:\/\/aconteceunovale.com.br\/portal\/index.php?rest_route=\/wp\/v2\/media\/81093"}],"wp:attachment":[{"href":"https:\/\/aconteceunovale.com.br\/portal\/index.php?rest_route=%2Fwp%2Fv2%2Fmedia&parent=82415"}],"wp:term":[{"taxonomy":"category","embeddable":true,"href":"https:\/\/aconteceunovale.com.br\/portal\/index.php?rest_route=%2Fwp%2Fv2%2Fcategories&post=82415"},{"taxonomy":"post_tag","embeddable":true,"href":"https:\/\/aconteceunovale.com.br\/portal\/index.php?rest_route=%2Fwp%2Fv2%2Ftags&post=82415"}],"curies":[{"name":"wp","href":"https:\/\/api.w.org\/{rel}","templated":true}]}}