{"id":82387,"date":"2016-03-22T20:18:24","date_gmt":"2016-03-22T23:18:24","guid":{"rendered":"http:\/\/aconteceunovale.com.br\/portal\/?p=82387"},"modified":"2016-03-22T20:18:24","modified_gmt":"2016-03-22T23:18:24","slug":"motociclista-e-atropelada-e-vai-parar-no-teto-de-carro-em-montes-claros","status":"publish","type":"post","link":"https:\/\/aconteceunovale.com.br\/portal\/?p=82387","title":{"rendered":"Motociclista \u00e9 atropelada e vai parar no teto de carro em Montes Claros"},"content":{"rendered":"<p>Uma mulher de 28 anos ficou ferida em um acidente na manh\u00e3 desta ter\u00e7a-feira (22\/3) em Montes Claros, no Norte de Minas. O acidente envolveu um carro de passeio e uma motocicleta, na Avenida Carlos Ferrante, no Bairro Edgar Pereira.<\/p>\n<p>De acordo com o Corpo de Bombeiros, com o impacto, a motociclista foi arremessada para cima do carro. Os militares fizeram a imobiliza\u00e7\u00e3o da v\u00edtima em cima do ve\u00edculo. Ela foi levada para o Hospital Santa Casa, com suspeita de fraturas no bra\u00e7o.<\/p>\n<p><img decoding=\"async\" src=\"http:\/\/aconteceunovale.com.br\/portal\/wp-content\/uploads\/2016\/03\/acidente_moc_teto_1.jpg\" alt=\"\" \/><em>Motociclista foi parar no teto de ve\u00edculo (Foto: Reprodu\u00e7\u00e3o \/ Redes Sociais)<\/em><br \/>\n<\/br><\/p>\n<p><img decoding=\"async\" src=\"http:\/\/aconteceunovale.com.br\/portal\/wp-content\/uploads\/2016\/03\/acidente_moc_teto_2.jpg\" alt=\"\" \/><em>Motociclista foi parar no teto de ve\u00edculo (Foto: Reprodu\u00e7\u00e3o \/ Redes Sociais)<\/em><br \/>\n<\/br><\/p>\n<p><img decoding=\"async\" src=\"http:\/\/aconteceunovale.com.br\/portal\/wp-content\/uploads\/2016\/03\/acidente_moc_teto_3.jpg\" alt=\"\" \/><em>Motociclista foi parar no teto de ve\u00edculo (Foto: Reprodu\u00e7\u00e3o \/ Redes Sociais)<\/em><br \/>\n<\/br><\/p>\n<p><em>(G1 Grande Minas)<\/em><\/p>\n","protected":false},"excerpt":{"rendered":"<p>Uma mulher de 28 anos ficou ferida em um acidente na manh\u00e3 desta ter\u00e7a-feira (22\/3) em Montes Claros, no Norte de Minas. O acidente envolveu um carro de passeio e uma motocicleta, na Avenida Carlos Ferrante, no Bairro Edgar Pereira. De acordo com o Corpo de Bombeiros, com o impacto, a motociclista foi arremessada para [&hellip;]<\/p>\n","protected":false},"author":1,"featured_media":82389,"comment_status":"open","ping_status":"closed","sticky":false,"template":"","format":"standard","meta":{"amp_status":"","footnotes":""},"categories":[1236],"tags":[16673,65737,1018,210,84334,84335],"class_list":["post-82387","post","type-post","status-publish","format-standard","has-post-thumbnail","hentry","category-norte_de_minas","tag-acidente-em-montes-claros","tag-atropelamento-em-montes-claros","tag-destaque","tag-montes-claros","tag-motociclista-e-atropelada-e-vai-parar-no-teto-de-carro-em-montes-claros","tag-motociclista-vai-parar-no-teto-de-carro-em-montes-claros"],"_links":{"self":[{"href":"https:\/\/aconteceunovale.com.br\/portal\/index.php?rest_route=\/wp\/v2\/posts\/82387","targetHints":{"allow":["GET"]}}],"collection":[{"href":"https:\/\/aconteceunovale.com.br\/portal\/index.php?rest_route=\/wp\/v2\/posts"}],"about":[{"href":"https:\/\/aconteceunovale.com.br\/portal\/index.php?rest_route=\/wp\/v2\/types\/post"}],"author":[{"embeddable":true,"href":"https:\/\/aconteceunovale.com.br\/portal\/index.php?rest_route=\/wp\/v2\/users\/1"}],"replies":[{"embeddable":true,"href":"https:\/\/aconteceunovale.com.br\/portal\/index.php?rest_route=%2Fwp%2Fv2%2Fcomments&post=82387"}],"version-history":[{"count":0,"href":"https:\/\/aconteceunovale.com.br\/portal\/index.php?rest_route=\/wp\/v2\/posts\/82387\/revisions"}],"wp:featuredmedia":[{"embeddable":true,"href":"https:\/\/aconteceunovale.com.br\/portal\/index.php?rest_route=\/wp\/v2\/media\/82389"}],"wp:attachment":[{"href":"https:\/\/aconteceunovale.com.br\/portal\/index.php?rest_route=%2Fwp%2Fv2%2Fmedia&parent=82387"}],"wp:term":[{"taxonomy":"category","embeddable":true,"href":"https:\/\/aconteceunovale.com.br\/portal\/index.php?rest_route=%2Fwp%2Fv2%2Fcategories&post=82387"},{"taxonomy":"post_tag","embeddable":true,"href":"https:\/\/aconteceunovale.com.br\/portal\/index.php?rest_route=%2Fwp%2Fv2%2Ftags&post=82387"}],"curies":[{"name":"wp","href":"https:\/\/api.w.org\/{rel}","templated":true}]}}