{"id":82365,"date":"2016-03-22T19:11:51","date_gmt":"2016-03-22T22:11:51","guid":{"rendered":"http:\/\/aconteceunovale.com.br\/portal\/?p=82365"},"modified":"2016-03-22T21:29:14","modified_gmt":"2016-03-23T00:29:14","slug":"monomotor-fica-destruido-apos-colidir-contra-arvores-em-sao-francisco-no-norte-de-minas","status":"publish","type":"post","link":"https:\/\/aconteceunovale.com.br\/portal\/?p=82365","title":{"rendered":"Monomotor fica destru\u00eddo ap\u00f3s colidir contra \u00e1rvores em S\u00e3o Francisco, no Norte de Minas"},"content":{"rendered":"<p>Um avi\u00e3o de pequeno porte ficou completamente destru\u00eddo ap\u00f3s colidir contra algumas \u00e1rvores \u00e0s margens da pista de um aeroporto na manh\u00e3 desta ter\u00e7a-feira (22\/3), em S\u00e3o Francisco, na regi\u00e3o Norte de Minas Gerais. Segundo a Pol\u00edcia Militar (PM), o piloto, identificado como Daniel Antunes Neto, ex-gerente regional da Copasa em Montes Claros, tentava fazer uma manobra de decolagem, quando perdeu o controle da aeronave e saiu da pista.<\/p>\n<p>Ainda de acordo com a PM, n\u00e3o havia passageiros no avi\u00e3o e o piloto sofreu apenas ferimentos leves. Ele foi encaminhado a Santa Casa de Montes Claros para avalia\u00e7\u00e3o m\u00e9dica e exames. Ainda de acordo com a pol\u00edcia, o piloto apresentou todas as licen\u00e7as necess\u00e1rias para o voo.<\/p>\n<p>A assessoria de imprensa da Aeron\u00e1utica informou que acidentes com este tipo de avi\u00e3o normalmente n\u00e3o s\u00e3o investigados, por se tratar de uma aeronave experimental. Ainda de acordo a Aeron\u00e1utica, a Pol\u00edcia Civil pode abrir uma investiga\u00e7\u00e3o.<\/p>\n<p>Segundo consulta na Ag\u00eancia Nacional de Avia\u00e7\u00e3o Civil (ANAC), a situa\u00e7\u00e3o da aeronave, um monomotor modelo RV-7A de prefixo PP-ZDZ, \u00e9 regular.<\/p>\n<p><img decoding=\"async\" src=\"http:\/\/aconteceunovale.com.br\/portal\/wp-content\/uploads\/2016\/03\/queda_aviao_sf_1.jpg\" alt=\"\" \/><em>Acidente com monomotor em S\u00e3o Francisco (Juliano Freire \/ Reprodu\u00e7\u00e3o WhatsApp)<\/em><br \/>\n<\/br><\/p>\n<p><img decoding=\"async\" src=\"http:\/\/aconteceunovale.com.br\/portal\/wp-content\/uploads\/2016\/03\/queda_aviao_sf_2.jpg\" alt=\"\" \/><em>Acidente com monomotor em S\u00e3o Francisco (Juliano Freire \/ Reprodu\u00e7\u00e3o WhatsApp)<\/em><br \/>\n<\/br><\/p>\n<p><img decoding=\"async\" src=\"http:\/\/aconteceunovale.com.br\/portal\/wp-content\/uploads\/2016\/03\/queda_aviao_sf_3.jpg\" alt=\"\" \/><em>Acidente com monomotor em S\u00e3o Francisco (Juliano Freire \/ Reprodu\u00e7\u00e3o WhatsApp)<\/em><br \/>\n<\/br><\/p>\n<p><img decoding=\"async\" src=\"http:\/\/aconteceunovale.com.br\/portal\/wp-content\/uploads\/2016\/03\/queda_aviao_sf_4.jpg\" alt=\"\" \/><em>Acidente com monomotor em S\u00e3o Francisco (Juliano Freire \/ Reprodu\u00e7\u00e3o WhatsApp)<\/em><br \/>\n<\/br><\/p>\n<p><strong>V\u00eddeo<\/strong><\/p>\n<p><iframe loading=\"lazy\" width=\"640\" height=\"480\" src=\"https:\/\/www.youtube.com\/embed\/cCkeq83tc7s\" frameborder=\"0\" allowfullscreen><\/iframe><br \/>\n<\/br><\/p>\n<p><em>(Fonte: G1 Grande Minas com altera\u00e7\u00f5es)<\/em><\/p>\n","protected":false},"excerpt":{"rendered":"<p>Um avi\u00e3o de pequeno porte ficou completamente destru\u00eddo ap\u00f3s colidir contra algumas \u00e1rvores \u00e0s margens da pista de um aeroporto na manh\u00e3 desta ter\u00e7a-feira (22\/3), em S\u00e3o Francisco, na regi\u00e3o Norte de Minas Gerais. Segundo a Pol\u00edcia Militar (PM), o piloto, identificado como Daniel Antunes Neto, ex-gerente regional da Copasa em Montes Claros, tentava fazer [&hellip;]<\/p>\n","protected":false},"author":1,"featured_media":82366,"comment_status":"open","ping_status":"closed","sticky":false,"template":"","format":"standard","meta":{"amp_status":"","footnotes":""},"categories":[1236],"tags":[84291,84296,84304,84290,84295,84300,84305,84293,84298,84299,1018,84302,84308,210,84303,84306,84294,84301,84292,84297,84307,1522],"class_list":["post-82365","post","type-post","status-publish","format-standard","has-post-thumbnail","hentry","category-norte_de_minas","tag-acidente-aereo-em-sao-francisco","tag-acidente-aereo-no-norte-de-minas","tag-acidente-aviao-pp-zdz","tag-acidente-com-aviao-em-sao-francisco","tag-acidente-com-aviao-no-norte-de-minas","tag-acidente-com-daniel-antunes-neto","tag-acidente-monomotor-pp-zdz","tag-aviao-cai-em-sao-francisco","tag-aviao-cai-no-norte-de-minas","tag-daniel-antunes-neto","tag-destaque","tag-ex-gerente-regional-da-copasa-em-montes-claros","tag-monomotor-fica-destruido-apos-colidir-contra-arvores-em-sao-francisco","tag-montes-claros","tag-pp-zdz","tag-queda-aviao-pp-zdz","tag-queda-de-aeronave-em-sao-francisco","tag-queda-de-aviao-do-daniel-antunes-neto","tag-queda-de-aviao-em-sao-francisco","tag-queda-de-aviao-no-norte-de-minas","tag-queda-monomotor-pp-zdz","tag-sao-francisco"],"_links":{"self":[{"href":"https:\/\/aconteceunovale.com.br\/portal\/index.php?rest_route=\/wp\/v2\/posts\/82365","targetHints":{"allow":["GET"]}}],"collection":[{"href":"https:\/\/aconteceunovale.com.br\/portal\/index.php?rest_route=\/wp\/v2\/posts"}],"about":[{"href":"https:\/\/aconteceunovale.com.br\/portal\/index.php?rest_route=\/wp\/v2\/types\/post"}],"author":[{"embeddable":true,"href":"https:\/\/aconteceunovale.com.br\/portal\/index.php?rest_route=\/wp\/v2\/users\/1"}],"replies":[{"embeddable":true,"href":"https:\/\/aconteceunovale.com.br\/portal\/index.php?rest_route=%2Fwp%2Fv2%2Fcomments&post=82365"}],"version-history":[{"count":0,"href":"https:\/\/aconteceunovale.com.br\/portal\/index.php?rest_route=\/wp\/v2\/posts\/82365\/revisions"}],"wp:featuredmedia":[{"embeddable":true,"href":"https:\/\/aconteceunovale.com.br\/portal\/index.php?rest_route=\/wp\/v2\/media\/82366"}],"wp:attachment":[{"href":"https:\/\/aconteceunovale.com.br\/portal\/index.php?rest_route=%2Fwp%2Fv2%2Fmedia&parent=82365"}],"wp:term":[{"taxonomy":"category","embeddable":true,"href":"https:\/\/aconteceunovale.com.br\/portal\/index.php?rest_route=%2Fwp%2Fv2%2Fcategories&post=82365"},{"taxonomy":"post_tag","embeddable":true,"href":"https:\/\/aconteceunovale.com.br\/portal\/index.php?rest_route=%2Fwp%2Fv2%2Ftags&post=82365"}],"curies":[{"name":"wp","href":"https:\/\/api.w.org\/{rel}","templated":true}]}}