{"id":82221,"date":"2016-03-20T22:59:18","date_gmt":"2016-03-21T01:59:18","guid":{"rendered":"http:\/\/aconteceunovale.com.br\/portal\/?p=82221"},"modified":"2016-03-20T22:59:18","modified_gmt":"2016-03-21T01:59:18","slug":"policia-federal-em-governador-valadares-tem-novo-chefe","status":"publish","type":"post","link":"https:\/\/aconteceunovale.com.br\/portal\/?p=82221","title":{"rendered":"Pol\u00edcia Federal em Governador Valadares tem novo chefe"},"content":{"rendered":"<p>A Pol\u00edcia Federal (PF) em Governador Valadares est\u00e1 sob comando de um novo delegado-chefe, Jesse James Rodrigues Freire. A cerim\u00f4nia de posse foi realizada na tarde de quinta-feira, 17 de mar\u00e7o, no audit\u00f3rio da Ordem dos Advogados do Brasil (OAB). Representantes da Pol\u00edcia Militar, Pol\u00edcia Civil, Pol\u00edcia Federal e ju\u00edzes prestigiaram a solenidade.<\/p>\n<p>Vindo da regi\u00e3o de Mato Grosso, Jesse James, de 46 anos, afirma que pretende dar continuidade ao trabalho j\u00e1 desenvolvido na institui\u00e7\u00e3o e que assumir o cargo representa uma responsabilidade muito grande, n\u00e3o s\u00f3 para a Pol\u00edcia Federal como para a sociedade de Valadares e regi\u00e3o. \u201cA delegacia responde por 183 munic\u00edpios. Vou procurar, durante minha gest\u00e3o, dar continuidade \u00e0 mesma operacionalidade que antes j\u00e1 havia: diversos trabalhos na \u00e1rea de entorpecentes e atendimento da popula\u00e7\u00e3o naqueles servi\u00e7os que a PF presta, como emiss\u00e3o de passaporte, fiscaliza\u00e7\u00e3o de bancos na \u00e1rea da seguran\u00e7a  privada e outras atividades inerentes \u00e0 nossa institui\u00e7\u00e3o\u201d, ressaltou.<\/p>\n<p>Quanto aos seus trabalhos anteriores, o delegado-chefe pontua que j\u00e1 atuou em grandes opera\u00e7\u00f5es da PF, o que segundo ele poder\u00e1 contribuir para a execu\u00e7\u00e3o dos trabalhos no munic\u00edpio. \u201cEstou vindo da regi\u00e3o de Mato Grosso, regi\u00e3o de fronteira, onde o tr\u00e1fico de droga \u00e9 intenso. Basicamente estava na linha de frente. \u00c9 de l\u00e1 que parte a grande maioria de toda a carga de droga que adentra o Pa\u00eds, principalmente os grandes centros, como Minas Gerais, S\u00e3o Paulo e Rio de Janeiro\u201d, afirmou.<\/p>\n<p>Jesse James assumiu o posto at\u00e9 ent\u00e3o coordenado pelo delegado federal Cristiano Campidelli, que est\u00e1 indo para a Capital. \u201cEstou indo para Belo Horizonte assumindo uma nova miss\u00e3o, um novo chamado. Agora, a delegacia de Valadares ficar\u00e1 sob o comando do doutor Freire, e desejamos a ele um excelente trabalho. Que a sociedade valadarense possa ter a melhor presta\u00e7\u00e3o poss\u00edvel de servi\u00e7os da Pol\u00edcia federal\u201d, disse.<\/p>\n<p><img decoding=\"async\" src=\"http:\/\/aconteceunovale.com.br\/portal\/wp-content\/uploads\/2016\/03\/comando_pf_gv.jpg\" alt=\"\" \/><em>A posse foi realizada no audit\u00f3rio da OAB (Foto: Ant\u00f4nio Cota \/ DRD)<\/em><br \/>\n<\/br><\/p>\n<p><em>(Fonte: Di\u00e1rio do Rio Doce)<\/em><\/p>\n","protected":false},"excerpt":{"rendered":"<p>A Pol\u00edcia Federal (PF) em Governador Valadares est\u00e1 sob comando de um novo delegado-chefe, Jesse James Rodrigues Freire. A cerim\u00f4nia de posse foi realizada na tarde de quinta-feira, 17 de mar\u00e7o, no audit\u00f3rio da Ordem dos Advogados do Brasil (OAB). Representantes da Pol\u00edcia Militar, Pol\u00edcia Civil, Pol\u00edcia Federal e ju\u00edzes prestigiaram a solenidade. Vindo da [&hellip;]<\/p>\n","protected":false},"author":1,"featured_media":82222,"comment_status":"open","ping_status":"closed","sticky":false,"template":"","format":"standard","meta":{"amp_status":"","footnotes":""},"categories":[121],"tags":[50597,247,83999,83998,83997,63250,84000],"class_list":["post-82221","post","type-post","status-publish","format-standard","has-post-thumbnail","hentry","category-leste","tag-cristiano-campidelli","tag-governador-valadares","tag-jesse-james","tag-jesse-james-rodrigues-freire","tag-pf-em-governador-valadares","tag-policia-federal-em-governador-valadares","tag-policia-federal-em-governador-valadares-tem-novo-chefe"],"_links":{"self":[{"href":"https:\/\/aconteceunovale.com.br\/portal\/index.php?rest_route=\/wp\/v2\/posts\/82221","targetHints":{"allow":["GET"]}}],"collection":[{"href":"https:\/\/aconteceunovale.com.br\/portal\/index.php?rest_route=\/wp\/v2\/posts"}],"about":[{"href":"https:\/\/aconteceunovale.com.br\/portal\/index.php?rest_route=\/wp\/v2\/types\/post"}],"author":[{"embeddable":true,"href":"https:\/\/aconteceunovale.com.br\/portal\/index.php?rest_route=\/wp\/v2\/users\/1"}],"replies":[{"embeddable":true,"href":"https:\/\/aconteceunovale.com.br\/portal\/index.php?rest_route=%2Fwp%2Fv2%2Fcomments&post=82221"}],"version-history":[{"count":0,"href":"https:\/\/aconteceunovale.com.br\/portal\/index.php?rest_route=\/wp\/v2\/posts\/82221\/revisions"}],"wp:featuredmedia":[{"embeddable":true,"href":"https:\/\/aconteceunovale.com.br\/portal\/index.php?rest_route=\/wp\/v2\/media\/82222"}],"wp:attachment":[{"href":"https:\/\/aconteceunovale.com.br\/portal\/index.php?rest_route=%2Fwp%2Fv2%2Fmedia&parent=82221"}],"wp:term":[{"taxonomy":"category","embeddable":true,"href":"https:\/\/aconteceunovale.com.br\/portal\/index.php?rest_route=%2Fwp%2Fv2%2Fcategories&post=82221"},{"taxonomy":"post_tag","embeddable":true,"href":"https:\/\/aconteceunovale.com.br\/portal\/index.php?rest_route=%2Fwp%2Fv2%2Ftags&post=82221"}],"curies":[{"name":"wp","href":"https:\/\/api.w.org\/{rel}","templated":true}]}}