{"id":81972,"date":"2016-03-18T10:34:38","date_gmt":"2016-03-18T13:34:38","guid":{"rendered":"http:\/\/aconteceunovale.com.br\/portal\/?p=81972"},"modified":"2016-03-18T10:34:38","modified_gmt":"2016-03-18T13:34:38","slug":"lula-divulga-carta-aberta-aos-brasileiros-e-diz-que-espera-por-justica","status":"publish","type":"post","link":"https:\/\/aconteceunovale.com.br\/portal\/?p=81972","title":{"rendered":"Lula divulga carta aberta aos brasileiros e diz que espera por justi\u00e7a"},"content":{"rendered":"<p>Em carta aberta aos brasileiros, o ex-presidente Luiz In\u00e1cio Lula da Silva afirmou ontem (17) que as ofensas feitas por ele a integrantes do Supremo Tribunal Federal (STF), em conversa por telefone com a presidenta Dilma Rousseff, ocorreram em uma \u201csitua\u00e7\u00e3o extrema\u201d, no di\u00e1logo pessoal em que \u201cme foram subtra\u00eddos direitos fundamentais por agentes do Estado\u201d.<\/p>\n<p>A conversa, interceptada pela Pol\u00edcia Federal, com autoriza\u00e7\u00e3o judicial, tornou-se p\u00fablica no dia 16 ap\u00f3s o juiz da 13\u00aa Vara Federal de Curitiba, S\u00e9rgio Moro, respons\u00e1vel pelos inqu\u00e9ritos da Lava Jato na primeira inst\u00e2ncia, derrubar o sigilo do grampo. Na grava\u00e7\u00e3o, Lula afirma a Dilma que a Suprema Corte est\u00e1 \u201ctotalmente acovardada\u201d.<\/p>\n<p>Leia a \u00edntegra:<\/p>\n<p><em>Carta aberta do ex-presidente Luiz In\u00e1cio Lula da Silva<\/p>\n<p>Creio nas institui\u00e7\u00f5es democr\u00e1ticas, na rela\u00e7\u00e3o independente e harm\u00f4nica entre os Poderes da Rep\u00fablica, conforme estabelecido na Constitui\u00e7\u00e3o Federal.<\/p>\n<p>Dos membros do Poder Judici\u00e1rio espero, como todos os brasileiros, isen\u00e7\u00e3o e firmeza para distribuir a Justi\u00e7a e garantir o cumprimento da lei e o respeito inarred\u00e1vel ao estado de direito.<\/p>\n<p>Creio tamb\u00e9m nos crit\u00e9rios da impessoalidade, imparcialidade e equil\u00edbrio que norteiam os magistrados incumbidos desta nobre miss\u00e3o.<\/p>\n<p>Por acreditar nas institui\u00e7\u00f5es e nas pessoas que as encarnam, recorri ao Supremo Tribunal Federal sempre que necess\u00e1rio, especialmente nestas \u00faltimas semanas, para garantir direitos e prerrogativas que n\u00e3o me alcan\u00e7am exclusivamente, mas a cada cidad\u00e3o e a toda a sociedade.<\/p>\n<p>Nos oito anos em que exerci a presid\u00eancia da Rep\u00fablica, por decis\u00e3o soberana do povo &#8211; fonte primeira e insubstitu\u00edvel do exerc\u00edcio do poder nas democracias &#8211; tive oportunidade de demonstrar apre\u00e7o e respeito pelo Judici\u00e1rio.<\/p>\n<p>N\u00e3o o fiz apenas por palavras, mas mantendo uma rela\u00e7\u00e3o cotidiana de respeito, di\u00e1logo e coopera\u00e7\u00e3o; na pr\u00e1tica, que \u00e9 o crit\u00e9rio mais justo da verdade.<\/p>\n<p>Em meu governo, quando o Supremo Tribunal Federal considerou-se afrontado pela suspeita de que seu ent\u00e3o presidente teria sido v\u00edtima de escuta telef\u00f4nica, n\u00e3o me perdi em considera\u00e7\u00f5es sobre a origem ou a veracidade das evid\u00eancias apresentadas.<\/p>\n<p>Naquela ocasi\u00e3o, apresentei de pleno a resposta que me pareceu adequada para preservar a dignidade da Suprema Corte, e para que as suspeitas fossem livremente investigadas e se chegasse, assim \u00e0 verdade dos fatos.<\/p>\n<p>Agi daquela forma n\u00e3o apenas porque teriam sido expostas a intimidade e as opini\u00f5es dos interlocutores.<\/p>\n<p>Agi por respeito \u00e0 institui\u00e7\u00e3o do Judici\u00e1rio e porque me pareceu tamb\u00e9m a atitude adequada diante das responsabilidades que me haviam sido confiadas pelo povo brasileiro.<\/p>\n<p>Nas \u00faltimas semanas, como todos sabem, \u00e9 a minha intimidade, de minha esposa e meus filhos, dos meus companheiros de trabalho que tem sido violentada por meio de vazamentos ilegais de informa\u00e7\u00f5es que deveriam estar sob a guarda da Justi\u00e7a.<\/p>\n<p>Sob o manto de processos conhecidos primeiro pela imprensa e s\u00f3 depois pelos diretamente e legalmente interessados, foram praticado atos injustific\u00e1veis de viol\u00eancia contra minha pessoa e de minha fam\u00edlia.<\/p>\n<p>Nesta situa\u00e7\u00e3o extrema, em que me foram subtra\u00eddos direitos fundamentais por agentes do estado, externei minha inconformidade em conversas pessoais, que jamais teriam ultrapassado os limites da confidencialidade, se n\u00e3o fossem expostas publicamente por uma decis\u00e3o judicial que ofende a lei e o direito.<\/p>\n<p>N\u00e3o espero que ministros e ministras da Suprema Corte compartilhem minhas posi\u00e7\u00f5es pessoais e pol\u00edticas.<\/p>\n<p>Mas n\u00e3o me conformo que, neste epis\u00f3dio, palavras extra\u00eddas ilegalmente de conversas pessoais, protegidas pelo Artigo 5\u00ba. da Constitui\u00e7\u00e3o, tornem-se objeto de ju\u00edzos derrogat\u00f3rios sobre meu car\u00e1ter.<\/p>\n<p>N\u00e3o me conformo que se palavras ditas em particular sejam tratadas como ofensa p\u00fablica, antes de se proceder a um exame imparcial, isento e corajoso do levantamento ilegal do sigilo das informa\u00e7\u00f5es.<\/p>\n<p>N\u00e3o me conformo que o ju\u00edzo personal\u00edssimo de valor se sobreponha ao direito.<\/p>\n<p>N\u00e3o tive acesso a grandes estudos formais, como sabem os brasileiros. N\u00e3o sou doutor, letrado, jurisconsulto. Mas sei, como todo ser humano, distinguir o certo do errado; o justo do injusto.<\/p>\n<p>Os tristes e vergonhosos epis\u00f3dios das \u00faltimas semanas n\u00e3o me far\u00e3o descrer da institui\u00e7\u00e3o do Poder Judici\u00e1rio. Nem me far\u00e3o perder a esperan\u00e7a no discernimento, no equil\u00edbrio e no senso de propor\u00e7\u00e3o de ministros e ministras da Suprema Corte.<\/p>\n<p>Justi\u00e7a, simplesmente justi\u00e7a, \u00e9 o que espero, para mim e para todos, na vig\u00eancia plena do estado de direito democr\u00e1tico.<\/p>\n<p>Luiz In\u00e1cio Lula da Silva<\/em><\/p>\n<p><strong>Conversa divulgada pela PF<\/strong><\/p>\n<p><iframe loading=\"lazy\" width=\"640\" height=\"360\" src=\"https:\/\/www.youtube.com\/embed\/zp4dotZ8oCc\" frameborder=\"0\" allowfullscreen><\/iframe><\/p>\n","protected":false},"excerpt":{"rendered":"<p>Em carta aberta aos brasileiros, o ex-presidente Luiz In\u00e1cio Lula da Silva afirmou ontem (17) que as ofensas feitas por ele a integrantes do Supremo Tribunal Federal (STF), em conversa por telefone com a presidenta Dilma Rousseff, ocorreram em uma \u201csitua\u00e7\u00e3o extrema\u201d, no di\u00e1logo pessoal em que \u201cme foram subtra\u00eddos direitos fundamentais por agentes do [&hellip;]<\/p>\n","protected":false},"author":1,"featured_media":81973,"comment_status":"open","ping_status":"closed","sticky":false,"template":"","format":"standard","meta":{"amp_status":"","footnotes":""},"categories":[6,40240],"tags":[82545,69551,83375,83374,83372,83373,82922,35140,83173,83368,25698,83072,75877,27144,83022,7147,83376,18095,83367,35052,28511,83369,83370,83371],"class_list":["post-81972","post","type-post","status-publish","format-standard","has-post-thumbnail","hentry","category-br","category-politica-2","tag-13a-vara-federal-de-curitiba","tag-carta","tag-carta-aberta-do-ex-presidente-lula","tag-carta-aberta-do-lula","tag-carta-do-ex-presidente-lula","tag-carta-do-lula","tag-casa-civil","tag-celso-de-mello","tag-conversa-entre-lula-e-dilma","tag-critica","tag-governo","tag-grampo-telefonico","tag-instituto-lula","tag-lava-jato","tag-ligacao-entre-lula-e-dilma","tag-lula","tag-lula-divulga-carta-aberta-aos-brasileiros-e-diz-que-espera-por-justica","tag-operacao-lava-jato","tag-resposta","tag-sergio-moro","tag-stf","tag-veja-a-integra-da-carta-aberta-do-ex-presidente-lula","tag-veja-a-integra-da-carta-do-ex-presidente-lula","tag-veja-a-integra-da-carta-do-lula"],"_links":{"self":[{"href":"https:\/\/aconteceunovale.com.br\/portal\/index.php?rest_route=\/wp\/v2\/posts\/81972","targetHints":{"allow":["GET"]}}],"collection":[{"href":"https:\/\/aconteceunovale.com.br\/portal\/index.php?rest_route=\/wp\/v2\/posts"}],"about":[{"href":"https:\/\/aconteceunovale.com.br\/portal\/index.php?rest_route=\/wp\/v2\/types\/post"}],"author":[{"embeddable":true,"href":"https:\/\/aconteceunovale.com.br\/portal\/index.php?rest_route=\/wp\/v2\/users\/1"}],"replies":[{"embeddable":true,"href":"https:\/\/aconteceunovale.com.br\/portal\/index.php?rest_route=%2Fwp%2Fv2%2Fcomments&post=81972"}],"version-history":[{"count":0,"href":"https:\/\/aconteceunovale.com.br\/portal\/index.php?rest_route=\/wp\/v2\/posts\/81972\/revisions"}],"wp:featuredmedia":[{"embeddable":true,"href":"https:\/\/aconteceunovale.com.br\/portal\/index.php?rest_route=\/wp\/v2\/media\/81973"}],"wp:attachment":[{"href":"https:\/\/aconteceunovale.com.br\/portal\/index.php?rest_route=%2Fwp%2Fv2%2Fmedia&parent=81972"}],"wp:term":[{"taxonomy":"category","embeddable":true,"href":"https:\/\/aconteceunovale.com.br\/portal\/index.php?rest_route=%2Fwp%2Fv2%2Fcategories&post=81972"},{"taxonomy":"post_tag","embeddable":true,"href":"https:\/\/aconteceunovale.com.br\/portal\/index.php?rest_route=%2Fwp%2Fv2%2Ftags&post=81972"}],"curies":[{"name":"wp","href":"https:\/\/api.w.org\/{rel}","templated":true}]}}