{"id":81770,"date":"2016-03-16T09:52:08","date_gmt":"2016-03-16T11:52:08","guid":{"rendered":"http:\/\/aconteceunovale.com.br\/portal\/?p=81770"},"modified":"2019-08-29T00:38:48","modified_gmt":"2019-08-29T02:38:48","slug":"as-mudancas-climaticas-e-os-insetos","status":"publish","type":"post","link":"https:\/\/aconteceunovale.com.br\/portal\/?p=81770","title":{"rendered":"AS MUDAN\u00c7AS CLIM\u00c1TICAS E OS INSETOS"},"content":{"rendered":"<p>Um fato interessante aconteceu na Argentina recentemente: Uma gigantesca nuvem de gafanhotos surgiu repentinamente na regi\u00e3o rural da prov\u00edncia de Tucaman. Os insetos atacaram cerca de 700 mil hectares de pasto, milho e soja devorando tudo que viam pela frente. O presidente da Sociedade Rural de Tucaman informou que este evento nunca foi observado na regi\u00e3o. Segundo informa\u00e7\u00f5es climatol\u00f3gicas da Argentina o \u00faltimo inverno foi extremamente quente e seco, fatores que provavelmente intensificaram a reprodu\u00e7\u00e3o dos insetos. Se realmente a temperatura continuar subindo, mesmo no inverno, promover\u00e1 uma grande acelera\u00e7\u00e3o no ciclo dos insetos tornando o desequil\u00edbrio na regi\u00e3o um fator peri\u00f3dico e permanente, for\u00e7ando os agricultores e pecuaristas a intensificar o uso de inseticidas para controle da praga.<\/p>\n<p>Estas altera\u00e7\u00f5es biol\u00f3gicas que est\u00e3o ocorrendo na natureza, como a explos\u00e3o da multiplica\u00e7\u00e3o dos gafanhotos na Argentina, n\u00e3o pode passar sem uma analise s\u00e9ria de suas causas e consequ\u00eancias. Eventos nunca antes registrados na natureza em nossa hist\u00f3ria recente est\u00e3o ocorrendo e cada vez com mais frequ\u00eancia. Se o aquecimento global e regional for realmente uma realidade, os insetos ser\u00e3o os principais afetados em rela\u00e7\u00e3o a sua reprodu\u00e7\u00e3o e desenvolvimento. A temperatura dos insetos oscila de acordo com a do meio ambiente. Se a temperatura corporal destes pequenos seres aumenta, o seu metabolismo acelera e eles se reproduzem cada vem mais r\u00e1pido e mais vezes. Isto ir\u00e1 demandar uma quantidade cada vez maior de alimentos, principalmente as plantas para os insetos herb\u00edvoros ou vegetarianos. Quando est\u00e3o nas matas e florestas, as pr\u00f3prias plantas se defendem produzindo substancias qu\u00edmicas que controlam o ataque, al\u00e9m da presen\u00e7a dos chamados inimigos naturais, insetos carn\u00edvoros que se alimentam de outros insetos. Desta forma a popula\u00e7\u00e3o dos insetos fica controlada. Mas, quando tiramos as matas e florestas totalmente para colocar pastagens e lavouras a coisa muda. As plantas cultivadas n\u00e3o possuem a prote\u00e7\u00e3o qu\u00edmica natural como as esp\u00e9cies vegetais das matas sendo mais atrativas aos insetos. Estes insetos praga se reproduzem muito rapidamente consumindo as lavouras e pastagens e os insetos carn\u00edvoros que se alimentam dos insetos praga n\u00e3o acompanham esta multiplica\u00e7\u00e3o. Outro aspecto ruim \u00e9 que insetos que n\u00e3o eram considerados pragas das lavouras e pastagens podem se adaptar e passar a consumir as plantas das lavouras e as gram\u00edneas das pastagens tornando-se pragas tamb\u00e9m. Com o aumento da temperatura esta situa\u00e7\u00e3o tende-se a agravar.  Com isto, cada vez mais agrot\u00f3xicos s\u00e3o utilizados para controle destes insetos.<\/p>\n<p>Estamos entrando em um ciclo perigoso e, em breve, se nada for feito pelo planeta ou se continuarmos a discutir apenas economia, estaremos diante de uma nova realidade e de um novo equil\u00edbrio que n\u00e3o ser\u00e1 muito favor\u00e1vel ao ser humano. Nuvens de gafanhoto \u00e9 apenas o come\u00e7o. Outros insetos, principalmente os vetores de doen\u00e7as tamb\u00e9m surgir\u00e3o com maior intensidade e a\u00ed&#8230;<\/p>\n<h4><strong>Quem \u00e9 Alexandre Sylvio Vieira da Costa?<\/strong><\/h4>\n<p><img decoding=\"async\" src=\"http:\/\/aconteceunovale.com.br\/portal\/wp-content\/uploads\/2015\/12\/alexandre_silvio.jpg\" alt=\"\" \/><br \/>\n<\/br><\/p>\n<p>&#8211; Nascido na cidade de Niter\u00f3i, RJ;<br \/>\n&#8211; Engenheiro Agr\u00f4nomo Formado pela Universidade Federal Rural do Rio de Janeiro;<br \/>\n&#8211; Mestre em Produ\u00e7\u00e3o Vegetal pela Embrapa-Agrobiologia\/Universidade Federal Rural do<br \/>\nRio de Janeiro;<br \/>\n&#8211; Doutor em Produ\u00e7\u00e3o Vegetal pela Universidade Federal de Vi\u00e7osa;<br \/>\n&#8211; P\u00f3s doutorado em Geoci\u00eancias pela Universidade Federal de Minas Gerais;<br \/>\n&#8211; Foi Coordenador Adjunto da C\u00e2mara Especializada de Agronomia e Coordenador da<br \/>\nComiss\u00e3o T\u00e9cnica de Meio Ambiente do CREA\/Minas;<br \/>\n&#8211; Foi Presidente da C\u00e2mara T\u00e9cnica de eventos Cr\u00edticos do Comit\u00ea da Bacia<br \/>\nHidrogr\u00e1fica do Rio Doce;<br \/>\n&#8211; Atualmente, professor Adjunto dos cursos de Engenharia da Universidade Federal dos<br \/>\nVales do Jequitinhonha e Mucuri, Campus Te\u00f3filo Otoni;<\/p>\n<p>&#8211; Blog: <a href=\"http:\/\/asylvio.blogspot.com.br\" target=\"_blank\" rel=\"noopener noreferrer\">asylvio.blogspot.com.br<\/a><br \/>\n&#8211; E-mail: alexandre.costa@ufvjm.edu.br<\/p>\n","protected":false},"excerpt":{"rendered":"<p>Um fato interessante aconteceu na Argentina recentemente: Uma gigantesca nuvem de gafanhotos surgiu repentinamente na regi\u00e3o rural da prov\u00edncia de Tucaman. Os insetos atacaram cerca de 700 mil hectares de pasto, milho e soja devorando tudo que viam pela frente. O presidente da Sociedade Rural de Tucaman informou que este evento nunca foi observado na [&hellip;]<\/p>\n","protected":false},"author":1,"featured_media":75080,"comment_status":"open","ping_status":"closed","sticky":false,"template":"","format":"standard","meta":{"amp_status":"","footnotes":""},"categories":[4927],"tags":[206034,9443,82861,80951,82865,82862,6128,80953,82863,80952,82864],"class_list":["post-81770","post","type-post","status-publish","format-standard","has-post-thumbnail","hentry","category-colunistas","tag-alexandre-sylvio","tag-alexandre-sylvio-vieira-da-costa","tag-as-mudancas-climaticas-e-os-insetos","tag-coluna-alexandre-sylvio","tag-colunista-alexandre-sylvio","tag-insetos","tag-mudancas-climaticas","tag-opiniao-alexandre-sylvio","tag-provincia-de-tucaman","tag-textos-alexandre-sylvio","tag-tucaman"],"_links":{"self":[{"href":"https:\/\/aconteceunovale.com.br\/portal\/index.php?rest_route=\/wp\/v2\/posts\/81770","targetHints":{"allow":["GET"]}}],"collection":[{"href":"https:\/\/aconteceunovale.com.br\/portal\/index.php?rest_route=\/wp\/v2\/posts"}],"about":[{"href":"https:\/\/aconteceunovale.com.br\/portal\/index.php?rest_route=\/wp\/v2\/types\/post"}],"author":[{"embeddable":true,"href":"https:\/\/aconteceunovale.com.br\/portal\/index.php?rest_route=\/wp\/v2\/users\/1"}],"replies":[{"embeddable":true,"href":"https:\/\/aconteceunovale.com.br\/portal\/index.php?rest_route=%2Fwp%2Fv2%2Fcomments&post=81770"}],"version-history":[{"count":1,"href":"https:\/\/aconteceunovale.com.br\/portal\/index.php?rest_route=\/wp\/v2\/posts\/81770\/revisions"}],"predecessor-version":[{"id":151795,"href":"https:\/\/aconteceunovale.com.br\/portal\/index.php?rest_route=\/wp\/v2\/posts\/81770\/revisions\/151795"}],"wp:featuredmedia":[{"embeddable":true,"href":"https:\/\/aconteceunovale.com.br\/portal\/index.php?rest_route=\/wp\/v2\/media\/75080"}],"wp:attachment":[{"href":"https:\/\/aconteceunovale.com.br\/portal\/index.php?rest_route=%2Fwp%2Fv2%2Fmedia&parent=81770"}],"wp:term":[{"taxonomy":"category","embeddable":true,"href":"https:\/\/aconteceunovale.com.br\/portal\/index.php?rest_route=%2Fwp%2Fv2%2Fcategories&post=81770"},{"taxonomy":"post_tag","embeddable":true,"href":"https:\/\/aconteceunovale.com.br\/portal\/index.php?rest_route=%2Fwp%2Fv2%2Ftags&post=81770"}],"curies":[{"name":"wp","href":"https:\/\/api.w.org\/{rel}","templated":true}]}}