{"id":81768,"date":"2016-03-16T09:38:38","date_gmt":"2016-03-16T12:38:38","guid":{"rendered":"http:\/\/aconteceunovale.com.br\/portal\/?p=81768"},"modified":"2016-03-16T09:38:38","modified_gmt":"2016-03-16T12:38:38","slug":"previsao-do-tempo-para-minas-gerais-nesta-quarta-feira-16-de-marco","status":"publish","type":"post","link":"https:\/\/aconteceunovale.com.br\/portal\/?p=81768","title":{"rendered":"Previs\u00e3o do tempo para Minas Gerais, nesta quarta-feira, 16 de mar\u00e7o"},"content":{"rendered":"<h4><strong><em>Em BH e Regi\u00e3o Metropolitana o sol predomina, mas no final da tarde e \u00e0 noite podem ocorrer pancadas de chuvas e trovoadas.<\/em><\/strong><\/h4>\n<p>\u00c1reas de instabilidade ainda provocam chuvas em algumas regi\u00f5es de Minas Gerais. O calor associado \u00e0 umidade deixa o tempo com pancadas de chuvas e trovoadas nas regi\u00f5es do Triangulo, Oeste, Sul e Centro. Nas demais regi\u00f5es do estado o tempo fica parcialmente nublado sem previs\u00e3o de chuvas. Em BH e Regi\u00e3o Metropolitana o sol predomina, mas no final da tarde e \u00e0 noite podem ocorrer pancadas de chuvas e trovoadas. A temperatura m\u00e1xima prevista para capital e de 29 graus.<\/p>\n","protected":false},"excerpt":{"rendered":"<p>Em BH e Regi\u00e3o Metropolitana o sol predomina, mas no final da tarde e \u00e0 noite podem ocorrer pancadas de chuvas e trovoadas. \u00c1reas de instabilidade ainda provocam chuvas em algumas regi\u00f5es de Minas Gerais. O calor associado \u00e0 umidade deixa o tempo com pancadas de chuvas e trovoadas nas regi\u00f5es do Triangulo, Oeste, Sul [&hellip;]<\/p>\n","protected":false},"author":1,"featured_media":51728,"comment_status":"open","ping_status":"closed","sticky":false,"template":"","format":"standard","meta":{"amp_status":"","footnotes":""},"categories":[123],"tags":[37804,131,47774,1956,1839,82859,29094,82858,82860],"class_list":["post-81768","post","type-post","status-publish","format-standard","has-post-thumbnail","hentry","category-gerais","tag-16-de-marco","tag-minas-gerais","tag-nesta-quarta-feira","tag-previsao-do-tempo","tag-previsao-do-tempo-para-minas-gerais","tag-previsao-do-tempo-para-minas-gerais-16-de-marco","tag-previsao-do-tempo-para-minas-gerais-nesta-quarta-feira","tag-previsao-do-tempo-para-minas-gerais-nesta-quarta-feira-16-de-marco","tag-quarta-feira-16-de-marco"],"_links":{"self":[{"href":"https:\/\/aconteceunovale.com.br\/portal\/index.php?rest_route=\/wp\/v2\/posts\/81768","targetHints":{"allow":["GET"]}}],"collection":[{"href":"https:\/\/aconteceunovale.com.br\/portal\/index.php?rest_route=\/wp\/v2\/posts"}],"about":[{"href":"https:\/\/aconteceunovale.com.br\/portal\/index.php?rest_route=\/wp\/v2\/types\/post"}],"author":[{"embeddable":true,"href":"https:\/\/aconteceunovale.com.br\/portal\/index.php?rest_route=\/wp\/v2\/users\/1"}],"replies":[{"embeddable":true,"href":"https:\/\/aconteceunovale.com.br\/portal\/index.php?rest_route=%2Fwp%2Fv2%2Fcomments&post=81768"}],"version-history":[{"count":0,"href":"https:\/\/aconteceunovale.com.br\/portal\/index.php?rest_route=\/wp\/v2\/posts\/81768\/revisions"}],"wp:featuredmedia":[{"embeddable":true,"href":"https:\/\/aconteceunovale.com.br\/portal\/index.php?rest_route=\/wp\/v2\/media\/51728"}],"wp:attachment":[{"href":"https:\/\/aconteceunovale.com.br\/portal\/index.php?rest_route=%2Fwp%2Fv2%2Fmedia&parent=81768"}],"wp:term":[{"taxonomy":"category","embeddable":true,"href":"https:\/\/aconteceunovale.com.br\/portal\/index.php?rest_route=%2Fwp%2Fv2%2Fcategories&post=81768"},{"taxonomy":"post_tag","embeddable":true,"href":"https:\/\/aconteceunovale.com.br\/portal\/index.php?rest_route=%2Fwp%2Fv2%2Ftags&post=81768"}],"curies":[{"name":"wp","href":"https:\/\/api.w.org\/{rel}","templated":true}]}}