{"id":81761,"date":"2016-03-15T23:34:06","date_gmt":"2016-03-16T02:34:06","guid":{"rendered":"http:\/\/aconteceunovale.com.br\/portal\/?p=81761"},"modified":"2016-03-15T23:34:06","modified_gmt":"2016-03-16T02:34:06","slug":"adolescente-de-17-anos-e-assassinado-em-montes-claros","status":"publish","type":"post","link":"https:\/\/aconteceunovale.com.br\/portal\/?p=81761","title":{"rendered":"Adolescente de 17 anos \u00e9 assassinado em Montes Claros"},"content":{"rendered":"<p>Um adolescente de 17 anos foi assassinado a tiros na tarde desta ter\u00e7a-feira (15\/03) em Montes Claros, na regi\u00e3o Norte de Minas. Segundo a Pol\u00edcia Militar (PM), o crime foi na Rua Treze, no Bairro Village do Lago II.<\/p>\n<p>Testemunhas relataram que a v\u00edtima Keverson Henrique Moreira Maciel estava na rua, quando tr\u00eas suspeitos se aproximaram em um carro de cor escura. Um dos suspeitos desceu e efetuou v\u00e1rios disparos. Eles fugiram e ainda n\u00e3o foram localizados.<\/p>\n<p>A PM informou ainda que o Servi\u00e7o de Atendimento M\u00f3vel de Urg\u00eancia (SAMU) foi acionado, mas a v\u00edtima n\u00e3o resistiu e veio a \u00f3bito no local. O motivo do crime ainda \u00e9 desconhecido e ser\u00e1 investigado pela Pol\u00edcia Civil.<\/p>\n<p><img decoding=\"async\" src=\"http:\/\/aconteceunovale.com.br\/portal\/wp-content\/uploads\/2016\/03\/homicidio_moc.jpg\" alt=\"\" \/><em>Adolescente foi assassinado no Village do Lago II &#8211; Foto: Internauta \/ WhatsApp<\/em><br \/>\n<\/br><\/p>\n<h3><strong>Outras ocorr\u00eancias em Montes Claros<\/strong><\/h3>\n<p>DOIS DETIDOS NO BAIRRO INDEPEND\u00caNCIA<\/p>\n<p>A Pol\u00edcia Militar prendeu um rapaz de 19 anos por tr\u00e1fico de drogas e apreendeu um adolescente de 17 que estava usando maconha no Bairro Independ\u00eancia, em Montes Claros, nesta segunda-feira (14). O menor fugiu para dentro de uma casa ao perceber a aproxima\u00e7\u00e3o de uma viatura da PM. Os policiais foram at\u00e9 o im\u00f3vel, onde a propriet\u00e1ria afirmou que n\u00e3o o conhecia. Durante a abordagem dele, o rapaz apareceu. Segundo a PM, ele aparentava estar nervoso, foi feita uma consulta com os dados do jovem e foi confirmado que ele tinha passagens por tr\u00e1fico de drogas.<\/p>\n<p>Os militares revistaram os dois e nada foi encontrado, mas durante buscas no quarto do rapaz, os PMs encontraram por\u00e7\u00f5es de maconha e coca\u00edna. Ele assumiu ser o dono da droga. J\u00e1 o adolescente contou para os policiais que correu porque estava usando a maconha, que tinha adquirido com o jovem de 19 anos. Os dois foram levados para a delegacia.<\/p>\n<p>MOTORISTA EMBRIAGADO PRESO AP\u00d3S ACIDENTE<\/p>\n<p>Um homem de 42 anos foi preso por dirigir embriagado e sem habilita\u00e7\u00e3o depois de se envolver em um acidente neste domingo (13), perto do Posto da Pol\u00edcia Rodovi\u00e1ria Federal na BR-135, em Montes Claros. No carro dele, a PRF tamb\u00e9m apreendeu tr\u00eas buchas de maconha.<\/p>\n<p>Segundo a pol\u00edcia, o autom\u00f3vel dele bateu na lateral de outro ve\u00edculo, onde viajavam um casal e tr\u00eas filhos. O condutor teve um ferimento leve no joelho. \u00c9 prov\u00e1vel que a colis\u00e3o aconteceu porque o motorista embriagado invadiu a contram\u00e3o.<\/p>\n<p>O homem foi submetido ao baf\u00f4metro e ficou confirmada a embriaguez. A CNH que ele portava era para dirigir moto. O motorista disse para os policiais que seguia de Montes Claros para o s\u00edtio dele, na regi\u00e3o da Lagoinha.<\/p>\n<p><em>(G1 Grande Minas)<\/em><\/p>\n","protected":false},"excerpt":{"rendered":"<p>Um adolescente de 17 anos foi assassinado a tiros na tarde desta ter\u00e7a-feira (15\/03) em Montes Claros, na regi\u00e3o Norte de Minas. Segundo a Pol\u00edcia Militar (PM), o crime foi na Rua Treze, no Bairro Village do Lago II. Testemunhas relataram que a v\u00edtima Keverson Henrique Moreira Maciel estava na rua, quando tr\u00eas suspeitos se [&hellip;]<\/p>\n","protected":false},"author":1,"featured_media":81762,"comment_status":"open","ping_status":"closed","sticky":false,"template":"","format":"standard","meta":{"amp_status":"","footnotes":""},"categories":[1236],"tags":[82854,21968,21967,82852,210,82853,80423,82855,80420],"class_list":["post-81761","post","type-post","status-publish","format-standard","has-post-thumbnail","hentry","category-norte_de_minas","tag-adolescente-de-17-anos-e-assassinado-em-montes-claros","tag-assassinato-montes-claros","tag-homicidio-montes-claros","tag-keverson-henrique-moreira-maciel","tag-montes-claros","tag-morte-montes-claros","tag-ocorrencia-pm-montes-claros","tag-ocorrencia-policia-militar-montes-claros","tag-violencia-montes-claros"],"_links":{"self":[{"href":"https:\/\/aconteceunovale.com.br\/portal\/index.php?rest_route=\/wp\/v2\/posts\/81761","targetHints":{"allow":["GET"]}}],"collection":[{"href":"https:\/\/aconteceunovale.com.br\/portal\/index.php?rest_route=\/wp\/v2\/posts"}],"about":[{"href":"https:\/\/aconteceunovale.com.br\/portal\/index.php?rest_route=\/wp\/v2\/types\/post"}],"author":[{"embeddable":true,"href":"https:\/\/aconteceunovale.com.br\/portal\/index.php?rest_route=\/wp\/v2\/users\/1"}],"replies":[{"embeddable":true,"href":"https:\/\/aconteceunovale.com.br\/portal\/index.php?rest_route=%2Fwp%2Fv2%2Fcomments&post=81761"}],"version-history":[{"count":0,"href":"https:\/\/aconteceunovale.com.br\/portal\/index.php?rest_route=\/wp\/v2\/posts\/81761\/revisions"}],"wp:featuredmedia":[{"embeddable":true,"href":"https:\/\/aconteceunovale.com.br\/portal\/index.php?rest_route=\/wp\/v2\/media\/81762"}],"wp:attachment":[{"href":"https:\/\/aconteceunovale.com.br\/portal\/index.php?rest_route=%2Fwp%2Fv2%2Fmedia&parent=81761"}],"wp:term":[{"taxonomy":"category","embeddable":true,"href":"https:\/\/aconteceunovale.com.br\/portal\/index.php?rest_route=%2Fwp%2Fv2%2Fcategories&post=81761"},{"taxonomy":"post_tag","embeddable":true,"href":"https:\/\/aconteceunovale.com.br\/portal\/index.php?rest_route=%2Fwp%2Fv2%2Ftags&post=81761"}],"curies":[{"name":"wp","href":"https:\/\/api.w.org\/{rel}","templated":true}]}}