{"id":81738,"date":"2016-03-15T19:12:49","date_gmt":"2016-03-15T22:12:49","guid":{"rendered":"http:\/\/aconteceunovale.com.br\/portal\/?p=81738"},"modified":"2016-03-15T19:12:49","modified_gmt":"2016-03-15T22:12:49","slug":"hospital-regional-de-janauba-pode-fechar-as-portas-por-falta-de-recursos","status":"publish","type":"post","link":"https:\/\/aconteceunovale.com.br\/portal\/?p=81738","title":{"rendered":"Hospital Regional de Jana\u00faba pode fechar as portas por falta de recursos"},"content":{"rendered":"<p>A maior institui\u00e7\u00e3o hospitalar da microrregi\u00e3o da Serra Geral, no Norte de Minas, corre o risco de fechar as portas por falta de recursos financeiros. O Hospital Regional de Jana\u00faba possui 81 leitos e recebe em m\u00e9dia a quantia de R$ 800 mil em repasses federais e estaduais, mas acumula uma d\u00edvida de mais de R$ 5 milh\u00f5es com fornecedores e prestadores de servi\u00e7os, segundo o diretor geral da institui\u00e7\u00e3o, Bruno Ata\u00edde.<\/p>\n<p>Na unidade, segundo o diretor, por m\u00eas, s\u00e3o realizados cerca de quatro mil atendimentos de m\u00e9dia complexidade. \u201cN\u00f3s recebemos pacientes de 15 munic\u00edpios da microrregi\u00e3o, e esta d\u00edvida dificulta muito os trabalhos, pois n\u00e3o temos cr\u00e9dito. N\u00f3s acumulamos um d\u00e9ficit de cerca de R$ 400 mil por m\u00eas. Aos poucos estamos regularizando, e estamos tentando alguns incentivos\u201d, explica.<\/p>\n<p>Os problemas financeiros afetam diretamente os atendimentos realizados no hospital, segundo a t\u00e9cnica de enfermagem, Joelma F\u00e1tima da Silva. \u201cO hospital passa por estes problemas estruturais h\u00e1 muito tempo. H\u00e1 uma semana chegaram medicamentos, mas n\u00e3o temos estoques e o caos pode voltar \u00e0 institui\u00e7\u00e3o. Hoje a estrutura n\u00e3o \u00e9 compat\u00edvel para receber os pacientes\u201d, lamenta.<\/p>\n<p><img decoding=\"async\" src=\"http:\/\/aconteceunovale.com.br\/portal\/wp-content\/uploads\/2016\/03\/hospital_regional_janauba_1.jpg\" alt=\"\" \/><em>Hospital Regional de Jana\u00faba &#8211; Foto: Blog Oliveira J\u00fanior <\/em><br \/>\n<\/br><\/p>\n<p><strong>CPI da Sa\u00fade<\/strong><\/p>\n<p>Uma CPI foi instalada na C\u00e2mara Municipal para investigar den\u00fancias de compra abusiva de salgados, realizada pela Secretaria Municipal de Sa\u00fade. De acordo com a den\u00fancia, em 2015 foram pagos mais de R$ 30 mil em salgadinhos distribu\u00eddos em reuni\u00f5es da pasta. <\/p>\n<p>A CPI investiga tamb\u00e9m poss\u00edveis pagamentos indevidos a dois m\u00e9dicos do Hospital Regional e ainda fraudes em licita\u00e7\u00f5es.<\/p>\n<p>Uma das denunciantes foi a t\u00e9cnica de enfermagem Joelma F\u00e1tima da Silva. \u201cN\u00e3o podia me calar diante de tantos problemas acontecendo. Tem muita injusti\u00e7a na sa\u00fade. E se vier a acontecer algum problema com minha fam\u00edlia? Se eu n\u00e3o denunciasse, n\u00e3o estaria cuidando\u201d.<\/p>\n<p>De acordo com o presidente da CPI, as pessoas envolvidas j\u00e1 foram notificadas para prestar depoimentos e o processo deve ser conclu\u00eddo at\u00e9 o m\u00eas de abril.<\/p>\n<p><strong>O que diz a prefeitura?<\/strong><\/p>\n<p>Em nota, a prefeitura de Jana\u00faba afirmou estar ciente dos problemas financeiros enfrentados pelo Hospital Regional. Disse saber tamb\u00e9m \u201cque as receitas atuais n\u00e3o comportam as despesas que a institui\u00e7\u00e3o dispende m\u00eas a m\u00eas\u201d e, por isso, busca \u201carticular a otimiza\u00e7\u00e3o de processos e recursos\u201d.<\/p>\n<p>Quanto \u00e0s den\u00fancias feitas \u00e0 CPI da Sa\u00fade, a prefeitura afirmou que o secret\u00e1rio de sa\u00fade, Gilson Urbano, j\u00e1 explicou em depoimento que os gastos no valor de R$ 30 mil foram com diversos eventos, entre eles \u201ccapacita\u00e7\u00f5es e semin\u00e1rios\u201d.<\/p>\n<p><em>(G1 Grande Minas \/ Rep\u00f3rter: Valdivan Veloso)<\/em><\/p>\n","protected":false},"excerpt":{"rendered":"<p>A maior institui\u00e7\u00e3o hospitalar da microrregi\u00e3o da Serra Geral, no Norte de Minas, corre o risco de fechar as portas por falta de recursos financeiros. O Hospital Regional de Jana\u00faba possui 81 leitos e recebe em m\u00e9dia a quantia de R$ 800 mil em repasses federais e estaduais, mas acumula uma d\u00edvida de mais de [&hellip;]<\/p>\n","protected":false},"author":1,"featured_media":81739,"comment_status":"open","ping_status":"closed","sticky":false,"template":"","format":"standard","meta":{"amp_status":"","footnotes":""},"categories":[1236],"tags":[82804,82806,82807,82811,82809,82810,82805,57912,82812,82808],"class_list":["post-81738","post","type-post","status-publish","format-standard","has-post-thumbnail","hentry","category-norte_de_minas","tag-cpi-da-saude-em-janauba","tag-crise-na-saude-em-janauba","tag-crise-no-hospital-regional-de-janauba","tag-divida-hospital-regional-de-janauba","tag-falta-de-recursos-hospital-regional-de-janauba","tag-falta-de-verbas-hospital-regional-de-janauba","tag-fraudes-na-area-da-saude-em-janauba","tag-hospital-regional-de-janauba","tag-hospital-regional-de-janauba-pode-fechar-as-portas-por-falta-de-recursos","tag-problemas-financeiros-hospital-regional-de-janauba"],"_links":{"self":[{"href":"https:\/\/aconteceunovale.com.br\/portal\/index.php?rest_route=\/wp\/v2\/posts\/81738","targetHints":{"allow":["GET"]}}],"collection":[{"href":"https:\/\/aconteceunovale.com.br\/portal\/index.php?rest_route=\/wp\/v2\/posts"}],"about":[{"href":"https:\/\/aconteceunovale.com.br\/portal\/index.php?rest_route=\/wp\/v2\/types\/post"}],"author":[{"embeddable":true,"href":"https:\/\/aconteceunovale.com.br\/portal\/index.php?rest_route=\/wp\/v2\/users\/1"}],"replies":[{"embeddable":true,"href":"https:\/\/aconteceunovale.com.br\/portal\/index.php?rest_route=%2Fwp%2Fv2%2Fcomments&post=81738"}],"version-history":[{"count":0,"href":"https:\/\/aconteceunovale.com.br\/portal\/index.php?rest_route=\/wp\/v2\/posts\/81738\/revisions"}],"wp:featuredmedia":[{"embeddable":true,"href":"https:\/\/aconteceunovale.com.br\/portal\/index.php?rest_route=\/wp\/v2\/media\/81739"}],"wp:attachment":[{"href":"https:\/\/aconteceunovale.com.br\/portal\/index.php?rest_route=%2Fwp%2Fv2%2Fmedia&parent=81738"}],"wp:term":[{"taxonomy":"category","embeddable":true,"href":"https:\/\/aconteceunovale.com.br\/portal\/index.php?rest_route=%2Fwp%2Fv2%2Fcategories&post=81738"},{"taxonomy":"post_tag","embeddable":true,"href":"https:\/\/aconteceunovale.com.br\/portal\/index.php?rest_route=%2Fwp%2Fv2%2Ftags&post=81738"}],"curies":[{"name":"wp","href":"https:\/\/api.w.org\/{rel}","templated":true}]}}