{"id":81691,"date":"2016-03-15T09:18:51","date_gmt":"2016-03-15T12:18:51","guid":{"rendered":"http:\/\/aconteceunovale.com.br\/portal\/?p=81691"},"modified":"2016-03-15T09:18:51","modified_gmt":"2016-03-15T12:18:51","slug":"previsao-do-tempo-para-minas-gerais-nesta-terca-feira-15-de-marco","status":"publish","type":"post","link":"https:\/\/aconteceunovale.com.br\/portal\/?p=81691","title":{"rendered":"Previs\u00e3o do tempo para Minas Gerais, nesta ter\u00e7a-feira, 15 de mar\u00e7o"},"content":{"rendered":"<h4><strong><em>Apenas no extremo Nordeste de Minas n\u00e3o h\u00e1 previs\u00e3o de chuvas.<\/em><\/strong><\/h4>\n<p>A umidade que vem do sul da Amaz\u00f4nia provocar\u00e1 pancadas de chuva em parte de Minas Gerais, com as mais significativas ocorrendo no Tri\u00e2ngulo Mineiro, enquanto que no Noroeste, Sul, Zona da Mata, Centro e Leste o c\u00e9u fica variando entre parcialmente nublado e o nublado com chuvas isoladas.<\/p>\n<p>Apenas no extremo Nordeste de Minas n\u00e3o h\u00e1 previs\u00e3o de chuvas. Em Belo Horizonte e Regi\u00e3o Metropolitana o tempo fica com c\u00e9u parcialmente nublado e com previs\u00e3o de chuvas isoladas do meio da tarde em diante, com temperaturas variando entre 20 e 29 graus.<\/p>\n","protected":false},"excerpt":{"rendered":"<p>Apenas no extremo Nordeste de Minas n\u00e3o h\u00e1 previs\u00e3o de chuvas. A umidade que vem do sul da Amaz\u00f4nia provocar\u00e1 pancadas de chuva em parte de Minas Gerais, com as mais significativas ocorrendo no Tri\u00e2ngulo Mineiro, enquanto que no Noroeste, Sul, Zona da Mata, Centro e Leste o c\u00e9u fica variando entre parcialmente nublado e [&hellip;]<\/p>\n","protected":false},"author":1,"featured_media":51728,"comment_status":"open","ping_status":"closed","sticky":false,"template":"","format":"standard","meta":{"amp_status":"","footnotes":""},"categories":[123],"tags":[82693,131,36891,1956,1839,82695,28255,82694,82696],"class_list":["post-81691","post","type-post","status-publish","format-standard","has-post-thumbnail","hentry","category-gerais","tag-15-de-marco","tag-minas-gerais","tag-nesta-terca-feira","tag-previsao-do-tempo","tag-previsao-do-tempo-para-minas-gerais","tag-previsao-do-tempo-para-minas-gerais-15-de-marco","tag-previsao-do-tempo-para-minas-gerais-nesta-terca-feira","tag-previsao-do-tempo-para-minas-gerais-nesta-terca-feira-15-de-marco","tag-terca-feira-15-de-marco"],"_links":{"self":[{"href":"https:\/\/aconteceunovale.com.br\/portal\/index.php?rest_route=\/wp\/v2\/posts\/81691","targetHints":{"allow":["GET"]}}],"collection":[{"href":"https:\/\/aconteceunovale.com.br\/portal\/index.php?rest_route=\/wp\/v2\/posts"}],"about":[{"href":"https:\/\/aconteceunovale.com.br\/portal\/index.php?rest_route=\/wp\/v2\/types\/post"}],"author":[{"embeddable":true,"href":"https:\/\/aconteceunovale.com.br\/portal\/index.php?rest_route=\/wp\/v2\/users\/1"}],"replies":[{"embeddable":true,"href":"https:\/\/aconteceunovale.com.br\/portal\/index.php?rest_route=%2Fwp%2Fv2%2Fcomments&post=81691"}],"version-history":[{"count":0,"href":"https:\/\/aconteceunovale.com.br\/portal\/index.php?rest_route=\/wp\/v2\/posts\/81691\/revisions"}],"wp:featuredmedia":[{"embeddable":true,"href":"https:\/\/aconteceunovale.com.br\/portal\/index.php?rest_route=\/wp\/v2\/media\/51728"}],"wp:attachment":[{"href":"https:\/\/aconteceunovale.com.br\/portal\/index.php?rest_route=%2Fwp%2Fv2%2Fmedia&parent=81691"}],"wp:term":[{"taxonomy":"category","embeddable":true,"href":"https:\/\/aconteceunovale.com.br\/portal\/index.php?rest_route=%2Fwp%2Fv2%2Fcategories&post=81691"},{"taxonomy":"post_tag","embeddable":true,"href":"https:\/\/aconteceunovale.com.br\/portal\/index.php?rest_route=%2Fwp%2Fv2%2Ftags&post=81691"}],"curies":[{"name":"wp","href":"https:\/\/api.w.org\/{rel}","templated":true}]}}