{"id":81682,"date":"2016-03-14T23:40:03","date_gmt":"2016-03-15T02:40:03","guid":{"rendered":"http:\/\/aconteceunovale.com.br\/portal\/?p=81682"},"modified":"2016-03-14T23:40:03","modified_gmt":"2016-03-15T02:40:03","slug":"acidente-com-veiculo-de-cantor-sertanejo-mata-uma-pessoa-na-br-458-no-vale-do-rio-doce","status":"publish","type":"post","link":"https:\/\/aconteceunovale.com.br\/portal\/?p=81682","title":{"rendered":"Acidente com ve\u00edculo de cantor sertanejo mata uma pessoa na BR-458, no Vale do Rio Doce"},"content":{"rendered":"<p>O motociclista Alberone Martins de Oliveira, de 32 anos, morreu ap\u00f3s ser atingido por um carro no quil\u00f4metro 126 da BR-458, em Ipaba, no Vale do Rio Doce. O acidente foi registrado na noite desse domingo, 13 de mar\u00e7o, pr\u00f3ximo ao distrito de Vale Verde de Minas.<\/p>\n<p>Segundo a Pol\u00edcia Militar Rodovi\u00e1ria (PMR), o acidente teria sido provocado pelo motorista inabilitado Paulo Felipe Carreiro Morais, de 28 anos, que conduzia um ve\u00edculo Honda Fit de cor preta, placas de Ipatinga. Ap\u00f3s a colis\u00e3o, ele fugiu do local do acidente.<\/p>\n<p>Durante o atendimento da ocorr\u00eancia, o propriet\u00e1rio do Honda Fit, Relber Andr\u00e9 Pereira Costa, conhecido como Relber, da dupla sertaneja Relber e Alan, chegou ao local e relatou que Paulo pegou o seu ve\u00edculo sem a sua autoriza\u00e7\u00e3o. Aos policiais, ele destacou que Paulo tinha conhecimento de onde estavam as chaves do ve\u00edculo e ele estava na casa com os amigos do artista. Aos policiais militares, Relber contou que tomou conhecimento dos fatos ap\u00f3s uma liga\u00e7\u00e3o telef\u00f4nica de Paulo relatando o atropelamento.<\/p>\n<p>Relber, dono do carro, foi conduzido \u00e0 Delegacia de Pol\u00edcia Civil de Caratinga para prestar esclarecimentos ao delegado de plant\u00e3o.<\/p>\n<p><strong>Na contram\u00e3o<\/strong><\/p>\n<p>De acordo com o boletim de ocorr\u00eancia, a partir dos relatos das testemunhas e dos condutores, ficou constatado que o motociclista Alberone Martins seguia pela rodovia no sentido decrescente, acompanhado, logo atr\u00e1s, pelo ve\u00edculo GM Opala, que era conduzido por seu cunhado, Heli da Silva Carlos. O motorista do ve\u00edculo de passeio relatou que, inesperadamente, eles se depararam com o ve\u00edculo Honda Fit na contram\u00e3o de dire\u00e7\u00e3o, possivelmente para esquivar-se da fiscaliza\u00e7\u00e3o eletr\u00f4nica (radar) existente no local.<\/p>\n<p>Ainda segundo relatos da v\u00edtima Heli, o motorista do Honda Fit atingiu Alberone e, na sequ\u00eancia, o seu ve\u00edculo Opala. Heli e os demais ocupantes do carro n\u00e3o se feriram.<\/p>\n<p>Ainda no local dos fatos, Relber destacou que, possivelmente, Paulo Felipe pudesse estar sob efeito de bebida alco\u00f3lica. As causas e circunst\u00e2ncias do acidente s\u00e3o apuradas pela pol\u00edcia.<\/p>\n<p><img decoding=\"async\" src=\"http:\/\/aconteceunovale.com.br\/portal\/wp-content\/uploads\/2016\/03\/motociclista_alberone.jpg\" alt=\"\" \/><em>Alberone Martins de Oliveira tinha 32 anos &#8211; Foto: Reprodu\u00e7\u00e3o<\/em><br \/>\n<\/br><\/p>\n<p><em>(Fonte: TV Super Canal de Caratinga)<\/em><\/p>\n","protected":false},"excerpt":{"rendered":"<p>O motociclista Alberone Martins de Oliveira, de 32 anos, morreu ap\u00f3s ser atingido por um carro no quil\u00f4metro 126 da BR-458, em Ipaba, no Vale do Rio Doce. O acidente foi registrado na noite desse domingo, 13 de mar\u00e7o, pr\u00f3ximo ao distrito de Vale Verde de Minas. Segundo a Pol\u00edcia Militar Rodovi\u00e1ria (PMR), o acidente [&hellip;]<\/p>\n","protected":false},"author":1,"featured_media":81683,"comment_status":"open","ping_status":"closed","sticky":false,"template":"","format":"standard","meta":{"amp_status":"","footnotes":""},"categories":[121],"tags":[82684,82687,82686,82688,82690,82689,82691,64987,50739,82680,82678,82679,82685,2234,201,82682,82683,818,82681],"class_list":["post-81682","post","type-post","status-publish","format-standard","has-post-thumbnail","hentry","category-leste","tag-acidente-carro-cantor-relber","tag-acidente-com-carro-de-cantor-sertanejo-mata-uma-pessoa-na-br-458-em-ipaba","tag-acidente-com-carro-de-cantor-sertanejo-mata-uma-pessoa-na-br-458-no-vale-do-rio-doce","tag-acidente-com-carro-do-cantor-relber-mata-uma-pessoa-na-br-458","tag-acidente-com-carro-do-cantor-relber-mata-uma-pessoa-na-br-458-em-ipaba","tag-acidente-com-carro-do-cantor-relber-mata-uma-pessoa-na-br-458-no-vale-do-rio-doce","tag-acidente-com-veiculo-de-cantor-sertanejo-mata-uma-pessoa-na-br-458","tag-acidente-em-ipaba","tag-acidente-na-br-458","tag-acidente-na-br-458-em-ipaba","tag-alberone-martins-de-oliveira","tag-br-458","tag-dupla-relber-e-alan","tag-ipaba","tag-ipatinga","tag-paulo-felipe-carreiro-morais","tag-relber-andre-pereira-costa","tag-relber-e-alan","tag-vale-verde-de-minas"],"_links":{"self":[{"href":"https:\/\/aconteceunovale.com.br\/portal\/index.php?rest_route=\/wp\/v2\/posts\/81682","targetHints":{"allow":["GET"]}}],"collection":[{"href":"https:\/\/aconteceunovale.com.br\/portal\/index.php?rest_route=\/wp\/v2\/posts"}],"about":[{"href":"https:\/\/aconteceunovale.com.br\/portal\/index.php?rest_route=\/wp\/v2\/types\/post"}],"author":[{"embeddable":true,"href":"https:\/\/aconteceunovale.com.br\/portal\/index.php?rest_route=\/wp\/v2\/users\/1"}],"replies":[{"embeddable":true,"href":"https:\/\/aconteceunovale.com.br\/portal\/index.php?rest_route=%2Fwp%2Fv2%2Fcomments&post=81682"}],"version-history":[{"count":0,"href":"https:\/\/aconteceunovale.com.br\/portal\/index.php?rest_route=\/wp\/v2\/posts\/81682\/revisions"}],"wp:featuredmedia":[{"embeddable":true,"href":"https:\/\/aconteceunovale.com.br\/portal\/index.php?rest_route=\/wp\/v2\/media\/81683"}],"wp:attachment":[{"href":"https:\/\/aconteceunovale.com.br\/portal\/index.php?rest_route=%2Fwp%2Fv2%2Fmedia&parent=81682"}],"wp:term":[{"taxonomy":"category","embeddable":true,"href":"https:\/\/aconteceunovale.com.br\/portal\/index.php?rest_route=%2Fwp%2Fv2%2Fcategories&post=81682"},{"taxonomy":"post_tag","embeddable":true,"href":"https:\/\/aconteceunovale.com.br\/portal\/index.php?rest_route=%2Fwp%2Fv2%2Ftags&post=81682"}],"curies":[{"name":"wp","href":"https:\/\/api.w.org\/{rel}","templated":true}]}}