{"id":81392,"date":"2016-03-11T20:49:15","date_gmt":"2016-03-11T23:49:15","guid":{"rendered":"http:\/\/aconteceunovale.com.br\/portal\/?p=81392"},"modified":"2016-03-11T20:49:15","modified_gmt":"2016-03-11T23:49:15","slug":"mulher-fica-ferida-em-acidente-no-municipio-de-santana-do-paraiso-no-vale-do-aco","status":"publish","type":"post","link":"https:\/\/aconteceunovale.com.br\/portal\/?p=81392","title":{"rendered":"Mulher fica ferida em acidente no munic\u00edpio de Santana do Para\u00edso, no Vale do A\u00e7o"},"content":{"rendered":"<p>Uma mulher de 29 anos ficou ferida em um acidente na tarde desta sexta-feira, 11 de mar\u00e7o, em Santana do Para\u00edso, na regi\u00e3o do Vale do A\u00e7o. Segundo a Pol\u00edcia Militar (PM), a motorista perdeu o controle do ve\u00edculo ao entrar em uma curva da Serra da Vi\u00fava e acabou capotando em uma ribanceira.<\/p>\n<p>Ainda de acordo com a PM, a v\u00edtima foi arremessada cerca de 30 metros para fora do ve\u00edculo. A mulher estava consciente no momento do socorro, mas apresentava v\u00e1rios hematomas pelo corpo. A v\u00edtima foi encaminhada para um hospital de Ipatinga, na mesma regi\u00e3o.<\/p>\n<p><img decoding=\"async\" src=\"http:\/\/aconteceunovale.com.br\/portal\/wp-content\/uploads\/2016\/03\/acidente_serra_da_viuva_1.jpg\" alt=\"\" \/><em>V\u00edtima foi arremessada para fora do carro (Foto: Pol\u00edcia Militar \/ Divulga\u00e7\u00e3o)<\/em><br \/>\n<\/br><\/p>\n<p>(G1 dos Vales)<\/p>\n","protected":false},"excerpt":{"rendered":"<p>Uma mulher de 29 anos ficou ferida em um acidente na tarde desta sexta-feira, 11 de mar\u00e7o, em Santana do Para\u00edso, na regi\u00e3o do Vale do A\u00e7o. Segundo a Pol\u00edcia Militar (PM), a motorista perdeu o controle do ve\u00edculo ao entrar em uma curva da Serra da Vi\u00fava e acabou capotando em uma ribanceira. Ainda [&hellip;]<\/p>\n","protected":false},"author":1,"featured_media":81393,"comment_status":"open","ping_status":"closed","sticky":false,"template":"","format":"standard","meta":{"amp_status":"","footnotes":""},"categories":[121],"tags":[82081,82082,82080,2101],"class_list":["post-81392","post","type-post","status-publish","format-standard","has-post-thumbnail","hentry","category-leste","tag-acidente-em-santana-do-paraiso","tag-acidente-na-serra-da-viuva-em-santana-do-paraiso","tag-mulher-fica-ferida-em-acidente-no-municipio-de-santana-do-paraiso","tag-santana-do-paraiso"],"_links":{"self":[{"href":"https:\/\/aconteceunovale.com.br\/portal\/index.php?rest_route=\/wp\/v2\/posts\/81392","targetHints":{"allow":["GET"]}}],"collection":[{"href":"https:\/\/aconteceunovale.com.br\/portal\/index.php?rest_route=\/wp\/v2\/posts"}],"about":[{"href":"https:\/\/aconteceunovale.com.br\/portal\/index.php?rest_route=\/wp\/v2\/types\/post"}],"author":[{"embeddable":true,"href":"https:\/\/aconteceunovale.com.br\/portal\/index.php?rest_route=\/wp\/v2\/users\/1"}],"replies":[{"embeddable":true,"href":"https:\/\/aconteceunovale.com.br\/portal\/index.php?rest_route=%2Fwp%2Fv2%2Fcomments&post=81392"}],"version-history":[{"count":0,"href":"https:\/\/aconteceunovale.com.br\/portal\/index.php?rest_route=\/wp\/v2\/posts\/81392\/revisions"}],"wp:featuredmedia":[{"embeddable":true,"href":"https:\/\/aconteceunovale.com.br\/portal\/index.php?rest_route=\/wp\/v2\/media\/81393"}],"wp:attachment":[{"href":"https:\/\/aconteceunovale.com.br\/portal\/index.php?rest_route=%2Fwp%2Fv2%2Fmedia&parent=81392"}],"wp:term":[{"taxonomy":"category","embeddable":true,"href":"https:\/\/aconteceunovale.com.br\/portal\/index.php?rest_route=%2Fwp%2Fv2%2Fcategories&post=81392"},{"taxonomy":"post_tag","embeddable":true,"href":"https:\/\/aconteceunovale.com.br\/portal\/index.php?rest_route=%2Fwp%2Fv2%2Ftags&post=81392"}],"curies":[{"name":"wp","href":"https:\/\/api.w.org\/{rel}","templated":true}]}}