{"id":81340,"date":"2016-03-11T09:32:34","date_gmt":"2016-03-11T12:32:34","guid":{"rendered":"http:\/\/aconteceunovale.com.br\/portal\/?p=81340"},"modified":"2016-03-11T09:32:34","modified_gmt":"2016-03-11T12:32:34","slug":"cemig-investe-r-49-milhoes-em-acoes-de-prevencao-e-reforco-da-rede-eletrica-do-leste-de-minas","status":"publish","type":"post","link":"https:\/\/aconteceunovale.com.br\/portal\/?p=81340","title":{"rendered":"Cemig investe R$ 49 milh\u00f5es em a\u00e7\u00f5es de preven\u00e7\u00e3o e refor\u00e7o da rede el\u00e9trica do Leste de Minas"},"content":{"rendered":"<p>A Companhia Energ\u00e9tica de Minas Gerais \u2013 Cemig vai investir, s\u00f3 neste ano, cerca  de R$ 49 milh\u00f5es de reais em a\u00e7\u00f5es que previnem falta de energia e refor\u00e7am a rede el\u00e9trica, como inspe\u00e7\u00e3o termogr\u00e1fica, poda de \u00e1rvore, substitui\u00e7\u00e3o e instala\u00e7\u00e3o de novos equipamentos na rede.<\/p>\n<p>Iniciada esta semana em Governador Valadares, as inspe\u00e7\u00f5es termogr\u00e1ficas utilizam c\u00e2meras de tecnologia infravermelho com capacidade de identificar os \u201cpontos quentes\u201d. Segundo o engenheiro do sistema el\u00e9trico, Madsson L\u00facio de Oliveira,  \u201cos pontos quentes  surgem em fun\u00e7\u00e3o de uma m\u00e1 conex\u00e3o na rede, e o objetivo \u00e9  identificar estes locais e corrigi-los antes que causem falta de energia\u201d. Est\u00e1 prevista ainda inspe\u00e7\u00e3o na rede de Ipatinga, Te\u00f3filo Otoni, Jo\u00e3o Monlevade, Itabira, Caratinga, Ara\u00e7ua\u00ed e Almenara. Aproximadamente 3 mil km de rede ser\u00e3o vistoriados.<\/p>\n<p>Tamb\u00e9m para evitar desligamentos, a Empresa vai realizar a poda de cerca de 24 mil \u00e1rvores que estejam em conflito com a rede el\u00e9trica, substituir postes e transformadores. Estas a\u00e7\u00f5es s\u00e3o importantes para manter o sistema el\u00e9trico operando e manter a qualidade da energia distribu\u00edda.<\/p>\n<p>A Cemig deve instalar ainda 233 religadores autom\u00e1ticos, dispositivos que ao detectar algum falha no circuito, religa o sistema automaticamente sem a necessidade de uma equipe de eletricistas. O equipamento facilita ainda as manobras operativas quando h\u00e1 falta de energia, diminuindo o tempo da interrup\u00e7\u00e3o. (Cemig)<\/p>\n","protected":false},"excerpt":{"rendered":"<p>A Companhia Energ\u00e9tica de Minas Gerais \u2013 Cemig vai investir, s\u00f3 neste ano, cerca de R$ 49 milh\u00f5es de reais em a\u00e7\u00f5es que previnem falta de energia e refor\u00e7am a rede el\u00e9trica, como inspe\u00e7\u00e3o termogr\u00e1fica, poda de \u00e1rvore, substitui\u00e7\u00e3o e instala\u00e7\u00e3o de novos equipamentos na rede. Iniciada esta semana em Governador Valadares, as inspe\u00e7\u00f5es termogr\u00e1ficas [&hellip;]<\/p>\n","protected":false},"author":1,"featured_media":81341,"comment_status":"open","ping_status":"closed","sticky":false,"template":"","format":"standard","meta":{"amp_status":"","footnotes":""},"categories":[121],"tags":[142,186,237,347,81968,247,201,202,1102,81972,81971,81970,81969,164],"class_list":["post-81340","post","type-post","status-publish","format-standard","has-post-thumbnail","hentry","category-leste","tag-almenara","tag-aracuai","tag-caratinga","tag-cemig","tag-cemig-investe-r-49-milhoes-em-acoes-de-prevencao-e-reforco-da-rede-eletrica-do-leste-de-minas","tag-governador-valadares","tag-ipatinga","tag-itabira","tag-joao-monlevade","tag-madsson-lucio-de-oliveira","tag-prevencao-da-rede-eletrica-do-leste-de-minas","tag-prevencao-e-reforco-da-rede-eletrica-do-leste-de-minas","tag-reforco-da-rede-eletrica-do-leste-de-minas","tag-teofilo-otoni"],"_links":{"self":[{"href":"https:\/\/aconteceunovale.com.br\/portal\/index.php?rest_route=\/wp\/v2\/posts\/81340","targetHints":{"allow":["GET"]}}],"collection":[{"href":"https:\/\/aconteceunovale.com.br\/portal\/index.php?rest_route=\/wp\/v2\/posts"}],"about":[{"href":"https:\/\/aconteceunovale.com.br\/portal\/index.php?rest_route=\/wp\/v2\/types\/post"}],"author":[{"embeddable":true,"href":"https:\/\/aconteceunovale.com.br\/portal\/index.php?rest_route=\/wp\/v2\/users\/1"}],"replies":[{"embeddable":true,"href":"https:\/\/aconteceunovale.com.br\/portal\/index.php?rest_route=%2Fwp%2Fv2%2Fcomments&post=81340"}],"version-history":[{"count":0,"href":"https:\/\/aconteceunovale.com.br\/portal\/index.php?rest_route=\/wp\/v2\/posts\/81340\/revisions"}],"wp:featuredmedia":[{"embeddable":true,"href":"https:\/\/aconteceunovale.com.br\/portal\/index.php?rest_route=\/wp\/v2\/media\/81341"}],"wp:attachment":[{"href":"https:\/\/aconteceunovale.com.br\/portal\/index.php?rest_route=%2Fwp%2Fv2%2Fmedia&parent=81340"}],"wp:term":[{"taxonomy":"category","embeddable":true,"href":"https:\/\/aconteceunovale.com.br\/portal\/index.php?rest_route=%2Fwp%2Fv2%2Fcategories&post=81340"},{"taxonomy":"post_tag","embeddable":true,"href":"https:\/\/aconteceunovale.com.br\/portal\/index.php?rest_route=%2Fwp%2Fv2%2Ftags&post=81340"}],"curies":[{"name":"wp","href":"https:\/\/api.w.org\/{rel}","templated":true}]}}