{"id":81252,"date":"2016-03-10T09:55:59","date_gmt":"2016-03-10T12:55:59","guid":{"rendered":"http:\/\/aconteceunovale.com.br\/portal\/?p=81252"},"modified":"2016-03-10T09:55:59","modified_gmt":"2016-03-10T12:55:59","slug":"previsao-do-tempo-para-minas-gerais-nesta-quinta-feira-10-de-marco","status":"publish","type":"post","link":"https:\/\/aconteceunovale.com.br\/portal\/?p=81252","title":{"rendered":"Previs\u00e3o do tempo para Minas Gerais, nesta quinta-feira, 10 de mar\u00e7o"},"content":{"rendered":"<h4><strong><em>O tempo deve ficar parcialmente nublado com pancadas de chuva localizada no Noroeste, Tri\u00e2ngulo Mineiro, Alto Parana\u00edba, Campo das Vertentes e Sul.<\/em><\/strong><\/h4>\n<p>A presen\u00e7a de uma massa de ar seco dificulta a forma\u00e7\u00e3o de nuvens de chuva em grande parte do Sudeste brasileiro. Em Minas Gerais, o tempo deve ficar parcialmente nublado com pancadas de chuva localizada no Noroeste, Tri\u00e2ngulo Mineiro, Alto Parana\u00edba, Campo das Vertentes e Sul.<\/p>\n<p>Nas outras regi\u00f5es do estado, o tempo segue ensolarado a parcialmente nublado e sem chuvas. Na Regi\u00e3o Metropolitana de Belo Horizonte o dia ser\u00e1 de sol entre nuvens. Na capital mineira o tempo permanece ensolarado a parcialmente nublado e n\u00e3o h\u00e1 previs\u00e3o de chuvas. As temperaturas devem variar entre 17\u00b0C e 30\u00b0C com umidade relativa do ar m\u00ednima em torno dos 50%.<\/p>\n","protected":false},"excerpt":{"rendered":"<p>O tempo deve ficar parcialmente nublado com pancadas de chuva localizada no Noroeste, Tri\u00e2ngulo Mineiro, Alto Parana\u00edba, Campo das Vertentes e Sul. A presen\u00e7a de uma massa de ar seco dificulta a forma\u00e7\u00e3o de nuvens de chuva em grande parte do Sudeste brasileiro. Em Minas Gerais, o tempo deve ficar parcialmente nublado com pancadas de [&hellip;]<\/p>\n","protected":false},"author":1,"featured_media":51728,"comment_status":"open","ping_status":"closed","sticky":false,"template":"","format":"standard","meta":{"amp_status":"","footnotes":""},"categories":[123],"tags":[36892,131,37346,1956,1839,81781,29257,81779,81780],"class_list":["post-81252","post","type-post","status-publish","format-standard","has-post-thumbnail","hentry","category-gerais","tag-10-de-marco","tag-minas-gerais","tag-nesta-quinta-feira","tag-previsao-do-tempo","tag-previsao-do-tempo-para-minas-gerais","tag-previsao-do-tempo-para-minas-gerais-10-de-marco","tag-previsao-do-tempo-para-minas-gerais-nesta-quinta-feira","tag-previsao-do-tempo-para-minas-gerais-nesta-quinta-feira-10-de-marco","tag-quinta-feira-10-de-marco"],"_links":{"self":[{"href":"https:\/\/aconteceunovale.com.br\/portal\/index.php?rest_route=\/wp\/v2\/posts\/81252","targetHints":{"allow":["GET"]}}],"collection":[{"href":"https:\/\/aconteceunovale.com.br\/portal\/index.php?rest_route=\/wp\/v2\/posts"}],"about":[{"href":"https:\/\/aconteceunovale.com.br\/portal\/index.php?rest_route=\/wp\/v2\/types\/post"}],"author":[{"embeddable":true,"href":"https:\/\/aconteceunovale.com.br\/portal\/index.php?rest_route=\/wp\/v2\/users\/1"}],"replies":[{"embeddable":true,"href":"https:\/\/aconteceunovale.com.br\/portal\/index.php?rest_route=%2Fwp%2Fv2%2Fcomments&post=81252"}],"version-history":[{"count":0,"href":"https:\/\/aconteceunovale.com.br\/portal\/index.php?rest_route=\/wp\/v2\/posts\/81252\/revisions"}],"wp:featuredmedia":[{"embeddable":true,"href":"https:\/\/aconteceunovale.com.br\/portal\/index.php?rest_route=\/wp\/v2\/media\/51728"}],"wp:attachment":[{"href":"https:\/\/aconteceunovale.com.br\/portal\/index.php?rest_route=%2Fwp%2Fv2%2Fmedia&parent=81252"}],"wp:term":[{"taxonomy":"category","embeddable":true,"href":"https:\/\/aconteceunovale.com.br\/portal\/index.php?rest_route=%2Fwp%2Fv2%2Fcategories&post=81252"},{"taxonomy":"post_tag","embeddable":true,"href":"https:\/\/aconteceunovale.com.br\/portal\/index.php?rest_route=%2Fwp%2Fv2%2Ftags&post=81252"}],"curies":[{"name":"wp","href":"https:\/\/api.w.org\/{rel}","templated":true}]}}