{"id":81194,"date":"2016-03-09T13:43:34","date_gmt":"2016-03-09T16:43:34","guid":{"rendered":"http:\/\/aconteceunovale.com.br\/portal\/?p=81194"},"modified":"2016-03-09T13:43:34","modified_gmt":"2016-03-09T16:43:34","slug":"governo-lanca-nova-etapa-do-pronatec-com-2-milhoes-de-vagas","status":"publish","type":"post","link":"https:\/\/aconteceunovale.com.br\/portal\/?p=81194","title":{"rendered":"Governo lan\u00e7a nova etapa do Pronatec com 2 milh\u00f5es de vagas"},"content":{"rendered":"<p>O governo federal lan\u00e7ou hoje (9\/3) nova etapa do Programa Nacional de Acesso ao Ensino T\u00e9cnico e Emprego (Pronatec), com a meta de oferecer 2 milh\u00f5es de vagas, em 2016: 372 mil para cursos t\u00e9cnicos e 1,627 milh\u00e3o para cursos de qualifica\u00e7\u00e3o profissional.<\/p>\n<p>De acordo com o Minist\u00e9rio da Educa\u00e7\u00e3o (MEC), um dos destaques desta etapa do programa \u00e9 o fortalecimento do Pronatec EJA (Educa\u00e7\u00e3o de Jovens e Adultos). A ideia \u00e9 que os jovens e adultos que interromperam seus estudos tenham a oportunidade de participar do programa, tendo seus conhecimentos \u2013 oriundos do trabalho e de experi\u00eancias anteriores \u2013 valorizados e aproveitados ao longo dos cursos.<\/p>\n<p>\u201cTemos que dar a oportunidade que esse pa\u00eds n\u00e3o deu para os trabalhadores e trabalhadoras que quiserem voltar a estudar. Vamos associar o ensino t\u00e9cnico e a qualifica\u00e7\u00e3o profissional com a educa\u00e7\u00e3o de jovens e adultos. Ao mesmo tempo em que ele est\u00e1 se qualificando no Pronatec, ele pode concluir o ensino fundamental, pode concluir o ensino m\u00e9dio. N\u00f3s queremos que eles voltem a estudar regularmente junto com a qualifica\u00e7\u00e3o profissional\u201d, disse o ministro da Educa\u00e7\u00e3o, Aloizio Mercadante, durante cerim\u00f4nia de lan\u00e7amento do programa, no Pal\u00e1cio do Planalto.<\/p>\n<p>O MEC tamb\u00e9m informou que os estudantes poder\u00e3o optar pelo e-Pronatec, que permite \u00e0 pessoa estudar online onde e quando preferir, de acordo com sua disponibilidade. Segundo a pasta, o aluno vai estudar por meio de plataformas digitais, simuladores, anima\u00e7\u00f5es e outros m\u00e9todos de aprendizagem na internet, na TV Escola e em outros canais educativos, oferecidos principalmente pelos institutos federais e pelo Sistema S.<\/p>\n<p>&#8220;Junto com o Senai estamos criando uma plataforma muito moderna que \u00e9 o &#8216;MecFlix'&#8221;, disse Mercadante. &#8220;Vamos ter videoaulas l\u00e1, exerc\u00edcios sempre dispon\u00edveis para fazer os cursos. Vai ter simuladores, orienta\u00e7\u00e3o dos professores, uma sala para os estudantes poderem dialogar entre eles.&#8221;<\/p>\n<p>O Pronatec foi criado em 2011 pelo governo federal com o objetivo de ampliar a oferta de cursos de educa\u00e7\u00e3o profissional e tecnol\u00f3gica. De 2011 a 2015, o Pronatec registrou 9,4 milh\u00f5es de matr\u00edculas entre cursos t\u00e9cnicos e de qualifica\u00e7\u00e3o profissional. No ano passado, foram 1,3 milh\u00e3o de matr\u00edculas. (Ag\u00eancia Brasil)<\/p>\n","protected":false},"excerpt":{"rendered":"<p>O governo federal lan\u00e7ou hoje (9\/3) nova etapa do Programa Nacional de Acesso ao Ensino T\u00e9cnico e Emprego (Pronatec), com a meta de oferecer 2 milh\u00f5es de vagas, em 2016: 372 mil para cursos t\u00e9cnicos e 1,627 milh\u00e3o para cursos de qualifica\u00e7\u00e3o profissional. De acordo com o Minist\u00e9rio da Educa\u00e7\u00e3o (MEC), um dos destaques desta [&hellip;]<\/p>\n","protected":false},"author":1,"featured_media":76527,"comment_status":"open","ping_status":"closed","sticky":false,"template":"","format":"standard","meta":{"amp_status":"","footnotes":""},"categories":[6,40238],"tags":[27235,26061,30766,81697,81696,81693,81694,61731,36144,1296,81695,62279],"class_list":["post-81194","post","type-post","status-publish","format-standard","has-post-thumbnail","hentry","category-br","category-educacao-2","tag-educacao-para-jovens-e-adultos","tag-ensino-medio","tag-ensino-tecnico","tag-governo-lanca-nova-etapa-do-pronatec-com-2-milhoes-de-vagas","tag-mecflix","tag-nova-etapa-do-programa-nacional-de-acesso-ao-ensino-tecnico-e-emprego","tag-nova-etapa-do-pronatec","tag-palacio-do-planalto","tag-programa-nacional-de-acesso-ao-ensino-tecnico-e-emprego","tag-pronatec","tag-pronatec-eja","tag-sistema-s"],"_links":{"self":[{"href":"https:\/\/aconteceunovale.com.br\/portal\/index.php?rest_route=\/wp\/v2\/posts\/81194","targetHints":{"allow":["GET"]}}],"collection":[{"href":"https:\/\/aconteceunovale.com.br\/portal\/index.php?rest_route=\/wp\/v2\/posts"}],"about":[{"href":"https:\/\/aconteceunovale.com.br\/portal\/index.php?rest_route=\/wp\/v2\/types\/post"}],"author":[{"embeddable":true,"href":"https:\/\/aconteceunovale.com.br\/portal\/index.php?rest_route=\/wp\/v2\/users\/1"}],"replies":[{"embeddable":true,"href":"https:\/\/aconteceunovale.com.br\/portal\/index.php?rest_route=%2Fwp%2Fv2%2Fcomments&post=81194"}],"version-history":[{"count":0,"href":"https:\/\/aconteceunovale.com.br\/portal\/index.php?rest_route=\/wp\/v2\/posts\/81194\/revisions"}],"wp:featuredmedia":[{"embeddable":true,"href":"https:\/\/aconteceunovale.com.br\/portal\/index.php?rest_route=\/wp\/v2\/media\/76527"}],"wp:attachment":[{"href":"https:\/\/aconteceunovale.com.br\/portal\/index.php?rest_route=%2Fwp%2Fv2%2Fmedia&parent=81194"}],"wp:term":[{"taxonomy":"category","embeddable":true,"href":"https:\/\/aconteceunovale.com.br\/portal\/index.php?rest_route=%2Fwp%2Fv2%2Fcategories&post=81194"},{"taxonomy":"post_tag","embeddable":true,"href":"https:\/\/aconteceunovale.com.br\/portal\/index.php?rest_route=%2Fwp%2Fv2%2Ftags&post=81194"}],"curies":[{"name":"wp","href":"https:\/\/api.w.org\/{rel}","templated":true}]}}