{"id":81190,"date":"2016-03-09T13:15:23","date_gmt":"2016-03-09T16:15:23","guid":{"rendered":"http:\/\/aconteceunovale.com.br\/portal\/?p=81190"},"modified":"2016-03-09T13:15:23","modified_gmt":"2016-03-09T16:15:23","slug":"bispo-que-fez-comentario-polemico-apos-discurso-de-lula-e-nomeado-para-a-arquidiocese-de-diamantina","status":"publish","type":"post","link":"https:\/\/aconteceunovale.com.br\/portal\/?p=81190","title":{"rendered":"Bispo que fez coment\u00e1rio pol\u00eamico ap\u00f3s discurso de Lula \u00e9 nomeado para a Arquidiocese de Diamantina"},"content":{"rendered":"<p>O papa Francisco nomeou nesta quarta-feira (9\/3) dom Darci Jos\u00e9 Nicioli como novo arcebispo metropolitano de Diamantina, no Vale do Jequitinhonha. O religioso ganhou destaque na m\u00eddia recentemente ao orientar fi\u00e9is a vencer o \u201cmal das jararacas\u201d depois do discurso do ex-presidente Luiz In\u00e1cio Lula da Silva na \u00faltima sexta-feira. <\/p>\n<p>Segundo a Confer\u00eancia Nacional dos Bispos do Brasil (CNBB), o an\u00fancio foi feito ap\u00f3s o acolhimento do pedido de ren\u00fancia apresentado por dom Jo\u00e3o Bosco Oliver de Faria, em fun\u00e7\u00e3o de ter completado 75 anos, conforme estabelece o C\u00f3digo de Direito Can\u00f4nico. <\/p>\n<p><img decoding=\"async\" src=\"http:\/\/aconteceunovale.com.br\/portal\/wp-content\/uploads\/2016\/03\/bispo_diamantina.jpg\" alt=\"\" \/><em>Bispo nasceu em Jacutinga, no Sul de Minas (Foto: Site da Arquidiocese de Pouso Alegre)<\/em><br \/>\n<\/br><\/p>\n<p>Dom Darci nasceu em 1959 em Jacutinga, no Sul de Minas, e foi ordenado sacerdote em fevereiro de 1986. De 2009 a 2013 foi superior e reitor do Santu\u00e1rio Nacional de Aparecida e vig\u00e1rio-geral da prov\u00edncia Redentorista de S\u00e3o Paulo (2013-2014). \u00c9 mestre em teologia pelo Pontif\u00edcio Ateneo St. Anselmo, de Roma.<\/p>\n<p>\u201cVejam voc\u00eas como Deus \u00e9 bom: sa\u00ed de Minas Gerais para ser mission\u00e1rio, com apenas 14 anos de idade e, agora, tenho a gra\u00e7a de retornar como bispo-mission\u00e1rio \u00e0s queridas terras mineiras&#8230; No cora\u00e7\u00e3o brota espontaneamente uma prece: Deo gratias!\u201d, comenta o novo arcebispo em carta destinada \u00e0 comunidade cat\u00f3lica de Diamantina, divulgada no site da Arquidiocese. <\/p>\n<p>A celebra\u00e7\u00e3o de apresenta\u00e7\u00e3o e posse do arcebispo est\u00e1 marcada para as 15h30 de 22 de maio na Catedral Metropolitana de Diamantina. <\/p>\n<p><strong>Pol\u00eamica<\/strong><\/p>\n<p>No \u00faltimo domingo, durante uma missa no Santu\u00e1rio Nacional de Aparecida, em S\u00e3o Paulo, o bispo n\u00e3o citou o nome de Lula, mas orientou os fi\u00e9is a vencer o mal \u201cdaqueles que se autodenominam jararacas\u201d. \u201cPe\u00e7a, meu irm\u00e3o e minha irm\u00e3, a gra\u00e7a de pisar a cabe\u00e7a da serpente, de todas as v\u00edboras, que insistem e persistem em nossa vida, daqueles que se autodenominam jararacas. Pisar a cabe\u00e7a da serpente, vencer o mal pelo bem\u201d, disse o religioso na homilia. A fala do bispo gerou pol\u00eamica.  Veja o v\u00eddeo:<\/p>\n<p><iframe loading=\"lazy\" width=\"640\" height=\"360\" src=\"https:\/\/www.youtube.com\/embed\/wOMYGq8brE8\" frameborder=\"0\" allowfullscreen><\/iframe><br \/>\n<\/br><\/p>\n<p><em>(Fonte: Estado de Minas \/ Rep\u00f3rter: Cristiane Silva)<\/em><\/p>\n","protected":false},"excerpt":{"rendered":"<p>O papa Francisco nomeou nesta quarta-feira (9\/3) dom Darci Jos\u00e9 Nicioli como novo arcebispo metropolitano de Diamantina, no Vale do Jequitinhonha. O religioso ganhou destaque na m\u00eddia recentemente ao orientar fi\u00e9is a vencer o \u201cmal das jararacas\u201d depois do discurso do ex-presidente Luiz In\u00e1cio Lula da Silva na \u00faltima sexta-feira. Segundo a Confer\u00eancia Nacional dos [&hellip;]<\/p>\n","protected":false},"author":1,"featured_media":81192,"comment_status":"open","ping_status":"closed","sticky":false,"template":"","format":"standard","meta":{"amp_status":"","footnotes":""},"categories":[120],"tags":[81689,81692,81687,1018,198,81686,848,81691,14124,81688,946,81690],"class_list":["post-81190","post","type-post","status-publish","format-standard","has-post-thumbnail","hentry","category-jequi","tag-arcebispo-metropolitano-de-diamantina","tag-bispo-que-fez-comentario-polemico-apos-discurso-de-lula-e-nomeado-para-a-arquidiocese-de-diamantina","tag-darci-jose-nicioli","tag-destaque","tag-diamantina","tag-dom-darci-jose-nicioli","tag-jacutinga","tag-joao-bosco-oliver-de-faria","tag-luiz-inacio-lula-da-silva","tag-novo-arcebispo-metropolitano-de-diamantina","tag-papa-francisco","tag-vencer-o-mal-das-jararacas"],"_links":{"self":[{"href":"https:\/\/aconteceunovale.com.br\/portal\/index.php?rest_route=\/wp\/v2\/posts\/81190","targetHints":{"allow":["GET"]}}],"collection":[{"href":"https:\/\/aconteceunovale.com.br\/portal\/index.php?rest_route=\/wp\/v2\/posts"}],"about":[{"href":"https:\/\/aconteceunovale.com.br\/portal\/index.php?rest_route=\/wp\/v2\/types\/post"}],"author":[{"embeddable":true,"href":"https:\/\/aconteceunovale.com.br\/portal\/index.php?rest_route=\/wp\/v2\/users\/1"}],"replies":[{"embeddable":true,"href":"https:\/\/aconteceunovale.com.br\/portal\/index.php?rest_route=%2Fwp%2Fv2%2Fcomments&post=81190"}],"version-history":[{"count":0,"href":"https:\/\/aconteceunovale.com.br\/portal\/index.php?rest_route=\/wp\/v2\/posts\/81190\/revisions"}],"wp:featuredmedia":[{"embeddable":true,"href":"https:\/\/aconteceunovale.com.br\/portal\/index.php?rest_route=\/wp\/v2\/media\/81192"}],"wp:attachment":[{"href":"https:\/\/aconteceunovale.com.br\/portal\/index.php?rest_route=%2Fwp%2Fv2%2Fmedia&parent=81190"}],"wp:term":[{"taxonomy":"category","embeddable":true,"href":"https:\/\/aconteceunovale.com.br\/portal\/index.php?rest_route=%2Fwp%2Fv2%2Fcategories&post=81190"},{"taxonomy":"post_tag","embeddable":true,"href":"https:\/\/aconteceunovale.com.br\/portal\/index.php?rest_route=%2Fwp%2Fv2%2Ftags&post=81190"}],"curies":[{"name":"wp","href":"https:\/\/api.w.org\/{rel}","templated":true}]}}