{"id":81188,"date":"2016-03-09T11:26:19","date_gmt":"2016-03-09T14:26:19","guid":{"rendered":"http:\/\/aconteceunovale.com.br\/portal\/?p=81188"},"modified":"2016-03-09T11:26:19","modified_gmt":"2016-03-09T14:26:19","slug":"padre-investigado-por-pedofilia-em-diamantina-e-afastado-de-atividades-na-igreja","status":"publish","type":"post","link":"https:\/\/aconteceunovale.com.br\/portal\/?p=81188","title":{"rendered":"Padre investigado por pedofilia em Diamantina \u00e9 afastado de atividades na igreja"},"content":{"rendered":"<p>O padre investigado pela Pol\u00edcia Civil por abuso contra adolescentes em S\u00e3o Jo\u00e3o da Chapada, distrito de Diamantina, responder\u00e1 tamb\u00e9m a processo administrativo aberto pela Igreja Cat\u00f3lica. A informa\u00e7\u00e3o foi confirmada pelo advogado do religioso. O processo deve durar 90 dias, per\u00edodo em que o sacerdote ficar\u00e1 afastado de suas atividades \u2013 n\u00e3o poder\u00e1 celebrar missas nem presidir eventos p\u00fablicos.<\/p>\n<p>O advogado do padre, Fl\u00e1vio Ven\u00edcio da Costa, informou ter recebido ontem comunica\u00e7\u00e3o da Igreja sobre o processo. Ele nega a culpa do sacerdote nas den\u00fancias, investigadas pela delegada Kiria Orlandi, de abuso de ao menos dois menores no Centro Comunit\u00e1rio Infantil Padre Romano Merten, onde o religioso morava e de onde foi afastado no m\u00eas passado. Ele foi obrigado pela Justi\u00e7a a manter dist\u00e2ncia de no m\u00ednimo 100 metros das supostas v\u00edtimas, seus familiares e testemunhas, entre outras imposi\u00e7\u00f5es determinadas pelo juiz F\u00e1bio Henrique Vieira, da 2\u00aa Vara da Comarca de Diamantina.<\/p>\n<p>Vig\u00e1rio geral de Diamantina, o padre Geraldo Borges confirmou que o padre de S\u00e3o Jo\u00e3o da Chapada foi afastado de suas atividades at\u00e9 que terminem as apura\u00e7\u00f5es de den\u00fancias de abuso sexual. Padre Borges alegou ainda que houve \u201cacordo\u201d entre o investigado e o arcebispo de Diamantina, dom Jo\u00e3o Bosco Oliver de Faria, para que durante a apura\u00e7\u00e3o ele fique recolhido, sem aparecer em qualquer evento p\u00fablico. O advogado de defesa do sacerdote revelou ter recebido a informa\u00e7\u00e3o de que seu cliente ter\u00e1 direito a ampla defesa no processo administrativo aberto pela Igreja. Ele sustenta que n\u00e3o h\u00e1 provas contra seu cliente.<\/p>\n<p>Tamb\u00e9m ontem, a delegada Kiria Orlandi, respons\u00e1vel pelo caso, informou que uma testemunha de S\u00e3o Jo\u00e3o da Chapada ouvida na delegacia disse que o padre investigado esteve pela \u00faltima vez na localidade na quinta-feira da semana passada. Na ocasi\u00e3o, ele teria se reunido com moradores e anunciado seu afastamento do lugarejo. O sacerdote n\u00e3o revelou para onde iria.<\/p>\n<p><img decoding=\"async\" src=\"http:\/\/aconteceunovale.com.br\/portal\/wp-content\/uploads\/2016\/03\/centro_infantil_dtna.jpg\" alt=\"\" \/><em>O Centro Comunit\u00e1rio Infantil Padre Romano Merten, que era dirigido pelo investigado (Foto: CCI Padre Romano Merten \/ Facebook)<\/em><br \/>\n<\/br><\/p>\n<p><em>(Fonte: Estado de Minas \/ Rep\u00f3rter: Luiz Ribeiro)<\/em><\/p>\n","protected":false},"excerpt":{"rendered":"<p>O padre investigado pela Pol\u00edcia Civil por abuso contra adolescentes em S\u00e3o Jo\u00e3o da Chapada, distrito de Diamantina, responder\u00e1 tamb\u00e9m a processo administrativo aberto pela Igreja Cat\u00f3lica. A informa\u00e7\u00e3o foi confirmada pelo advogado do religioso. O processo deve durar 90 dias, per\u00edodo em que o sacerdote ficar\u00e1 afastado de suas atividades \u2013 n\u00e3o poder\u00e1 celebrar [&hellip;]<\/p>\n","protected":false},"author":1,"featured_media":80451,"comment_status":"open","ping_status":"closed","sticky":false,"template":"","format":"standard","meta":{"amp_status":"","footnotes":""},"categories":[120],"tags":[80220,80502,80499,80497,80218,1018,198,80493,80223,80224,80941,80217,80494,80939,80500,80221,26478,80215,80216,80219,26482,80501,80503,80214,80492,80942,81685,80222,14239,6784,80940,80495,80496],"class_list":["post-81188","post","type-post","status-publish","format-standard","has-post-thumbnail","hentry","category-jequi","tag-centro-comunitario-da-infancia","tag-centro-comunitario-infantil-padre-romano-merten","tag-curia-diocesana-de-diamantina","tag-delegacia-de-atendimento-a-mulher-de-diamantina","tag-delegada-kiria-orlandi","tag-destaque","tag-diamantina","tag-distrito-de-diamantina","tag-distrito-de-diamantina-tem-padre-com-prisao-preventiva","tag-distrito-de-diamantina-tem-padre-investigado-por-pedofilia","tag-dom-joao-bosco-oliver-de-faria","tag-fabio-henrique-vieira","tag-filme-spotlight","tag-flavio-venicio-da-costa","tag-igreja-de-nossa-senhora-do-bonfim","tag-instituicao-humanitas","tag-joao-marcos-porto-maciel","tag-jose-carlos-stoffel","tag-juiz-fabio-henrique-vieira","tag-kiria-orlandi","tag-marcelo-ribeiro","tag-matriz-de-santo-antonio","tag-padre-acusado-de-pedofilia-e-afastado-de-centro-infantil-em-diamantina","tag-padre-da-igreja-catolica","tag-padre-de-sao-joao-da-chapada","tag-padre-investigado-por-crime-sexual-contra-menores-em-distrito-de-diamantina-sera-transferido","tag-padre-investigado-por-pedofilia-em-diamantina-e-afastado-de-atividades-na-igreja","tag-padre-pedofilo-diamantina","tag-santa-cruz-do-sul","tag-sao-joao-da-chapada","tag-sao-leopoldo","tag-spotlight","tag-teresa-de-nazare-araujo"],"_links":{"self":[{"href":"https:\/\/aconteceunovale.com.br\/portal\/index.php?rest_route=\/wp\/v2\/posts\/81188","targetHints":{"allow":["GET"]}}],"collection":[{"href":"https:\/\/aconteceunovale.com.br\/portal\/index.php?rest_route=\/wp\/v2\/posts"}],"about":[{"href":"https:\/\/aconteceunovale.com.br\/portal\/index.php?rest_route=\/wp\/v2\/types\/post"}],"author":[{"embeddable":true,"href":"https:\/\/aconteceunovale.com.br\/portal\/index.php?rest_route=\/wp\/v2\/users\/1"}],"replies":[{"embeddable":true,"href":"https:\/\/aconteceunovale.com.br\/portal\/index.php?rest_route=%2Fwp%2Fv2%2Fcomments&post=81188"}],"version-history":[{"count":0,"href":"https:\/\/aconteceunovale.com.br\/portal\/index.php?rest_route=\/wp\/v2\/posts\/81188\/revisions"}],"wp:featuredmedia":[{"embeddable":true,"href":"https:\/\/aconteceunovale.com.br\/portal\/index.php?rest_route=\/wp\/v2\/media\/80451"}],"wp:attachment":[{"href":"https:\/\/aconteceunovale.com.br\/portal\/index.php?rest_route=%2Fwp%2Fv2%2Fmedia&parent=81188"}],"wp:term":[{"taxonomy":"category","embeddable":true,"href":"https:\/\/aconteceunovale.com.br\/portal\/index.php?rest_route=%2Fwp%2Fv2%2Fcategories&post=81188"},{"taxonomy":"post_tag","embeddable":true,"href":"https:\/\/aconteceunovale.com.br\/portal\/index.php?rest_route=%2Fwp%2Fv2%2Ftags&post=81188"}],"curies":[{"name":"wp","href":"https:\/\/api.w.org\/{rel}","templated":true}]}}