{"id":81039,"date":"2016-03-07T21:46:55","date_gmt":"2016-03-08T00:46:55","guid":{"rendered":"http:\/\/aconteceunovale.com.br\/portal\/?p=81039"},"modified":"2016-03-07T21:46:55","modified_gmt":"2016-03-08T00:46:55","slug":"jovem-morre-apos-perder-o-controle-de-moto-e-cair-na-br-458-em-caratinga","status":"publish","type":"post","link":"https:\/\/aconteceunovale.com.br\/portal\/?p=81039","title":{"rendered":"Jovem morre ap\u00f3s perder o controle de moto e cair na BR-458, em Caratinga"},"content":{"rendered":"<p>Um motociclista de 22 anos morreu em um acidente na manh\u00e3 desta segunda-feira (7\/3), na BR-458, pr\u00f3ximo a entrada do bairro Porto Seguro, em Caratinga, no Vale do Rio Doce. Segundo informa\u00e7\u00f5es da Pol\u00edcia Militar Rodovi\u00e1ria, a v\u00edtima Josu\u00e9 de Sousa Gon\u00e7alves transitava no sentido Ipatinga\/Caratinga, quando perdeu o controle direcional da motocicleta e caiu na pista. As causas do acidente ser\u00e3o apuradas pela Pol\u00edcia.<\/p>\n<p>O jovem sofreu traumatismo e morreu no local do acidente. O corpo foi encaminhado ao Instituto M\u00e9dico Legal (IML). Josu\u00e9 de Sousa era natural de Vargem Alegre e atualmente residia em Ipatinga, no Vale do A\u00e7o. Ele seguia para o trabalho em uma obra pr\u00f3ximo ao local do acidente. <\/p>\n<p><img decoding=\"async\" src=\"http:\/\/aconteceunovale.com.br\/portal\/wp-content\/uploads\/2016\/03\/acidente_caratinga_7.jpg\" alt=\"\" \/><em>(Foto e informa\u00e7\u00f5es da TV Super Canal de Caratinga)<\/em><\/p>\n","protected":false},"excerpt":{"rendered":"<p>Um motociclista de 22 anos morreu em um acidente na manh\u00e3 desta segunda-feira (7\/3), na BR-458, pr\u00f3ximo a entrada do bairro Porto Seguro, em Caratinga, no Vale do Rio Doce. Segundo informa\u00e7\u00f5es da Pol\u00edcia Militar Rodovi\u00e1ria, a v\u00edtima Josu\u00e9 de Sousa Gon\u00e7alves transitava no sentido Ipatinga\/Caratinga, quando perdeu o controle direcional da motocicleta e caiu [&hellip;]<\/p>\n","protected":false},"author":1,"featured_media":81040,"comment_status":"open","ping_status":"closed","sticky":false,"template":"","format":"standard","meta":{"amp_status":"","footnotes":""},"categories":[121],"tags":[81438,81439,39606,237,81442,201,81440,81441,81443,1106],"class_list":["post-81039","post","type-post","status-publish","format-standard","has-post-thumbnail","hentry","category-leste","tag-acidente-com-motociclista-em-caratinga","tag-acidente-com-pedreiro-de-vargem-alegre","tag-acidente-em-caratinga","tag-caratinga","tag-em-caratinga","tag-ipatinga","tag-josue-de-sousa-goncalves","tag-jovem-morre-apos-perder-o-controle-de-moto-e-cair-na-br-458","tag-jovem-morre-apos-perder-o-controle-de-moto-e-cair-na-br-458-em-caratinga","tag-vargem-alegre"],"_links":{"self":[{"href":"https:\/\/aconteceunovale.com.br\/portal\/index.php?rest_route=\/wp\/v2\/posts\/81039","targetHints":{"allow":["GET"]}}],"collection":[{"href":"https:\/\/aconteceunovale.com.br\/portal\/index.php?rest_route=\/wp\/v2\/posts"}],"about":[{"href":"https:\/\/aconteceunovale.com.br\/portal\/index.php?rest_route=\/wp\/v2\/types\/post"}],"author":[{"embeddable":true,"href":"https:\/\/aconteceunovale.com.br\/portal\/index.php?rest_route=\/wp\/v2\/users\/1"}],"replies":[{"embeddable":true,"href":"https:\/\/aconteceunovale.com.br\/portal\/index.php?rest_route=%2Fwp%2Fv2%2Fcomments&post=81039"}],"version-history":[{"count":0,"href":"https:\/\/aconteceunovale.com.br\/portal\/index.php?rest_route=\/wp\/v2\/posts\/81039\/revisions"}],"wp:featuredmedia":[{"embeddable":true,"href":"https:\/\/aconteceunovale.com.br\/portal\/index.php?rest_route=\/wp\/v2\/media\/81040"}],"wp:attachment":[{"href":"https:\/\/aconteceunovale.com.br\/portal\/index.php?rest_route=%2Fwp%2Fv2%2Fmedia&parent=81039"}],"wp:term":[{"taxonomy":"category","embeddable":true,"href":"https:\/\/aconteceunovale.com.br\/portal\/index.php?rest_route=%2Fwp%2Fv2%2Fcategories&post=81039"},{"taxonomy":"post_tag","embeddable":true,"href":"https:\/\/aconteceunovale.com.br\/portal\/index.php?rest_route=%2Fwp%2Fv2%2Ftags&post=81039"}],"curies":[{"name":"wp","href":"https:\/\/api.w.org\/{rel}","templated":true}]}}