{"id":81034,"date":"2016-03-07T21:30:58","date_gmt":"2016-03-08T00:30:58","guid":{"rendered":"http:\/\/aconteceunovale.com.br\/portal\/?p=81034"},"modified":"2016-03-07T21:33:13","modified_gmt":"2016-03-08T00:33:13","slug":"funcionario-de-oficina-mecanica-e-assassinado-em-plena-luz-do-dia-em-caratinga","status":"publish","type":"post","link":"https:\/\/aconteceunovale.com.br\/portal\/?p=81034","title":{"rendered":"Funcion\u00e1rio de oficina mec\u00e2nica \u00e9 assassinado em plena luz do dia em Caratinga"},"content":{"rendered":"<p>Um homem de 49 anos foi assassinado nesta segunda-feira (7\/3) durante uma suposta tentativa de assalto em Caratinga, no Vale do Rio Doce. O crime ocorreu por volta de meio dia, no quil\u00f4metro 530 da BR-116, pr\u00f3ximo a um posto de combust\u00edveis. A v\u00edtima Eduardo Balbino da Silva supostamente reagiu e foi baleada na cabe\u00e7a. Uma c\u00e2mera de seguran\u00e7a das proximidades flagrou a v\u00edtima e o suspeito de efetuar o disparo de arma de fogo andando pelo acostamento da rodovia.<\/p>\n<p>De acordo com informa\u00e7\u00f5es do perito da Pol\u00edcia Civil, Gilson Batista, o tiro entrou e saiu pelo dorso da m\u00e3o e reentrou na regi\u00e3o da testa da v\u00edtima. &#8220;Possivelmente uma les\u00e3o de defesa, pois, ele deve ter tentado defender&#8221;, disse o perito. Ap\u00f3s os trabalhos periciais, o corpo da v\u00edtima foi removido e levado pelo servi\u00e7o funer\u00e1rio ao Instituto M\u00e9dico Legal (IML).<\/p>\n<p>No local, a per\u00edcia encontrou no bolso de Eduardo uma quantia de R$ 4.880,50. Um conhecido da v\u00edtima contou que almo\u00e7ava em um restaurante das proximidades, quando Eduardo chegou ao estabelecimento comercial e comprou uma marmita. Instantes depois de deixar o restaurante, ele foi alvejado. As primeiras informa\u00e7\u00f5es d\u00e3o conta de que dois homens participaram do crime. Eles estavam em uma motocicleta. Um deles abordou a v\u00edtima, enquanto o outro dava cobertura. Depois do disparo de arma de fogo, os suspeitos fugiram pela MG-329.<\/p>\n<p>A motocicleta usada na fuga foi encontrada \u00e0s margens da MG-329. A placa do ve\u00edculo estava adulterada com fita isolante. Eduardo trabalhava como moleiro em uma oficina mec\u00e2nica que fica pr\u00f3xima onde aconteceu o crime. O patr\u00e3o da v\u00edtima relatou que Eduardo trabalhava na empresa h\u00e1 uns 20 anos. &#8220;Era uma pessoa muito boa, trabalhava todos os dias e n\u00e3o tinha desaven\u00e7a com ningu\u00e9m. Tinha o costume de andar com grande quantia em dinheiro. Uma pessoa amiga e que sempre esteve junta todos esses anos. Uma trag\u00e9dia.&#8221;, lamentou. A Pol\u00edcia Rodovi\u00e1ria Federal (PRF) registrou um boletim de ocorr\u00eancia. O caso ser\u00e1 investigado pela Pol\u00edcia Civil.<\/p>\n<p><img decoding=\"async\" src=\"http:\/\/aconteceunovale.com.br\/portal\/wp-content\/uploads\/2016\/03\/homicidio_caratinga_7.jpg\" alt=\"\" \/><em>Crime foi registrado no km 530 da BR-116, em Caratinga &#8211; Foto: Super Canal de Caratinga<\/em><br \/>\n<\/br><\/p>\n<p><em>(Fonte: Super Canal de Caratinga)<\/em><\/p>\n","protected":false},"excerpt":{"rendered":"<p>Um homem de 49 anos foi assassinado nesta segunda-feira (7\/3) durante uma suposta tentativa de assalto em Caratinga, no Vale do Rio Doce. O crime ocorreu por volta de meio dia, no quil\u00f4metro 530 da BR-116, pr\u00f3ximo a um posto de combust\u00edveis. A v\u00edtima Eduardo Balbino da Silva supostamente reagiu e foi baleada na cabe\u00e7a. [&hellip;]<\/p>\n","protected":false},"author":1,"featured_media":81035,"comment_status":"open","ping_status":"closed","sticky":false,"template":"","format":"standard","meta":{"amp_status":"","footnotes":""},"categories":[121],"tags":[80240,237,81437,81435,31316,80238,80239,57136,81436],"class_list":["post-81034","post","type-post","status-publish","format-standard","has-post-thumbnail","hentry","category-leste","tag-assassinato-caratinga","tag-caratinga","tag-eduardo-balbino-da-silva","tag-funcionario-de-oficina-mecanica-e-assassinado-em-plena-luz-do-dia-em-caratinga","tag-homicidio-em-caratinga","tag-morte-caratinga","tag-morto-caratinga","tag-morto-em-caratinga","tag-violencia-caratinga"],"_links":{"self":[{"href":"https:\/\/aconteceunovale.com.br\/portal\/index.php?rest_route=\/wp\/v2\/posts\/81034","targetHints":{"allow":["GET"]}}],"collection":[{"href":"https:\/\/aconteceunovale.com.br\/portal\/index.php?rest_route=\/wp\/v2\/posts"}],"about":[{"href":"https:\/\/aconteceunovale.com.br\/portal\/index.php?rest_route=\/wp\/v2\/types\/post"}],"author":[{"embeddable":true,"href":"https:\/\/aconteceunovale.com.br\/portal\/index.php?rest_route=\/wp\/v2\/users\/1"}],"replies":[{"embeddable":true,"href":"https:\/\/aconteceunovale.com.br\/portal\/index.php?rest_route=%2Fwp%2Fv2%2Fcomments&post=81034"}],"version-history":[{"count":0,"href":"https:\/\/aconteceunovale.com.br\/portal\/index.php?rest_route=\/wp\/v2\/posts\/81034\/revisions"}],"wp:featuredmedia":[{"embeddable":true,"href":"https:\/\/aconteceunovale.com.br\/portal\/index.php?rest_route=\/wp\/v2\/media\/81035"}],"wp:attachment":[{"href":"https:\/\/aconteceunovale.com.br\/portal\/index.php?rest_route=%2Fwp%2Fv2%2Fmedia&parent=81034"}],"wp:term":[{"taxonomy":"category","embeddable":true,"href":"https:\/\/aconteceunovale.com.br\/portal\/index.php?rest_route=%2Fwp%2Fv2%2Fcategories&post=81034"},{"taxonomy":"post_tag","embeddable":true,"href":"https:\/\/aconteceunovale.com.br\/portal\/index.php?rest_route=%2Fwp%2Fv2%2Ftags&post=81034"}],"curies":[{"name":"wp","href":"https:\/\/api.w.org\/{rel}","templated":true}]}}