{"id":81029,"date":"2016-03-07T21:12:00","date_gmt":"2016-03-08T00:12:00","guid":{"rendered":"http:\/\/aconteceunovale.com.br\/portal\/?p=81029"},"modified":"2016-03-07T21:12:00","modified_gmt":"2016-03-08T00:12:00","slug":"motociclista-morre-em-acidente-no-municipio-de-vargem-alegre-no-vale-do-rio-doce","status":"publish","type":"post","link":"https:\/\/aconteceunovale.com.br\/portal\/?p=81029","title":{"rendered":"Motociclista morre em acidente no munic\u00edpio de Vargem Alegre, no Vale do Rio Doce"},"content":{"rendered":"<p>Um rapaz de 23 anos morreu em um acidente nesta segunda-feira (7\/3), na MG-425, munic\u00edpio de Vargem Alegre, no Vale do Rio Doce. Segundo a Pol\u00edcia Militar Rodovi\u00e1ria (PMR), o corpo do motociclista Vin\u00edcios Ferreira Lisboa foi encontrado na altura do quil\u00f4metro 48 da rodovia. <\/p>\n<p>Segundo familiares, Vin\u00edcios voltava de Entre Folhas, quando sofreu o acidente. O local foi isolado e preservado pelos militares at\u00e9 a chegada da per\u00edcia t\u00e9cnica da Pol\u00edcia Civil de Caratinga. <\/p>\n<p>De acordo com a per\u00edcia da Pol\u00edcia Civil, a motocicleta foi parar a 42 metros de dist\u00e2ncia do corpo da v\u00edtima. H\u00e1 suspeita de que Vin\u00edcios tenha colidido com um animal solto pela pista.<\/p>\n<p>O perito recolheu alguns pelos para serem periciados. Ainda conforme a per\u00edcia, o motociclista possivelmente pilotava com o capacete no bra\u00e7o na hora do acidente, pois, devido ao impacto da queda, a v\u00edtima rachou o cr\u00e2nio.<\/p>\n<p>Ap\u00f3s os trabalhos periciais, o corpo da v\u00edtima foi liberado e levado pelo servi\u00e7o funer\u00e1rio ao Instituto M\u00e9dico Legal (IML) de Caratinga. As causas do acidente ser\u00e3o investigadas. A v\u00edtima morava na Rua Itagiba Luiz Pereira, no Centro de Vargem Alegre.<\/p>\n<p><img decoding=\"async\" src=\"http:\/\/aconteceunovale.com.br\/portal\/wp-content\/uploads\/2016\/03\/acidente_vargem_alegre_1.jpg\" alt=\"\" \/><\/p>\n<p><img decoding=\"async\" src=\"http:\/\/aconteceunovale.com.br\/portal\/wp-content\/uploads\/2016\/03\/acidente_vargem_alegre_3.jpg\" alt=\"\" \/><\/p>\n<p><img decoding=\"async\" src=\"http:\/\/aconteceunovale.com.br\/portal\/wp-content\/uploads\/2016\/03\/acidente_vargem_alegre_2.jpg\" alt=\"\" \/><em>(Fotos e informa\u00e7\u00f5es da TV Super Canal de Caratinga)<\/em><\/p>\n","protected":false},"excerpt":{"rendered":"<p>Um rapaz de 23 anos morreu em um acidente nesta segunda-feira (7\/3), na MG-425, munic\u00edpio de Vargem Alegre, no Vale do Rio Doce. Segundo a Pol\u00edcia Militar Rodovi\u00e1ria (PMR), o corpo do motociclista Vin\u00edcios Ferreira Lisboa foi encontrado na altura do quil\u00f4metro 48 da rodovia. Segundo familiares, Vin\u00edcios voltava de Entre Folhas, quando sofreu o [&hellip;]<\/p>\n","protected":false},"author":1,"featured_media":81032,"comment_status":"open","ping_status":"closed","sticky":false,"template":"","format":"standard","meta":{"amp_status":"","footnotes":""},"categories":[121],"tags":[81431,81430,237,1731,81434,81433,58056,1106,81432],"class_list":["post-81029","post","type-post","status-publish","format-standard","has-post-thumbnail","hentry","category-leste","tag-acidente-com-morador-de-vargem-alegre","tag-acidente-em-vargem-alegre","tag-caratinga","tag-entre-folhas","tag-motociclista-morre-em-acidente-na-mg-425-em-vargem-alegre","tag-motociclista-morre-em-acidente-no-municipio-de-vargem-alegre","tag-no-vale-do-rio-doce","tag-vargem-alegre","tag-vinicios-ferreira-lisboa"],"_links":{"self":[{"href":"https:\/\/aconteceunovale.com.br\/portal\/index.php?rest_route=\/wp\/v2\/posts\/81029","targetHints":{"allow":["GET"]}}],"collection":[{"href":"https:\/\/aconteceunovale.com.br\/portal\/index.php?rest_route=\/wp\/v2\/posts"}],"about":[{"href":"https:\/\/aconteceunovale.com.br\/portal\/index.php?rest_route=\/wp\/v2\/types\/post"}],"author":[{"embeddable":true,"href":"https:\/\/aconteceunovale.com.br\/portal\/index.php?rest_route=\/wp\/v2\/users\/1"}],"replies":[{"embeddable":true,"href":"https:\/\/aconteceunovale.com.br\/portal\/index.php?rest_route=%2Fwp%2Fv2%2Fcomments&post=81029"}],"version-history":[{"count":0,"href":"https:\/\/aconteceunovale.com.br\/portal\/index.php?rest_route=\/wp\/v2\/posts\/81029\/revisions"}],"wp:featuredmedia":[{"embeddable":true,"href":"https:\/\/aconteceunovale.com.br\/portal\/index.php?rest_route=\/wp\/v2\/media\/81032"}],"wp:attachment":[{"href":"https:\/\/aconteceunovale.com.br\/portal\/index.php?rest_route=%2Fwp%2Fv2%2Fmedia&parent=81029"}],"wp:term":[{"taxonomy":"category","embeddable":true,"href":"https:\/\/aconteceunovale.com.br\/portal\/index.php?rest_route=%2Fwp%2Fv2%2Fcategories&post=81029"},{"taxonomy":"post_tag","embeddable":true,"href":"https:\/\/aconteceunovale.com.br\/portal\/index.php?rest_route=%2Fwp%2Fv2%2Ftags&post=81029"}],"curies":[{"name":"wp","href":"https:\/\/api.w.org\/{rel}","templated":true}]}}