{"id":81012,"date":"2016-03-07T19:12:27","date_gmt":"2016-03-07T22:12:27","guid":{"rendered":"http:\/\/aconteceunovale.com.br\/portal\/?p=81012"},"modified":"2026-09-02T13:23:18","modified_gmt":"2026-09-02T16:23:18","slug":"suspeito-de-roubo-e-morto-em-troca-de-tiros-com-a-policia-militar-em-mata-verde","status":"publish","type":"post","link":"https:\/\/aconteceunovale.com.br\/portal\/?p=81012","title":{"rendered":"Suspeito de roubo \u00e9 morto em troca de tiros com a Pol\u00edcia Militar em Mata Verde"},"content":{"rendered":"<p>Um adolescente de 17 anos foi morto na manh\u00e3 desta segunda-feira, 7 de mar\u00e7o, durante troca de tiros com a Pol\u00edcia Militar (PM) de Mata Verde, no Vale do Jequitinhonha. Guilherme R.S, natural de Almenara, e um comparsa de prenome B.S s\u00e3o suspeitos de um assalto \u00e0 m\u00e3o armada registrado em uma casa lot\u00e9rica da cidade.<\/p>\n<p>Informa\u00e7\u00f5es iniciais apuradas pelo Aconteceu no Vale d\u00e3o conta de que os dois suspeitos entraram no estabelecimento armados com rev\u00f3lveres e anunciaram o assalto amea\u00e7ando v\u00e1rias pessoas que estavam no local. Ap\u00f3s subtrair uma quantia em dinheiro, os suspeitos fugiram em uma motocicleta Honda Bros.<\/p>\n<p>A Pol\u00edcia Militar foi acionada e de imediato iniciou rastreamentos em buscas dos suspeitos. Durante a fuga, os indiv\u00edduos abandonaram a moto, que foi apreendida e durante consulta foi contatado que a mesma havia sido roubada h\u00e1 uma semana em Almenara, na mesma regi\u00e3o. <\/p>\n<p>Os militares continuaram os rastreamentos e posteriormente foram informados que havia duas pessoas em atitude suspeita, tentando pegar carona para Almenara. Quando os policiais se aproximavam do local informado pelo denunciante, um dos indiv\u00edduos teria efetuado disparos com uma arma de fogo. <\/p>\n<p>Neste momento os militares revidaram e alvejaram a cabe\u00e7a do adolescente Guilherme. Ele chegou a ser socorrido, mas n\u00e3o resistiu ao ferimento e veio a \u00f3bito. O corpo foi encaminhado para o Instituto M\u00e9dico Legal (IML) em Almenara.<\/p>\n<p>O outro rapaz foi preso e encaminhado para a Delegacia. O dinheiro roubado da casa lot\u00e9rica foi recuperado pela PM. O caso ser\u00e1 investigado pela Pol\u00edcia Civil.<\/p>\n<p><img decoding=\"async\" src=\"http:\/\/aconteceunovale.com.br\/portal\/wp-content\/uploads\/2016\/03\/caso_mata_verde_3.jpg\" alt=\"\" \/><em>Moto usada na fuga foi apreendida pela PM; O rapaz de camiseta clara foi morto em troca de tiros com a pol\u00edcia; O outro foi detido e encaminhado para a Delegacia de Almenara &#8211; Fotos: Policia Civil e IML de Almenara<\/em><\/p>\n","protected":false},"excerpt":{"rendered":"<p>Um adolescente de 17 anos foi morto na manh\u00e3 desta segunda-feira, 7 de mar\u00e7o, durante troca de tiros com a Pol\u00edcia Militar (PM) de Mata Verde, no Vale do Jequitinhonha. Guilherme R.S, natural de Almenara, e um comparsa de prenome B.S s\u00e3o suspeitos de um assalto \u00e0 m\u00e3o armada registrado em uma casa lot\u00e9rica da [&hellip;]<\/p>\n","protected":false},"author":1,"featured_media":81014,"comment_status":"open","ping_status":"closed","sticky":false,"template":"","format":"standard","meta":{"amp_status":"","footnotes":""},"categories":[272559,120],"tags":[81421,81420,81425,81426,81419,355,81423,81422,81424,81418],"class_list":["post-81012","post","type-post","status-publish","format-standard","has-post-thumbnail","hentry","category-mata-verde","category-jequi","tag-assaltante-morto-em-mata-verde","tag-assalto-loterica-de-mata-verde","tag-assalto-mata-verde","tag-bruno-souza","tag-guilherme-rosa-santos","tag-mata-verde","tag-morto-por-pm-em-almenara","tag-morto-por-policial-militar-em-almenara","tag-roubo-em-mata-verde","tag-suspeito-de-roubo-e-morto-em-troca-de-tiros-com-a-policia-militar-em-mata-verde"],"yoast_head":"<!-- This site is optimized with the Yoast SEO plugin v28.3 - https:\/\/yoast.com\/product\/yoast-seo-wordpress\/ -->\n<title>Suspeito de roubo \u00e9 morto em troca de tiros com a Pol\u00edcia Militar em Mata Verde - Aconteceu no Vale<\/title>\n<meta name=\"robots\" content=\"index, follow, max-snippet:-1, max-image-preview:large, max-video-preview:-1\" \/>\n<link rel=\"canonical\" href=\"https:\/\/aconteceunovale.com.br\/portal\/?p=81012\" \/>\n<meta property=\"og:locale\" content=\"pt_BR\" \/>\n<meta property=\"og:type\" content=\"article\" \/>\n<meta property=\"og:title\" content=\"Suspeito de roubo \u00e9 morto em troca de tiros com a Pol\u00edcia Militar em Mata Verde - Aconteceu no Vale\" \/>\n<meta property=\"og:description\" content=\"Um adolescente de 17 anos foi morto na manh\u00e3 desta segunda-feira, 7 de mar\u00e7o, durante troca de tiros com a Pol\u00edcia Militar (PM) de Mata Verde, no Vale do Jequitinhonha. Guilherme R.S, natural de Almenara, e um comparsa de prenome B.S s\u00e3o suspeitos de um assalto \u00e0 m\u00e3o armada registrado em uma casa lot\u00e9rica da [&hellip;]\" \/>\n<meta property=\"og:url\" content=\"https:\/\/aconteceunovale.com.br\/portal\/?p=81012\" \/>\n<meta property=\"og:site_name\" content=\"Aconteceu no Vale\" \/>\n<meta property=\"article:publisher\" content=\"https:\/\/www.facebook.com\/aconteceunovale\/\" \/>\n<meta property=\"article:published_time\" content=\"2016-03-07T22:12:27+00:00\" \/>\n<meta property=\"article:modified_time\" content=\"2026-09-02T16:23:18+00:00\" \/>\n<meta property=\"og:image\" content=\"https:\/\/aconteceunovale.com.br\/portal\/wp-content\/uploads\/2016\/03\/caso_mata_verde_3.jpg\" \/>\n\t<meta property=\"og:image:width\" content=\"678\" \/>\n\t<meta property=\"og:image:height\" content=\"346\" \/>\n\t<meta property=\"og:image:type\" content=\"image\/jpeg\" \/>\n<meta name=\"author\" content=\"Aconteceu no Vale\" \/>\n<meta name=\"twitter:card\" content=\"summary_large_image\" \/>\n<meta name=\"twitter:creator\" content=\"@noticiadosvales\" \/>\n<meta name=\"twitter:site\" content=\"@noticiadosvales\" \/>\n<meta name=\"twitter:label1\" content=\"Escrito por\" \/>\n\t<meta name=\"twitter:data1\" content=\"Aconteceu no Vale\" \/>\n\t<meta name=\"twitter:label2\" content=\"Est. tempo de leitura\" \/>\n\t<meta name=\"twitter:data2\" content=\"2 minutos\" \/>\n<script type=\"application\/ld+json\" class=\"yoast-schema-graph\">{\"@context\":\"https:\\\/\\\/schema.org\",\"@graph\":[{\"@type\":\"Article\",\"@id\":\"https:\\\/\\\/aconteceunovale.com.br\\\/portal\\\/?p=81012#article\",\"isPartOf\":{\"@id\":\"https:\\\/\\\/aconteceunovale.com.br\\\/portal\\\/?p=81012\"},\"author\":{\"name\":\"Aconteceu no Vale\",\"@id\":\"https:\\\/\\\/aconteceunovale.com.br\\\/portal\\\/#\\\/schema\\\/person\\\/633529146f2c94272bef50ac2953d589\"},\"headline\":\"Suspeito de roubo \u00e9 morto em troca de tiros com a Pol\u00edcia Militar em Mata Verde\",\"datePublished\":\"2016-03-07T22:12:27+00:00\",\"dateModified\":\"2026-09-02T16:23:18+00:00\",\"mainEntityOfPage\":{\"@id\":\"https:\\\/\\\/aconteceunovale.com.br\\\/portal\\\/?p=81012\"},\"wordCount\":329,\"commentCount\":0,\"image\":{\"@id\":\"https:\\\/\\\/aconteceunovale.com.br\\\/portal\\\/?p=81012#primaryimage\"},\"thumbnailUrl\":\"https:\\\/\\\/aconteceunovale.com.br\\\/portal\\\/wp-content\\\/uploads\\\/2016\\\/03\\\/caso_mata_verde_3.jpg\",\"keywords\":[\"assaltante morto em mata verde\",\"assalto lot\u00e9rica de mata verde\",\"assalto Mata Verde\",\"Bruno Souza\",\"Guilherme Rosa Santos\",\"Mata Verde\",\"morto por pm em almenara\",\"morto por policial militar em almenara\",\"Roubo em Mata Verde\",\"Suspeito de roubo \u00e9 morto em troca de tiros com a Pol\u00edcia Militar em Mata Verde\"],\"articleSection\":[\"Mata Verde\",\"Vale do Jequitinhonha\"],\"inLanguage\":\"pt-BR\",\"potentialAction\":[{\"@type\":\"CommentAction\",\"name\":\"Comment\",\"target\":[\"https:\\\/\\\/aconteceunovale.com.br\\\/portal\\\/?p=81012#respond\"]}]},{\"@type\":\"WebPage\",\"@id\":\"https:\\\/\\\/aconteceunovale.com.br\\\/portal\\\/?p=81012\",\"url\":\"https:\\\/\\\/aconteceunovale.com.br\\\/portal\\\/?p=81012\",\"name\":\"Suspeito de roubo \u00e9 morto em troca de tiros com a Pol\u00edcia Militar em Mata Verde - Aconteceu no Vale\",\"isPartOf\":{\"@id\":\"https:\\\/\\\/aconteceunovale.com.br\\\/portal\\\/#website\"},\"primaryImageOfPage\":{\"@id\":\"https:\\\/\\\/aconteceunovale.com.br\\\/portal\\\/?p=81012#primaryimage\"},\"image\":{\"@id\":\"https:\\\/\\\/aconteceunovale.com.br\\\/portal\\\/?p=81012#primaryimage\"},\"thumbnailUrl\":\"https:\\\/\\\/aconteceunovale.com.br\\\/portal\\\/wp-content\\\/uploads\\\/2016\\\/03\\\/caso_mata_verde_3.jpg\",\"datePublished\":\"2016-03-07T22:12:27+00:00\",\"dateModified\":\"2026-09-02T16:23:18+00:00\",\"author\":{\"@id\":\"https:\\\/\\\/aconteceunovale.com.br\\\/portal\\\/#\\\/schema\\\/person\\\/633529146f2c94272bef50ac2953d589\"},\"breadcrumb\":{\"@id\":\"https:\\\/\\\/aconteceunovale.com.br\\\/portal\\\/?p=81012#breadcrumb\"},\"inLanguage\":\"pt-BR\",\"potentialAction\":[{\"@type\":\"ReadAction\",\"target\":[\"https:\\\/\\\/aconteceunovale.com.br\\\/portal\\\/?p=81012\"]}]},{\"@type\":\"ImageObject\",\"inLanguage\":\"pt-BR\",\"@id\":\"https:\\\/\\\/aconteceunovale.com.br\\\/portal\\\/?p=81012#primaryimage\",\"url\":\"https:\\\/\\\/aconteceunovale.com.br\\\/portal\\\/wp-content\\\/uploads\\\/2016\\\/03\\\/caso_mata_verde_3.jpg\",\"contentUrl\":\"https:\\\/\\\/aconteceunovale.com.br\\\/portal\\\/wp-content\\\/uploads\\\/2016\\\/03\\\/caso_mata_verde_3.jpg\",\"width\":678,\"height\":346},{\"@type\":\"BreadcrumbList\",\"@id\":\"https:\\\/\\\/aconteceunovale.com.br\\\/portal\\\/?p=81012#breadcrumb\",\"itemListElement\":[{\"@type\":\"ListItem\",\"position\":1,\"name\":\"In\u00edcio\",\"item\":\"https:\\\/\\\/aconteceunovale.com.br\\\/portal\\\/\"},{\"@type\":\"ListItem\",\"position\":2,\"name\":\"Suspeito de roubo \u00e9 morto em troca de tiros com a Pol\u00edcia Militar em Mata Verde\"}]},{\"@type\":\"WebSite\",\"@id\":\"https:\\\/\\\/aconteceunovale.com.br\\\/portal\\\/#website\",\"url\":\"https:\\\/\\\/aconteceunovale.com.br\\\/portal\\\/\",\"name\":\"Aconteceu no Vale\",\"description\":\"Portal de Not\u00edcias\",\"potentialAction\":[{\"@type\":\"SearchAction\",\"target\":{\"@type\":\"EntryPoint\",\"urlTemplate\":\"https:\\\/\\\/aconteceunovale.com.br\\\/portal\\\/?s={search_term_string}\"},\"query-input\":{\"@type\":\"PropertyValueSpecification\",\"valueRequired\":true,\"valueName\":\"search_term_string\"}}],\"inLanguage\":\"pt-BR\"},{\"@type\":\"Person\",\"@id\":\"https:\\\/\\\/aconteceunovale.com.br\\\/portal\\\/#\\\/schema\\\/person\\\/633529146f2c94272bef50ac2953d589\",\"name\":\"Aconteceu no Vale\",\"description\":\"Equipe de reportagem do Aconteceu no Vale, portal de not\u00edcias do Vale do Jequitinhonha, em Minas Gerais. Cobrimos as 51 cidades do Vale desde 2013. Sugest\u00f5es de pauta e pedidos de corre\u00e7\u00e3o: contato@aconteceunovale.com.br\",\"sameAs\":[\"http:\\\/\\\/www.aconteceunovale.com.br\"],\"url\":\"https:\\\/\\\/aconteceunovale.com.br\\\/portal\\\/?author=1\"}]}<\/script>\n<!-- \/ Yoast SEO plugin. -->","yoast_head_json":{"title":"Suspeito de roubo \u00e9 morto em troca de tiros com a Pol\u00edcia Militar em Mata Verde - Aconteceu no Vale","robots":{"index":"index","follow":"follow","max-snippet":"max-snippet:-1","max-image-preview":"max-image-preview:large","max-video-preview":"max-video-preview:-1"},"canonical":"https:\/\/aconteceunovale.com.br\/portal\/?p=81012","og_locale":"pt_BR","og_type":"article","og_title":"Suspeito de roubo \u00e9 morto em troca de tiros com a Pol\u00edcia Militar em Mata Verde - Aconteceu no Vale","og_description":"Um adolescente de 17 anos foi morto na manh\u00e3 desta segunda-feira, 7 de mar\u00e7o, durante troca de tiros com a Pol\u00edcia Militar (PM) de Mata Verde, no Vale do Jequitinhonha. Guilherme R.S, natural de Almenara, e um comparsa de prenome B.S s\u00e3o suspeitos de um assalto \u00e0 m\u00e3o armada registrado em uma casa lot\u00e9rica da [&hellip;]","og_url":"https:\/\/aconteceunovale.com.br\/portal\/?p=81012","og_site_name":"Aconteceu no Vale","article_publisher":"https:\/\/www.facebook.com\/aconteceunovale\/","article_published_time":"2016-03-07T22:12:27+00:00","article_modified_time":"2026-09-02T16:23:18+00:00","og_image":[{"width":678,"height":346,"url":"https:\/\/aconteceunovale.com.br\/portal\/wp-content\/uploads\/2016\/03\/caso_mata_verde_3.jpg","type":"image\/jpeg"}],"author":"Aconteceu no Vale","twitter_card":"summary_large_image","twitter_creator":"@noticiadosvales","twitter_site":"@noticiadosvales","twitter_misc":{"Escrito por":"Aconteceu no Vale","Est. tempo de leitura":"2 minutos"},"schema":{"@context":"https:\/\/schema.org","@graph":[{"@type":"Article","@id":"https:\/\/aconteceunovale.com.br\/portal\/?p=81012#article","isPartOf":{"@id":"https:\/\/aconteceunovale.com.br\/portal\/?p=81012"},"author":{"name":"Aconteceu no Vale","@id":"https:\/\/aconteceunovale.com.br\/portal\/#\/schema\/person\/633529146f2c94272bef50ac2953d589"},"headline":"Suspeito de roubo \u00e9 morto em troca de tiros com a Pol\u00edcia Militar em Mata Verde","datePublished":"2016-03-07T22:12:27+00:00","dateModified":"2026-09-02T16:23:18+00:00","mainEntityOfPage":{"@id":"https:\/\/aconteceunovale.com.br\/portal\/?p=81012"},"wordCount":329,"commentCount":0,"image":{"@id":"https:\/\/aconteceunovale.com.br\/portal\/?p=81012#primaryimage"},"thumbnailUrl":"https:\/\/aconteceunovale.com.br\/portal\/wp-content\/uploads\/2016\/03\/caso_mata_verde_3.jpg","keywords":["assaltante morto em mata verde","assalto lot\u00e9rica de mata verde","assalto Mata Verde","Bruno Souza","Guilherme Rosa Santos","Mata Verde","morto por pm em almenara","morto por policial militar em almenara","Roubo em Mata Verde","Suspeito de roubo \u00e9 morto em troca de tiros com a Pol\u00edcia Militar em Mata Verde"],"articleSection":["Mata Verde","Vale do Jequitinhonha"],"inLanguage":"pt-BR","potentialAction":[{"@type":"CommentAction","name":"Comment","target":["https:\/\/aconteceunovale.com.br\/portal\/?p=81012#respond"]}]},{"@type":"WebPage","@id":"https:\/\/aconteceunovale.com.br\/portal\/?p=81012","url":"https:\/\/aconteceunovale.com.br\/portal\/?p=81012","name":"Suspeito de roubo \u00e9 morto em troca de tiros com a Pol\u00edcia Militar em Mata Verde - Aconteceu no Vale","isPartOf":{"@id":"https:\/\/aconteceunovale.com.br\/portal\/#website"},"primaryImageOfPage":{"@id":"https:\/\/aconteceunovale.com.br\/portal\/?p=81012#primaryimage"},"image":{"@id":"https:\/\/aconteceunovale.com.br\/portal\/?p=81012#primaryimage"},"thumbnailUrl":"https:\/\/aconteceunovale.com.br\/portal\/wp-content\/uploads\/2016\/03\/caso_mata_verde_3.jpg","datePublished":"2016-03-07T22:12:27+00:00","dateModified":"2026-09-02T16:23:18+00:00","author":{"@id":"https:\/\/aconteceunovale.com.br\/portal\/#\/schema\/person\/633529146f2c94272bef50ac2953d589"},"breadcrumb":{"@id":"https:\/\/aconteceunovale.com.br\/portal\/?p=81012#breadcrumb"},"inLanguage":"pt-BR","potentialAction":[{"@type":"ReadAction","target":["https:\/\/aconteceunovale.com.br\/portal\/?p=81012"]}]},{"@type":"ImageObject","inLanguage":"pt-BR","@id":"https:\/\/aconteceunovale.com.br\/portal\/?p=81012#primaryimage","url":"https:\/\/aconteceunovale.com.br\/portal\/wp-content\/uploads\/2016\/03\/caso_mata_verde_3.jpg","contentUrl":"https:\/\/aconteceunovale.com.br\/portal\/wp-content\/uploads\/2016\/03\/caso_mata_verde_3.jpg","width":678,"height":346},{"@type":"BreadcrumbList","@id":"https:\/\/aconteceunovale.com.br\/portal\/?p=81012#breadcrumb","itemListElement":[{"@type":"ListItem","position":1,"name":"In\u00edcio","item":"https:\/\/aconteceunovale.com.br\/portal\/"},{"@type":"ListItem","position":2,"name":"Suspeito de roubo \u00e9 morto em troca de tiros com a Pol\u00edcia Militar em Mata Verde"}]},{"@type":"WebSite","@id":"https:\/\/aconteceunovale.com.br\/portal\/#website","url":"https:\/\/aconteceunovale.com.br\/portal\/","name":"Aconteceu no Vale","description":"Portal de Not\u00edcias","potentialAction":[{"@type":"SearchAction","target":{"@type":"EntryPoint","urlTemplate":"https:\/\/aconteceunovale.com.br\/portal\/?s={search_term_string}"},"query-input":{"@type":"PropertyValueSpecification","valueRequired":true,"valueName":"search_term_string"}}],"inLanguage":"pt-BR"},{"@type":"Person","@id":"https:\/\/aconteceunovale.com.br\/portal\/#\/schema\/person\/633529146f2c94272bef50ac2953d589","name":"Aconteceu no Vale","description":"Equipe de reportagem do Aconteceu no Vale, portal de not\u00edcias do Vale do Jequitinhonha, em Minas Gerais. Cobrimos as 51 cidades do Vale desde 2013. Sugest\u00f5es de pauta e pedidos de corre\u00e7\u00e3o: contato@aconteceunovale.com.br","sameAs":["http:\/\/www.aconteceunovale.com.br"],"url":"https:\/\/aconteceunovale.com.br\/portal\/?author=1"}]}},"_links":{"self":[{"href":"https:\/\/aconteceunovale.com.br\/portal\/index.php?rest_route=\/wp\/v2\/posts\/81012","targetHints":{"allow":["GET"]}}],"collection":[{"href":"https:\/\/aconteceunovale.com.br\/portal\/index.php?rest_route=\/wp\/v2\/posts"}],"about":[{"href":"https:\/\/aconteceunovale.com.br\/portal\/index.php?rest_route=\/wp\/v2\/types\/post"}],"author":[{"embeddable":true,"href":"https:\/\/aconteceunovale.com.br\/portal\/index.php?rest_route=\/wp\/v2\/users\/1"}],"replies":[{"embeddable":true,"href":"https:\/\/aconteceunovale.com.br\/portal\/index.php?rest_route=%2Fwp%2Fv2%2Fcomments&post=81012"}],"version-history":[{"count":1,"href":"https:\/\/aconteceunovale.com.br\/portal\/index.php?rest_route=\/wp\/v2\/posts\/81012\/revisions"}],"predecessor-version":[{"id":201269,"href":"https:\/\/aconteceunovale.com.br\/portal\/index.php?rest_route=\/wp\/v2\/posts\/81012\/revisions\/201269"}],"wp:featuredmedia":[{"embeddable":true,"href":"https:\/\/aconteceunovale.com.br\/portal\/index.php?rest_route=\/wp\/v2\/media\/81014"}],"wp:attachment":[{"href":"https:\/\/aconteceunovale.com.br\/portal\/index.php?rest_route=%2Fwp%2Fv2%2Fmedia&parent=81012"}],"wp:term":[{"taxonomy":"category","embeddable":true,"href":"https:\/\/aconteceunovale.com.br\/portal\/index.php?rest_route=%2Fwp%2Fv2%2Fcategories&post=81012"},{"taxonomy":"post_tag","embeddable":true,"href":"https:\/\/aconteceunovale.com.br\/portal\/index.php?rest_route=%2Fwp%2Fv2%2Ftags&post=81012"}],"curies":[{"name":"wp","href":"https:\/\/api.w.org\/{rel}","templated":true}]}}