{"id":81010,"date":"2016-03-07T18:24:32","date_gmt":"2016-03-07T21:24:32","guid":{"rendered":"http:\/\/aconteceunovale.com.br\/portal\/?p=81010"},"modified":"2016-03-07T18:24:32","modified_gmt":"2016-03-07T21:24:32","slug":"balanca-comercial-mineira-tem-superavit-de-us-986-milhoes-em-fevereiro","status":"publish","type":"post","link":"https:\/\/aconteceunovale.com.br\/portal\/?p=81010","title":{"rendered":"Balan\u00e7a comercial mineira tem super\u00e1vit de US$ 986 milh\u00f5es em fevereiro"},"content":{"rendered":"<p>Min\u00e9rio de ferro, caf\u00e9, autom\u00f3veis, al\u00e9m do ouro e pedras preciosas s\u00e3o os produtos mineiros que mais ganharam o mundo em fevereiro deste ano. O grupo colaborou para a manuten\u00e7\u00e3o do super\u00e1vit da balan\u00e7a comercial de Minas Gerais, que fechou o m\u00eas com saldo positivo de US$ 986,81 milh\u00f5es. O resultado foi divulgado nesta segunda-feira, 7 de mar\u00e7o, pela Exportaminas &#8211; unidade de com\u00e9rcio exterior da Secretaria de Estado de Desenvolvimento Econ\u00f4mico (Sede), em parceria com a Funda\u00e7\u00e3o Jo\u00e3o Pinheiro (FJP).<\/p>\n<p>As exporta\u00e7\u00f5es totalizaram US$ 1,47 bilh\u00e3o, representando um aumento de 14% em rela\u00e7\u00e3o ao m\u00eas anterior. As importa\u00e7\u00f5es alcan\u00e7aram US$ 482,62 milh\u00f5es, com redu\u00e7\u00e3o de 27,3% em rela\u00e7\u00e3o \u00e0 janeiro. Com o resultado, Minas Gerais foi respons\u00e1vel por 11% das exporta\u00e7\u00f5es e 4,7% das importa\u00e7\u00f5es totais do pa\u00eds.<\/p>\n<p>A China se mant\u00e9m como o principal destino das exporta\u00e7\u00f5es mineiras, com 18,2% do total exportado no per\u00edodo analisado. Em seguida est\u00e1 a Argentina com participa\u00e7\u00e3o de 10,6%; Estados Unidos, com 10,1%; Jap\u00e3o com 6,7%; e Pa\u00edses Baixos com 6,4%. Os Estados Unidos foram o principal fornecedor de Minas Gerais com 17,9% da pauta importadora, seguido pela China com 17,2%, Argentina, com 10,1%, It\u00e1lia, com 5,2%, e Fran\u00e7a com 4,6% do total importado.<\/p>\n<h4><center><strong>Minas Gerais aumenta volume do com\u00e9rcio internacional<br \/>\npara diferentes mercados de destino<\/strong><\/center><\/h4>\n<p>Os dados anuais da balan\u00e7a comercial mineira, na compara\u00e7\u00e3o entre 2014 e 2015, apresentou destaques positivos. Alguns pa\u00edses que se destacaram foram o M\u00e9xico (19,8%), Mal\u00e1sia (53,2%), Canad\u00e1 (4%) e Ar\u00e1bia Saudita (81,2%).<\/p>\n<p>No caso do M\u00e9xico o destaque foram as exporta\u00e7\u00f5es de min\u00e9rios, produtos qu\u00edmicos, tratores e materiais cer\u00e2micos. J\u00e1 nas exporta\u00e7\u00f5es para a Mal\u00e1sia, destacam-se as commodities agr\u00edcolas e o setor agropecu\u00e1rio, al\u00e9m de itens do setor de alimentos e bebidas, o tradicional min\u00e9rio, produtos t\u00eaxteis, cal\u00e7ados e itens em couro.<\/p>\n<p>O Canad\u00e1 registrou avan\u00e7o das exporta\u00e7\u00f5es de carnes, p\u00e9rolas, pedras e metais preciosos, al\u00e9m de produtos sider\u00fargicos e instrumentos cient\u00edficos. A Ar\u00e1bia Saudita se destacou pela compra de commodities agr\u00edcolas e do setor agropecu\u00e1rio, alimentos e bebidas, produtos cer\u00e2micos e produtos sider\u00fargicos. (Ag\u00eancia Minas)<\/p>\n","protected":false},"excerpt":{"rendered":"<p>Min\u00e9rio de ferro, caf\u00e9, autom\u00f3veis, al\u00e9m do ouro e pedras preciosas s\u00e3o os produtos mineiros que mais ganharam o mundo em fevereiro deste ano. O grupo colaborou para a manuten\u00e7\u00e3o do super\u00e1vit da balan\u00e7a comercial de Minas Gerais, que fechou o m\u00eas com saldo positivo de US$ 986,81 milh\u00f5es. O resultado foi divulgado nesta segunda-feira, [&hellip;]<\/p>\n","protected":false},"author":1,"featured_media":12422,"comment_status":"open","ping_status":"closed","sticky":false,"template":"","format":"standard","meta":{"amp_status":"","footnotes":""},"categories":[123,28848],"tags":[29031,44519,47812,81417,44521,1018,81413,36904,27204,81416,32646,37812,37009,81414,40843,81415],"class_list":["post-81010","post","type-post","status-publish","format-standard","has-post-thumbnail","hentry","category-gerais","category-mundo","tag-automoveis","tag-balanca-comercial-de-minas-gerais","tag-balanca-comercial-mineira","tag-balanca-comercial-mineira-tem-superavit-de-us-986-milhoes-em-fevereiro","tag-cafe","tag-destaque","tag-exportacao-de-minas-gerais","tag-exportacao-mineira","tag-exportaminas","tag-minas-gerais-aumenta-volume-do-comercio-internacional-para-diferentes-mercados-de-destino","tag-minerio-de-ferro","tag-ouro","tag-pedras-preciosas","tag-produtos-exportacao-minas-gerais","tag-produtos-exportados-de-minas-gerais","tag-produtos-mineiros-que-mais-ganharam-o-mundo"],"yoast_head":"<!-- This site is optimized with the Yoast SEO plugin v28.3 - https:\/\/yoast.com\/product\/yoast-seo-wordpress\/ -->\n<title>Balan\u00e7a comercial mineira tem super\u00e1vit de US$ 986 milh\u00f5es em fevereiro - Aconteceu no Vale<\/title>\n<meta name=\"robots\" content=\"index, follow, max-snippet:-1, max-image-preview:large, max-video-preview:-1\" \/>\n<link rel=\"canonical\" href=\"https:\/\/aconteceunovale.com.br\/portal\/?p=81010\" \/>\n<meta property=\"og:locale\" content=\"pt_BR\" \/>\n<meta property=\"og:type\" content=\"article\" \/>\n<meta property=\"og:title\" content=\"Balan\u00e7a comercial mineira tem super\u00e1vit de US$ 986 milh\u00f5es em fevereiro - Aconteceu no Vale\" \/>\n<meta property=\"og:description\" content=\"Min\u00e9rio de ferro, caf\u00e9, autom\u00f3veis, al\u00e9m do ouro e pedras preciosas s\u00e3o os produtos mineiros que mais ganharam o mundo em fevereiro deste ano. O grupo colaborou para a manuten\u00e7\u00e3o do super\u00e1vit da balan\u00e7a comercial de Minas Gerais, que fechou o m\u00eas com saldo positivo de US$ 986,81 milh\u00f5es. O resultado foi divulgado nesta segunda-feira, [&hellip;]\" \/>\n<meta property=\"og:url\" content=\"https:\/\/aconteceunovale.com.br\/portal\/?p=81010\" \/>\n<meta property=\"og:site_name\" content=\"Aconteceu no Vale\" \/>\n<meta property=\"article:publisher\" content=\"https:\/\/www.facebook.com\/aconteceunovale\/\" \/>\n<meta property=\"article:published_time\" content=\"2016-03-07T21:24:32+00:00\" \/>\n<meta property=\"og:image\" content=\"https:\/\/aconteceunovale.com.br\/portal\/wp-content\/uploads\/2013\/10\/cafe_chapada.jpg\" \/>\n\t<meta property=\"og:image:width\" content=\"678\" \/>\n\t<meta property=\"og:image:height\" content=\"423\" \/>\n\t<meta property=\"og:image:type\" content=\"image\/jpeg\" \/>\n<meta name=\"author\" content=\"Aconteceu no Vale\" \/>\n<meta name=\"twitter:card\" content=\"summary_large_image\" \/>\n<meta name=\"twitter:creator\" content=\"@noticiadosvales\" \/>\n<meta name=\"twitter:site\" content=\"@noticiadosvales\" \/>\n<meta name=\"twitter:label1\" content=\"Escrito por\" \/>\n\t<meta name=\"twitter:data1\" content=\"Aconteceu no Vale\" \/>\n\t<meta name=\"twitter:label2\" content=\"Est. tempo de leitura\" \/>\n\t<meta name=\"twitter:data2\" content=\"2 minutos\" \/>\n<script type=\"application\/ld+json\" class=\"yoast-schema-graph\">{\"@context\":\"https:\\\/\\\/schema.org\",\"@graph\":[{\"@type\":\"Article\",\"@id\":\"https:\\\/\\\/aconteceunovale.com.br\\\/portal\\\/?p=81010#article\",\"isPartOf\":{\"@id\":\"https:\\\/\\\/aconteceunovale.com.br\\\/portal\\\/?p=81010\"},\"author\":{\"name\":\"Aconteceu no Vale\",\"@id\":\"https:\\\/\\\/aconteceunovale.com.br\\\/portal\\\/#\\\/schema\\\/person\\\/633529146f2c94272bef50ac2953d589\"},\"headline\":\"Balan\u00e7a comercial mineira tem super\u00e1vit de US$ 986 milh\u00f5es em fevereiro\",\"datePublished\":\"2016-03-07T21:24:32+00:00\",\"mainEntityOfPage\":{\"@id\":\"https:\\\/\\\/aconteceunovale.com.br\\\/portal\\\/?p=81010\"},\"wordCount\":396,\"commentCount\":0,\"image\":{\"@id\":\"https:\\\/\\\/aconteceunovale.com.br\\\/portal\\\/?p=81010#primaryimage\"},\"thumbnailUrl\":\"https:\\\/\\\/aconteceunovale.com.br\\\/portal\\\/wp-content\\\/uploads\\\/2013\\\/10\\\/cafe_chapada.jpg\",\"keywords\":[\"autom\u00f3veis\",\"Balan\u00e7a comercial de Minas Gerais\",\"balan\u00e7a comercial mineira\",\"Balan\u00e7a comercial mineira tem super\u00e1vit de US$ 986 milh\u00f5es em fevereiro\",\"caf\u00e9\",\"destaque\",\"exporta\u00e7\u00e3o de minas gerais\",\"exporta\u00e7\u00e3o mineira\",\"Exportaminas\",\"Minas Gerais aumenta volume do com\u00e9rcio internacional para diferentes mercados de destino\",\"min\u00e9rio de ferro\",\"ouro\",\"Pedras Preciosas\",\"produtos exporta\u00e7\u00e3o minas gerais\",\"produtos exportados de minas gerais\",\"produtos mineiros que mais ganharam o mundo\"],\"articleSection\":[\"Minas Gerais\",\"Mundo\"],\"inLanguage\":\"pt-BR\",\"potentialAction\":[{\"@type\":\"CommentAction\",\"name\":\"Comment\",\"target\":[\"https:\\\/\\\/aconteceunovale.com.br\\\/portal\\\/?p=81010#respond\"]}]},{\"@type\":\"WebPage\",\"@id\":\"https:\\\/\\\/aconteceunovale.com.br\\\/portal\\\/?p=81010\",\"url\":\"https:\\\/\\\/aconteceunovale.com.br\\\/portal\\\/?p=81010\",\"name\":\"Balan\u00e7a comercial mineira tem super\u00e1vit de US$ 986 milh\u00f5es em fevereiro - Aconteceu no Vale\",\"isPartOf\":{\"@id\":\"https:\\\/\\\/aconteceunovale.com.br\\\/portal\\\/#website\"},\"primaryImageOfPage\":{\"@id\":\"https:\\\/\\\/aconteceunovale.com.br\\\/portal\\\/?p=81010#primaryimage\"},\"image\":{\"@id\":\"https:\\\/\\\/aconteceunovale.com.br\\\/portal\\\/?p=81010#primaryimage\"},\"thumbnailUrl\":\"https:\\\/\\\/aconteceunovale.com.br\\\/portal\\\/wp-content\\\/uploads\\\/2013\\\/10\\\/cafe_chapada.jpg\",\"datePublished\":\"2016-03-07T21:24:32+00:00\",\"author\":{\"@id\":\"https:\\\/\\\/aconteceunovale.com.br\\\/portal\\\/#\\\/schema\\\/person\\\/633529146f2c94272bef50ac2953d589\"},\"breadcrumb\":{\"@id\":\"https:\\\/\\\/aconteceunovale.com.br\\\/portal\\\/?p=81010#breadcrumb\"},\"inLanguage\":\"pt-BR\",\"potentialAction\":[{\"@type\":\"ReadAction\",\"target\":[\"https:\\\/\\\/aconteceunovale.com.br\\\/portal\\\/?p=81010\"]}]},{\"@type\":\"ImageObject\",\"inLanguage\":\"pt-BR\",\"@id\":\"https:\\\/\\\/aconteceunovale.com.br\\\/portal\\\/?p=81010#primaryimage\",\"url\":\"https:\\\/\\\/aconteceunovale.com.br\\\/portal\\\/wp-content\\\/uploads\\\/2013\\\/10\\\/cafe_chapada.jpg\",\"contentUrl\":\"https:\\\/\\\/aconteceunovale.com.br\\\/portal\\\/wp-content\\\/uploads\\\/2013\\\/10\\\/cafe_chapada.jpg\",\"width\":678,\"height\":423},{\"@type\":\"BreadcrumbList\",\"@id\":\"https:\\\/\\\/aconteceunovale.com.br\\\/portal\\\/?p=81010#breadcrumb\",\"itemListElement\":[{\"@type\":\"ListItem\",\"position\":1,\"name\":\"In\u00edcio\",\"item\":\"https:\\\/\\\/aconteceunovale.com.br\\\/portal\\\/\"},{\"@type\":\"ListItem\",\"position\":2,\"name\":\"Balan\u00e7a comercial mineira tem super\u00e1vit de US$ 986 milh\u00f5es em fevereiro\"}]},{\"@type\":\"WebSite\",\"@id\":\"https:\\\/\\\/aconteceunovale.com.br\\\/portal\\\/#website\",\"url\":\"https:\\\/\\\/aconteceunovale.com.br\\\/portal\\\/\",\"name\":\"Aconteceu no Vale\",\"description\":\"Portal de Not\u00edcias\",\"potentialAction\":[{\"@type\":\"SearchAction\",\"target\":{\"@type\":\"EntryPoint\",\"urlTemplate\":\"https:\\\/\\\/aconteceunovale.com.br\\\/portal\\\/?s={search_term_string}\"},\"query-input\":{\"@type\":\"PropertyValueSpecification\",\"valueRequired\":true,\"valueName\":\"search_term_string\"}}],\"inLanguage\":\"pt-BR\"},{\"@type\":\"Person\",\"@id\":\"https:\\\/\\\/aconteceunovale.com.br\\\/portal\\\/#\\\/schema\\\/person\\\/633529146f2c94272bef50ac2953d589\",\"name\":\"Aconteceu no Vale\",\"description\":\"Equipe de reportagem do Aconteceu no Vale, portal de not\u00edcias do Vale do Jequitinhonha, em Minas Gerais. Cobrimos as 51 cidades do Vale desde 2013. Sugest\u00f5es de pauta e pedidos de corre\u00e7\u00e3o: contato@aconteceunovale.com.br\",\"sameAs\":[\"http:\\\/\\\/www.aconteceunovale.com.br\"],\"url\":\"https:\\\/\\\/aconteceunovale.com.br\\\/portal\\\/?author=1\"}]}<\/script>\n<!-- \/ Yoast SEO plugin. -->","yoast_head_json":{"title":"Balan\u00e7a comercial mineira tem super\u00e1vit de US$ 986 milh\u00f5es em fevereiro - Aconteceu no Vale","robots":{"index":"index","follow":"follow","max-snippet":"max-snippet:-1","max-image-preview":"max-image-preview:large","max-video-preview":"max-video-preview:-1"},"canonical":"https:\/\/aconteceunovale.com.br\/portal\/?p=81010","og_locale":"pt_BR","og_type":"article","og_title":"Balan\u00e7a comercial mineira tem super\u00e1vit de US$ 986 milh\u00f5es em fevereiro - Aconteceu no Vale","og_description":"Min\u00e9rio de ferro, caf\u00e9, autom\u00f3veis, al\u00e9m do ouro e pedras preciosas s\u00e3o os produtos mineiros que mais ganharam o mundo em fevereiro deste ano. O grupo colaborou para a manuten\u00e7\u00e3o do super\u00e1vit da balan\u00e7a comercial de Minas Gerais, que fechou o m\u00eas com saldo positivo de US$ 986,81 milh\u00f5es. O resultado foi divulgado nesta segunda-feira, [&hellip;]","og_url":"https:\/\/aconteceunovale.com.br\/portal\/?p=81010","og_site_name":"Aconteceu no Vale","article_publisher":"https:\/\/www.facebook.com\/aconteceunovale\/","article_published_time":"2016-03-07T21:24:32+00:00","og_image":[{"width":678,"height":423,"url":"https:\/\/aconteceunovale.com.br\/portal\/wp-content\/uploads\/2013\/10\/cafe_chapada.jpg","type":"image\/jpeg"}],"author":"Aconteceu no Vale","twitter_card":"summary_large_image","twitter_creator":"@noticiadosvales","twitter_site":"@noticiadosvales","twitter_misc":{"Escrito por":"Aconteceu no Vale","Est. tempo de leitura":"2 minutos"},"schema":{"@context":"https:\/\/schema.org","@graph":[{"@type":"Article","@id":"https:\/\/aconteceunovale.com.br\/portal\/?p=81010#article","isPartOf":{"@id":"https:\/\/aconteceunovale.com.br\/portal\/?p=81010"},"author":{"name":"Aconteceu no Vale","@id":"https:\/\/aconteceunovale.com.br\/portal\/#\/schema\/person\/633529146f2c94272bef50ac2953d589"},"headline":"Balan\u00e7a comercial mineira tem super\u00e1vit de US$ 986 milh\u00f5es em fevereiro","datePublished":"2016-03-07T21:24:32+00:00","mainEntityOfPage":{"@id":"https:\/\/aconteceunovale.com.br\/portal\/?p=81010"},"wordCount":396,"commentCount":0,"image":{"@id":"https:\/\/aconteceunovale.com.br\/portal\/?p=81010#primaryimage"},"thumbnailUrl":"https:\/\/aconteceunovale.com.br\/portal\/wp-content\/uploads\/2013\/10\/cafe_chapada.jpg","keywords":["autom\u00f3veis","Balan\u00e7a comercial de Minas Gerais","balan\u00e7a comercial mineira","Balan\u00e7a comercial mineira tem super\u00e1vit de US$ 986 milh\u00f5es em fevereiro","caf\u00e9","destaque","exporta\u00e7\u00e3o de minas gerais","exporta\u00e7\u00e3o mineira","Exportaminas","Minas Gerais aumenta volume do com\u00e9rcio internacional para diferentes mercados de destino","min\u00e9rio de ferro","ouro","Pedras Preciosas","produtos exporta\u00e7\u00e3o minas gerais","produtos exportados de minas gerais","produtos mineiros que mais ganharam o mundo"],"articleSection":["Minas Gerais","Mundo"],"inLanguage":"pt-BR","potentialAction":[{"@type":"CommentAction","name":"Comment","target":["https:\/\/aconteceunovale.com.br\/portal\/?p=81010#respond"]}]},{"@type":"WebPage","@id":"https:\/\/aconteceunovale.com.br\/portal\/?p=81010","url":"https:\/\/aconteceunovale.com.br\/portal\/?p=81010","name":"Balan\u00e7a comercial mineira tem super\u00e1vit de US$ 986 milh\u00f5es em fevereiro - Aconteceu no Vale","isPartOf":{"@id":"https:\/\/aconteceunovale.com.br\/portal\/#website"},"primaryImageOfPage":{"@id":"https:\/\/aconteceunovale.com.br\/portal\/?p=81010#primaryimage"},"image":{"@id":"https:\/\/aconteceunovale.com.br\/portal\/?p=81010#primaryimage"},"thumbnailUrl":"https:\/\/aconteceunovale.com.br\/portal\/wp-content\/uploads\/2013\/10\/cafe_chapada.jpg","datePublished":"2016-03-07T21:24:32+00:00","author":{"@id":"https:\/\/aconteceunovale.com.br\/portal\/#\/schema\/person\/633529146f2c94272bef50ac2953d589"},"breadcrumb":{"@id":"https:\/\/aconteceunovale.com.br\/portal\/?p=81010#breadcrumb"},"inLanguage":"pt-BR","potentialAction":[{"@type":"ReadAction","target":["https:\/\/aconteceunovale.com.br\/portal\/?p=81010"]}]},{"@type":"ImageObject","inLanguage":"pt-BR","@id":"https:\/\/aconteceunovale.com.br\/portal\/?p=81010#primaryimage","url":"https:\/\/aconteceunovale.com.br\/portal\/wp-content\/uploads\/2013\/10\/cafe_chapada.jpg","contentUrl":"https:\/\/aconteceunovale.com.br\/portal\/wp-content\/uploads\/2013\/10\/cafe_chapada.jpg","width":678,"height":423},{"@type":"BreadcrumbList","@id":"https:\/\/aconteceunovale.com.br\/portal\/?p=81010#breadcrumb","itemListElement":[{"@type":"ListItem","position":1,"name":"In\u00edcio","item":"https:\/\/aconteceunovale.com.br\/portal\/"},{"@type":"ListItem","position":2,"name":"Balan\u00e7a comercial mineira tem super\u00e1vit de US$ 986 milh\u00f5es em fevereiro"}]},{"@type":"WebSite","@id":"https:\/\/aconteceunovale.com.br\/portal\/#website","url":"https:\/\/aconteceunovale.com.br\/portal\/","name":"Aconteceu no Vale","description":"Portal de Not\u00edcias","potentialAction":[{"@type":"SearchAction","target":{"@type":"EntryPoint","urlTemplate":"https:\/\/aconteceunovale.com.br\/portal\/?s={search_term_string}"},"query-input":{"@type":"PropertyValueSpecification","valueRequired":true,"valueName":"search_term_string"}}],"inLanguage":"pt-BR"},{"@type":"Person","@id":"https:\/\/aconteceunovale.com.br\/portal\/#\/schema\/person\/633529146f2c94272bef50ac2953d589","name":"Aconteceu no Vale","description":"Equipe de reportagem do Aconteceu no Vale, portal de not\u00edcias do Vale do Jequitinhonha, em Minas Gerais. Cobrimos as 51 cidades do Vale desde 2013. Sugest\u00f5es de pauta e pedidos de corre\u00e7\u00e3o: contato@aconteceunovale.com.br","sameAs":["http:\/\/www.aconteceunovale.com.br"],"url":"https:\/\/aconteceunovale.com.br\/portal\/?author=1"}]}},"_links":{"self":[{"href":"https:\/\/aconteceunovale.com.br\/portal\/index.php?rest_route=\/wp\/v2\/posts\/81010","targetHints":{"allow":["GET"]}}],"collection":[{"href":"https:\/\/aconteceunovale.com.br\/portal\/index.php?rest_route=\/wp\/v2\/posts"}],"about":[{"href":"https:\/\/aconteceunovale.com.br\/portal\/index.php?rest_route=\/wp\/v2\/types\/post"}],"author":[{"embeddable":true,"href":"https:\/\/aconteceunovale.com.br\/portal\/index.php?rest_route=\/wp\/v2\/users\/1"}],"replies":[{"embeddable":true,"href":"https:\/\/aconteceunovale.com.br\/portal\/index.php?rest_route=%2Fwp%2Fv2%2Fcomments&post=81010"}],"version-history":[{"count":0,"href":"https:\/\/aconteceunovale.com.br\/portal\/index.php?rest_route=\/wp\/v2\/posts\/81010\/revisions"}],"wp:featuredmedia":[{"embeddable":true,"href":"https:\/\/aconteceunovale.com.br\/portal\/index.php?rest_route=\/wp\/v2\/media\/12422"}],"wp:attachment":[{"href":"https:\/\/aconteceunovale.com.br\/portal\/index.php?rest_route=%2Fwp%2Fv2%2Fmedia&parent=81010"}],"wp:term":[{"taxonomy":"category","embeddable":true,"href":"https:\/\/aconteceunovale.com.br\/portal\/index.php?rest_route=%2Fwp%2Fv2%2Fcategories&post=81010"},{"taxonomy":"post_tag","embeddable":true,"href":"https:\/\/aconteceunovale.com.br\/portal\/index.php?rest_route=%2Fwp%2Fv2%2Ftags&post=81010"}],"curies":[{"name":"wp","href":"https:\/\/api.w.org\/{rel}","templated":true}]}}