{"id":81008,"date":"2016-03-07T17:23:32","date_gmt":"2016-03-07T20:23:32","guid":{"rendered":"http:\/\/aconteceunovale.com.br\/portal\/?p=81008"},"modified":"2016-03-07T17:23:32","modified_gmt":"2016-03-07T20:23:32","slug":"homem-se-irrita-com-falta-de-jantar-e-esfaqueia-companheira-em-timoteo-no-vale-do-aco","status":"publish","type":"post","link":"https:\/\/aconteceunovale.com.br\/portal\/?p=81008","title":{"rendered":"Homem se irrita com falta de jantar e esfaqueia companheira em Tim\u00f3teo, no Vale do A\u00e7o"},"content":{"rendered":"<p>Um homem de 32 anos \u00e9 procurado pela pol\u00edcia por ter esfaqueado a pr\u00f3pria companheira em Tim\u00f3teo, no Vale do A\u00e7o. O crime foi registrado na noite desse domingo, 6 de mar\u00e7o, em uma casa da Rua Alberto de Carvalho, no bairro Santa Terezinha.<\/p>\n<p>Uma irm\u00e3 da v\u00edtima contou \u00e0 Pol\u00edcia Militar (PM) que o homem chegou em casa por volta das 22 horas e perguntou se o &#8220;jantar j\u00e1 estava pronto&#8221;. Ap\u00f3s receber uma resposta negativa, o suspeito teria se irritado e esfaqueou a mulher duas vezes, acima de um dos seios e nas costas. A filha do casal estava no local e presenciou o crime.<\/p>\n<p>A dona de casa foi encaminhada para o Hospital Vital Brazil e o suspeito fugiu em uma Parati, que foi localizada durante rastreamento da PM no bairro Limoeiro. Pertences da v\u00edtima e arma utilizada no crime foram encontrados no interior do ve\u00edculo.<\/p>\n","protected":false},"excerpt":{"rendered":"<p>Um homem de 32 anos \u00e9 procurado pela pol\u00edcia por ter esfaqueado a pr\u00f3pria companheira em Tim\u00f3teo, no Vale do A\u00e7o. O crime foi registrado na noite desse domingo, 6 de mar\u00e7o, em uma casa da Rua Alberto de Carvalho, no bairro Santa Terezinha. Uma irm\u00e3 da v\u00edtima contou \u00e0 Pol\u00edcia Militar (PM) que o [&hellip;]<\/p>\n","protected":false},"author":1,"featured_media":51455,"comment_status":"open","ping_status":"closed","sticky":false,"template":"","format":"standard","meta":{"amp_status":"","footnotes":""},"categories":[121],"tags":[81411,81408,81412,81410,81409,1105],"class_list":["post-81008","post","type-post","status-publish","format-standard","has-post-thumbnail","hentry","category-leste","tag-andre-batista-soares-andrade","tag-homem-se-irrita-com-falta-de-jantar-e-esfaqueia-companheira-em-timoteo","tag-irleyse-reis-ramos","tag-mulher-esfaqueada-timoteo","tag-tentativa-de-homicidio-timoteo","tag-timoteo"],"yoast_head":"<!-- This site is optimized with the Yoast SEO plugin v28.3 - https:\/\/yoast.com\/product\/yoast-seo-wordpress\/ -->\n<title>Homem se irrita com falta de jantar e esfaqueia companheira em Tim\u00f3teo, no Vale do A\u00e7o - Aconteceu no Vale<\/title>\n<meta name=\"robots\" content=\"index, follow, max-snippet:-1, max-image-preview:large, max-video-preview:-1\" \/>\n<link rel=\"canonical\" href=\"https:\/\/aconteceunovale.com.br\/portal\/?p=81008\" \/>\n<meta property=\"og:locale\" content=\"pt_BR\" \/>\n<meta property=\"og:type\" content=\"article\" \/>\n<meta property=\"og:title\" content=\"Homem se irrita com falta de jantar e esfaqueia companheira em Tim\u00f3teo, no Vale do A\u00e7o - Aconteceu no Vale\" \/>\n<meta property=\"og:description\" content=\"Um homem de 32 anos \u00e9 procurado pela pol\u00edcia por ter esfaqueado a pr\u00f3pria companheira em Tim\u00f3teo, no Vale do A\u00e7o. O crime foi registrado na noite desse domingo, 6 de mar\u00e7o, em uma casa da Rua Alberto de Carvalho, no bairro Santa Terezinha. Uma irm\u00e3 da v\u00edtima contou \u00e0 Pol\u00edcia Militar (PM) que o [&hellip;]\" \/>\n<meta property=\"og:url\" content=\"https:\/\/aconteceunovale.com.br\/portal\/?p=81008\" \/>\n<meta property=\"og:site_name\" content=\"Aconteceu no Vale\" \/>\n<meta property=\"article:publisher\" content=\"https:\/\/www.facebook.com\/aconteceunovale\/\" \/>\n<meta property=\"article:published_time\" content=\"2016-03-07T20:23:32+00:00\" \/>\n<meta property=\"og:image\" content=\"https:\/\/aconteceunovale.com.br\/portal\/wp-content\/uploads\/2015\/02\/timoteo_mg.jpg\" \/>\n\t<meta property=\"og:image:width\" content=\"600\" \/>\n\t<meta property=\"og:image:height\" content=\"450\" \/>\n\t<meta property=\"og:image:type\" content=\"image\/jpeg\" \/>\n<meta name=\"author\" content=\"Aconteceu no Vale\" \/>\n<meta name=\"twitter:card\" content=\"summary_large_image\" \/>\n<meta name=\"twitter:creator\" content=\"@noticiadosvales\" \/>\n<meta name=\"twitter:site\" content=\"@noticiadosvales\" \/>\n<meta name=\"twitter:label1\" content=\"Escrito por\" \/>\n\t<meta name=\"twitter:data1\" content=\"Aconteceu no Vale\" \/>\n\t<meta name=\"twitter:label2\" content=\"Est. tempo de leitura\" \/>\n\t<meta name=\"twitter:data2\" content=\"1 minuto\" \/>\n<script type=\"application\/ld+json\" class=\"yoast-schema-graph\">{\"@context\":\"https:\\\/\\\/schema.org\",\"@graph\":[{\"@type\":\"Article\",\"@id\":\"https:\\\/\\\/aconteceunovale.com.br\\\/portal\\\/?p=81008#article\",\"isPartOf\":{\"@id\":\"https:\\\/\\\/aconteceunovale.com.br\\\/portal\\\/?p=81008\"},\"author\":{\"name\":\"Aconteceu no Vale\",\"@id\":\"https:\\\/\\\/aconteceunovale.com.br\\\/portal\\\/#\\\/schema\\\/person\\\/633529146f2c94272bef50ac2953d589\"},\"headline\":\"Homem se irrita com falta de jantar e esfaqueia companheira em Tim\u00f3teo, no Vale do A\u00e7o\",\"datePublished\":\"2016-03-07T20:23:32+00:00\",\"mainEntityOfPage\":{\"@id\":\"https:\\\/\\\/aconteceunovale.com.br\\\/portal\\\/?p=81008\"},\"wordCount\":172,\"commentCount\":0,\"image\":{\"@id\":\"https:\\\/\\\/aconteceunovale.com.br\\\/portal\\\/?p=81008#primaryimage\"},\"thumbnailUrl\":\"https:\\\/\\\/aconteceunovale.com.br\\\/portal\\\/wp-content\\\/uploads\\\/2015\\\/02\\\/timoteo_mg.jpg\",\"keywords\":[\"Andr\u00e9 Batista Soares Andrade\",\"Homem se irrita com falta de jantar e esfaqueia companheira em Tim\u00f3teo\",\"Irleyse Reis Ramos\",\"mulher esfaqueada Tim\u00f3teo\",\"tentativa de homic\u00eddio Tim\u00f3teo\",\"Tim\u00f3teo\"],\"articleSection\":[\"Leste de Minas\"],\"inLanguage\":\"pt-BR\",\"potentialAction\":[{\"@type\":\"CommentAction\",\"name\":\"Comment\",\"target\":[\"https:\\\/\\\/aconteceunovale.com.br\\\/portal\\\/?p=81008#respond\"]}]},{\"@type\":\"WebPage\",\"@id\":\"https:\\\/\\\/aconteceunovale.com.br\\\/portal\\\/?p=81008\",\"url\":\"https:\\\/\\\/aconteceunovale.com.br\\\/portal\\\/?p=81008\",\"name\":\"Homem se irrita com falta de jantar e esfaqueia companheira em Tim\u00f3teo, no Vale do A\u00e7o - Aconteceu no Vale\",\"isPartOf\":{\"@id\":\"https:\\\/\\\/aconteceunovale.com.br\\\/portal\\\/#website\"},\"primaryImageOfPage\":{\"@id\":\"https:\\\/\\\/aconteceunovale.com.br\\\/portal\\\/?p=81008#primaryimage\"},\"image\":{\"@id\":\"https:\\\/\\\/aconteceunovale.com.br\\\/portal\\\/?p=81008#primaryimage\"},\"thumbnailUrl\":\"https:\\\/\\\/aconteceunovale.com.br\\\/portal\\\/wp-content\\\/uploads\\\/2015\\\/02\\\/timoteo_mg.jpg\",\"datePublished\":\"2016-03-07T20:23:32+00:00\",\"author\":{\"@id\":\"https:\\\/\\\/aconteceunovale.com.br\\\/portal\\\/#\\\/schema\\\/person\\\/633529146f2c94272bef50ac2953d589\"},\"breadcrumb\":{\"@id\":\"https:\\\/\\\/aconteceunovale.com.br\\\/portal\\\/?p=81008#breadcrumb\"},\"inLanguage\":\"pt-BR\",\"potentialAction\":[{\"@type\":\"ReadAction\",\"target\":[\"https:\\\/\\\/aconteceunovale.com.br\\\/portal\\\/?p=81008\"]}]},{\"@type\":\"ImageObject\",\"inLanguage\":\"pt-BR\",\"@id\":\"https:\\\/\\\/aconteceunovale.com.br\\\/portal\\\/?p=81008#primaryimage\",\"url\":\"https:\\\/\\\/aconteceunovale.com.br\\\/portal\\\/wp-content\\\/uploads\\\/2015\\\/02\\\/timoteo_mg.jpg\",\"contentUrl\":\"https:\\\/\\\/aconteceunovale.com.br\\\/portal\\\/wp-content\\\/uploads\\\/2015\\\/02\\\/timoteo_mg.jpg\",\"width\":600,\"height\":450},{\"@type\":\"BreadcrumbList\",\"@id\":\"https:\\\/\\\/aconteceunovale.com.br\\\/portal\\\/?p=81008#breadcrumb\",\"itemListElement\":[{\"@type\":\"ListItem\",\"position\":1,\"name\":\"In\u00edcio\",\"item\":\"https:\\\/\\\/aconteceunovale.com.br\\\/portal\\\/\"},{\"@type\":\"ListItem\",\"position\":2,\"name\":\"Homem se irrita com falta de jantar e esfaqueia companheira em Tim\u00f3teo, no Vale do A\u00e7o\"}]},{\"@type\":\"WebSite\",\"@id\":\"https:\\\/\\\/aconteceunovale.com.br\\\/portal\\\/#website\",\"url\":\"https:\\\/\\\/aconteceunovale.com.br\\\/portal\\\/\",\"name\":\"Aconteceu no Vale\",\"description\":\"Portal de Not\u00edcias\",\"potentialAction\":[{\"@type\":\"SearchAction\",\"target\":{\"@type\":\"EntryPoint\",\"urlTemplate\":\"https:\\\/\\\/aconteceunovale.com.br\\\/portal\\\/?s={search_term_string}\"},\"query-input\":{\"@type\":\"PropertyValueSpecification\",\"valueRequired\":true,\"valueName\":\"search_term_string\"}}],\"inLanguage\":\"pt-BR\"},{\"@type\":\"Person\",\"@id\":\"https:\\\/\\\/aconteceunovale.com.br\\\/portal\\\/#\\\/schema\\\/person\\\/633529146f2c94272bef50ac2953d589\",\"name\":\"Aconteceu no Vale\",\"description\":\"Equipe de reportagem do Aconteceu no Vale, portal de not\u00edcias do Vale do Jequitinhonha, em Minas Gerais. Cobrimos as 51 cidades do Vale desde 2013. Sugest\u00f5es de pauta e pedidos de corre\u00e7\u00e3o: contato@aconteceunovale.com.br\",\"sameAs\":[\"http:\\\/\\\/www.aconteceunovale.com.br\"],\"url\":\"https:\\\/\\\/aconteceunovale.com.br\\\/portal\\\/?author=1\"}]}<\/script>\n<!-- \/ Yoast SEO plugin. -->","yoast_head_json":{"title":"Homem se irrita com falta de jantar e esfaqueia companheira em Tim\u00f3teo, no Vale do A\u00e7o - Aconteceu no Vale","robots":{"index":"index","follow":"follow","max-snippet":"max-snippet:-1","max-image-preview":"max-image-preview:large","max-video-preview":"max-video-preview:-1"},"canonical":"https:\/\/aconteceunovale.com.br\/portal\/?p=81008","og_locale":"pt_BR","og_type":"article","og_title":"Homem se irrita com falta de jantar e esfaqueia companheira em Tim\u00f3teo, no Vale do A\u00e7o - Aconteceu no Vale","og_description":"Um homem de 32 anos \u00e9 procurado pela pol\u00edcia por ter esfaqueado a pr\u00f3pria companheira em Tim\u00f3teo, no Vale do A\u00e7o. O crime foi registrado na noite desse domingo, 6 de mar\u00e7o, em uma casa da Rua Alberto de Carvalho, no bairro Santa Terezinha. Uma irm\u00e3 da v\u00edtima contou \u00e0 Pol\u00edcia Militar (PM) que o [&hellip;]","og_url":"https:\/\/aconteceunovale.com.br\/portal\/?p=81008","og_site_name":"Aconteceu no Vale","article_publisher":"https:\/\/www.facebook.com\/aconteceunovale\/","article_published_time":"2016-03-07T20:23:32+00:00","og_image":[{"width":600,"height":450,"url":"https:\/\/aconteceunovale.com.br\/portal\/wp-content\/uploads\/2015\/02\/timoteo_mg.jpg","type":"image\/jpeg"}],"author":"Aconteceu no Vale","twitter_card":"summary_large_image","twitter_creator":"@noticiadosvales","twitter_site":"@noticiadosvales","twitter_misc":{"Escrito por":"Aconteceu no Vale","Est. tempo de leitura":"1 minuto"},"schema":{"@context":"https:\/\/schema.org","@graph":[{"@type":"Article","@id":"https:\/\/aconteceunovale.com.br\/portal\/?p=81008#article","isPartOf":{"@id":"https:\/\/aconteceunovale.com.br\/portal\/?p=81008"},"author":{"name":"Aconteceu no Vale","@id":"https:\/\/aconteceunovale.com.br\/portal\/#\/schema\/person\/633529146f2c94272bef50ac2953d589"},"headline":"Homem se irrita com falta de jantar e esfaqueia companheira em Tim\u00f3teo, no Vale do A\u00e7o","datePublished":"2016-03-07T20:23:32+00:00","mainEntityOfPage":{"@id":"https:\/\/aconteceunovale.com.br\/portal\/?p=81008"},"wordCount":172,"commentCount":0,"image":{"@id":"https:\/\/aconteceunovale.com.br\/portal\/?p=81008#primaryimage"},"thumbnailUrl":"https:\/\/aconteceunovale.com.br\/portal\/wp-content\/uploads\/2015\/02\/timoteo_mg.jpg","keywords":["Andr\u00e9 Batista Soares Andrade","Homem se irrita com falta de jantar e esfaqueia companheira em Tim\u00f3teo","Irleyse Reis Ramos","mulher esfaqueada Tim\u00f3teo","tentativa de homic\u00eddio Tim\u00f3teo","Tim\u00f3teo"],"articleSection":["Leste de Minas"],"inLanguage":"pt-BR","potentialAction":[{"@type":"CommentAction","name":"Comment","target":["https:\/\/aconteceunovale.com.br\/portal\/?p=81008#respond"]}]},{"@type":"WebPage","@id":"https:\/\/aconteceunovale.com.br\/portal\/?p=81008","url":"https:\/\/aconteceunovale.com.br\/portal\/?p=81008","name":"Homem se irrita com falta de jantar e esfaqueia companheira em Tim\u00f3teo, no Vale do A\u00e7o - Aconteceu no Vale","isPartOf":{"@id":"https:\/\/aconteceunovale.com.br\/portal\/#website"},"primaryImageOfPage":{"@id":"https:\/\/aconteceunovale.com.br\/portal\/?p=81008#primaryimage"},"image":{"@id":"https:\/\/aconteceunovale.com.br\/portal\/?p=81008#primaryimage"},"thumbnailUrl":"https:\/\/aconteceunovale.com.br\/portal\/wp-content\/uploads\/2015\/02\/timoteo_mg.jpg","datePublished":"2016-03-07T20:23:32+00:00","author":{"@id":"https:\/\/aconteceunovale.com.br\/portal\/#\/schema\/person\/633529146f2c94272bef50ac2953d589"},"breadcrumb":{"@id":"https:\/\/aconteceunovale.com.br\/portal\/?p=81008#breadcrumb"},"inLanguage":"pt-BR","potentialAction":[{"@type":"ReadAction","target":["https:\/\/aconteceunovale.com.br\/portal\/?p=81008"]}]},{"@type":"ImageObject","inLanguage":"pt-BR","@id":"https:\/\/aconteceunovale.com.br\/portal\/?p=81008#primaryimage","url":"https:\/\/aconteceunovale.com.br\/portal\/wp-content\/uploads\/2015\/02\/timoteo_mg.jpg","contentUrl":"https:\/\/aconteceunovale.com.br\/portal\/wp-content\/uploads\/2015\/02\/timoteo_mg.jpg","width":600,"height":450},{"@type":"BreadcrumbList","@id":"https:\/\/aconteceunovale.com.br\/portal\/?p=81008#breadcrumb","itemListElement":[{"@type":"ListItem","position":1,"name":"In\u00edcio","item":"https:\/\/aconteceunovale.com.br\/portal\/"},{"@type":"ListItem","position":2,"name":"Homem se irrita com falta de jantar e esfaqueia companheira em Tim\u00f3teo, no Vale do A\u00e7o"}]},{"@type":"WebSite","@id":"https:\/\/aconteceunovale.com.br\/portal\/#website","url":"https:\/\/aconteceunovale.com.br\/portal\/","name":"Aconteceu no Vale","description":"Portal de Not\u00edcias","potentialAction":[{"@type":"SearchAction","target":{"@type":"EntryPoint","urlTemplate":"https:\/\/aconteceunovale.com.br\/portal\/?s={search_term_string}"},"query-input":{"@type":"PropertyValueSpecification","valueRequired":true,"valueName":"search_term_string"}}],"inLanguage":"pt-BR"},{"@type":"Person","@id":"https:\/\/aconteceunovale.com.br\/portal\/#\/schema\/person\/633529146f2c94272bef50ac2953d589","name":"Aconteceu no Vale","description":"Equipe de reportagem do Aconteceu no Vale, portal de not\u00edcias do Vale do Jequitinhonha, em Minas Gerais. Cobrimos as 51 cidades do Vale desde 2013. Sugest\u00f5es de pauta e pedidos de corre\u00e7\u00e3o: contato@aconteceunovale.com.br","sameAs":["http:\/\/www.aconteceunovale.com.br"],"url":"https:\/\/aconteceunovale.com.br\/portal\/?author=1"}]}},"_links":{"self":[{"href":"https:\/\/aconteceunovale.com.br\/portal\/index.php?rest_route=\/wp\/v2\/posts\/81008","targetHints":{"allow":["GET"]}}],"collection":[{"href":"https:\/\/aconteceunovale.com.br\/portal\/index.php?rest_route=\/wp\/v2\/posts"}],"about":[{"href":"https:\/\/aconteceunovale.com.br\/portal\/index.php?rest_route=\/wp\/v2\/types\/post"}],"author":[{"embeddable":true,"href":"https:\/\/aconteceunovale.com.br\/portal\/index.php?rest_route=\/wp\/v2\/users\/1"}],"replies":[{"embeddable":true,"href":"https:\/\/aconteceunovale.com.br\/portal\/index.php?rest_route=%2Fwp%2Fv2%2Fcomments&post=81008"}],"version-history":[{"count":0,"href":"https:\/\/aconteceunovale.com.br\/portal\/index.php?rest_route=\/wp\/v2\/posts\/81008\/revisions"}],"wp:featuredmedia":[{"embeddable":true,"href":"https:\/\/aconteceunovale.com.br\/portal\/index.php?rest_route=\/wp\/v2\/media\/51455"}],"wp:attachment":[{"href":"https:\/\/aconteceunovale.com.br\/portal\/index.php?rest_route=%2Fwp%2Fv2%2Fmedia&parent=81008"}],"wp:term":[{"taxonomy":"category","embeddable":true,"href":"https:\/\/aconteceunovale.com.br\/portal\/index.php?rest_route=%2Fwp%2Fv2%2Fcategories&post=81008"},{"taxonomy":"post_tag","embeddable":true,"href":"https:\/\/aconteceunovale.com.br\/portal\/index.php?rest_route=%2Fwp%2Fv2%2Ftags&post=81008"}],"curies":[{"name":"wp","href":"https:\/\/api.w.org\/{rel}","templated":true}]}}