{"id":80982,"date":"2016-03-07T13:49:44","date_gmt":"2016-03-07T16:49:44","guid":{"rendered":"http:\/\/aconteceunovale.com.br\/portal\/?p=80982"},"modified":"2026-09-02T12:38:09","modified_gmt":"2026-09-02T15:38:09","slug":"pedreiro-e-assassinado-ao-defender-mulher-do-ex-companheiro-dela-em-carai","status":"publish","type":"post","link":"https:\/\/aconteceunovale.com.br\/portal\/?p=80982","title":{"rendered":"Pedreiro \u00e9 assassinado ao defender mulher do ex-companheiro dela em Cara\u00ed"},"content":{"rendered":"<p>Um homem de 38 anos foi assassinado ao defender uma mulher do ex-companheiro dela em Cara\u00ed, no Vale do Jequitinhonha. O pedreiro Valdair Coimbra de Souza foi esfaqueado na altura do peito e n\u00e3o resistiu. O crime aconteceu na noite desse domingo, 6 de mar\u00e7o, na casa da v\u00edtima, localizada na Rua Joaquim Rodrigues Jardim, no bairro Vila Gomes.<\/p>\n<p>O filho de Valdair contou \u00e0 Pol\u00edcia Militar (PM) que o pai estava dentro da resid\u00eancia dele, na companhia de uma mulher de 32 anos, quando o suspeito G.G.S, de 30 anos, chegou querendo conversar com ela. Por\u00e9m, por\u00e9m o pedreiro interferiu e expulsou o homem do local. <\/p>\n<p>Minutos depois, o suspeito retornou com uma faca e golpeou Valdair no peito. A v\u00edtima chegou a ser socorrida com vida, mas n\u00e3o resistiu ao ferimento e veio a \u00f3bito ao dar entrada na unidade de sa\u00fade.<\/p>\n<p>Os policiais foram atr\u00e1s do suspeito e o encontraram dentro de sua casa, junto com a faca usada no crime. Ele confessou o assassinato e justificou dizendo que tinha um relacionamento amoroso com a mulher que estava com o pedreiro e por isso foi ao local conversar com ela. Contudo, a v\u00edtima o teria agredido com um soco na boca. Enraivecido, ele foi em casa, buscou uma faca e voltou para acertar as contas com Valdair. Ele foi levado para delegacia. A mulher n\u00e3o foi encontrada para explicar o que teria acontecido.<\/p>\n<p>Os filhos de Souza estavam na casa e teriam visto o pai ser morto, de acordo com a fam\u00edlia. Os dois moravam com o pai.<\/p>\n<h4><strong>Idoso morre em garimpo na zona rural de Cara\u00ed<\/strong><\/h4>\n<p>Um homem de 61 anos morreu na manh\u00e3 do dia 3 de mar\u00e7o em um garimpo localizado na comunidade C\u00f3rrego Ribeir\u00e3o de Capivara, na zona rural de Cara\u00ed. Jos\u00e9 Martins Costa e um homem de 35 anos estavam no interior de uma escava\u00e7\u00e3o, quando ocorreu um desmoronamento. <\/p>\n<p>O idoso foi esmagado por uma grande quantidade de terra e veio a \u00f3bito no local. J\u00e1 o companheiro de trabalho dele, de iniciais A.R.S, foi socorrido por populares e encaminhado para o Hospital Municipal S\u00e3o Jo\u00e3o Batista, onde recebeu atendimento e posteriormente foi transferido para o Hospital Santa Ros\u00e1lia, em Te\u00f3filo Otoni.<\/p>\n<p><img decoding=\"async\" src=\"http:\/\/aconteceunovale.com.br\/portal\/wp-content\/uploads\/2016\/03\/carai_mg.jpg\" alt=\"\" \/><em>Vista parcial de Cara\u00ed, no Vale do Jequitinhonha &#8211; Foto: Pedro Paulo \/ Panoramio<\/em><br \/>\n<\/br><\/p>\n<p><em>(Fonte: O Tempo \/ Aconteceu no Vale)<\/em><\/p>\n","protected":false},"excerpt":{"rendered":"<p>Um homem de 38 anos foi assassinado ao defender uma mulher do ex-companheiro dela em Cara\u00ed, no Vale do Jequitinhonha. O pedreiro Valdair Coimbra de Souza foi esfaqueado na altura do peito e n\u00e3o resistiu. O crime aconteceu na noite desse domingo, 6 de mar\u00e7o, na casa da v\u00edtima, localizada na Rua Joaquim Rodrigues Jardim, [&hellip;]<\/p>\n","protected":false},"author":1,"featured_media":80983,"comment_status":"open","ping_status":"closed","sticky":false,"template":"","format":"standard","meta":{"amp_status":"","footnotes":""},"categories":[272536,120],"tags":[81370,81377,490,81366,81368,81378,81367,81372,81375,81361,81369,35667,81365,81363,48307,81374,81371,81364,81362,81373,81376],"class_list":["post-80982","post","type-post","status-publish","format-standard","has-post-thumbnail","hentry","category-carai","category-jequi","tag-adriano-rosa-dos-santos","tag-assassinato-carai","tag-carai","tag-corrego-ribeirao-de-capivara","tag-corrego-ribeirao-de-capivara-carai","tag-esfaqueado-em-carai","tag-garimpo-corrego-ribeirao-de-capivara","tag-gilmar-gomes-dos-santos","tag-homicidio-carai","tag-idoso-morre-em-garimpo-na-zona-rural-de-carai","tag-jose-martins-costa","tag-morte-em-carai","tag-morte-em-garimpo-de-carai","tag-morte-em-soterramento-em-garimpo-em-carai","tag-morto-em-carai","tag-natalia-dias","tag-pedreiro-e-assassinado-ao-defender-mulher-do-ex-companheiro-dela-em-carai","tag-soterrado-em-carai","tag-soterramento-em-garimpo-de-carai","tag-valdair-coimbra-de-souza","tag-violencia-carai"],"yoast_head":"<!-- This site is optimized with the Yoast SEO plugin v28.3 - https:\/\/yoast.com\/product\/yoast-seo-wordpress\/ -->\n<title>Pedreiro \u00e9 assassinado ao defender mulher do ex-companheiro dela em Cara\u00ed - Aconteceu no Vale<\/title>\n<meta name=\"robots\" content=\"index, follow, max-snippet:-1, max-image-preview:large, max-video-preview:-1\" \/>\n<link rel=\"canonical\" href=\"https:\/\/aconteceunovale.com.br\/portal\/?p=80982\" \/>\n<meta property=\"og:locale\" content=\"pt_BR\" \/>\n<meta property=\"og:type\" content=\"article\" \/>\n<meta property=\"og:title\" content=\"Pedreiro \u00e9 assassinado ao defender mulher do ex-companheiro dela em Cara\u00ed - Aconteceu no Vale\" \/>\n<meta property=\"og:description\" content=\"Um homem de 38 anos foi assassinado ao defender uma mulher do ex-companheiro dela em Cara\u00ed, no Vale do Jequitinhonha. O pedreiro Valdair Coimbra de Souza foi esfaqueado na altura do peito e n\u00e3o resistiu. O crime aconteceu na noite desse domingo, 6 de mar\u00e7o, na casa da v\u00edtima, localizada na Rua Joaquim Rodrigues Jardim, [&hellip;]\" \/>\n<meta property=\"og:url\" content=\"https:\/\/aconteceunovale.com.br\/portal\/?p=80982\" \/>\n<meta property=\"og:site_name\" content=\"Aconteceu no Vale\" \/>\n<meta property=\"article:publisher\" content=\"https:\/\/www.facebook.com\/aconteceunovale\/\" \/>\n<meta property=\"article:published_time\" content=\"2016-03-07T16:49:44+00:00\" \/>\n<meta property=\"article:modified_time\" content=\"2026-09-02T15:38:09+00:00\" \/>\n<meta property=\"og:image\" content=\"https:\/\/aconteceunovale.com.br\/portal\/wp-content\/uploads\/2016\/03\/carai_mg.jpg\" \/>\n\t<meta property=\"og:image:width\" content=\"678\" \/>\n\t<meta property=\"og:image:height\" content=\"433\" \/>\n\t<meta property=\"og:image:type\" content=\"image\/jpeg\" \/>\n<meta name=\"author\" content=\"Aconteceu no Vale\" \/>\n<meta name=\"twitter:card\" content=\"summary_large_image\" \/>\n<meta name=\"twitter:creator\" content=\"@noticiadosvales\" \/>\n<meta name=\"twitter:site\" content=\"@noticiadosvales\" \/>\n<meta name=\"twitter:label1\" content=\"Escrito por\" \/>\n\t<meta name=\"twitter:data1\" content=\"Aconteceu no Vale\" \/>\n\t<meta name=\"twitter:label2\" content=\"Est. tempo de leitura\" \/>\n\t<meta name=\"twitter:data2\" content=\"2 minutos\" \/>\n<script type=\"application\/ld+json\" class=\"yoast-schema-graph\">{\"@context\":\"https:\\\/\\\/schema.org\",\"@graph\":[{\"@type\":\"Article\",\"@id\":\"https:\\\/\\\/aconteceunovale.com.br\\\/portal\\\/?p=80982#article\",\"isPartOf\":{\"@id\":\"https:\\\/\\\/aconteceunovale.com.br\\\/portal\\\/?p=80982\"},\"author\":{\"name\":\"Aconteceu no Vale\",\"@id\":\"https:\\\/\\\/aconteceunovale.com.br\\\/portal\\\/#\\\/schema\\\/person\\\/633529146f2c94272bef50ac2953d589\"},\"headline\":\"Pedreiro \u00e9 assassinado ao defender mulher do ex-companheiro dela em Cara\u00ed\",\"datePublished\":\"2016-03-07T16:49:44+00:00\",\"dateModified\":\"2026-09-02T15:38:09+00:00\",\"mainEntityOfPage\":{\"@id\":\"https:\\\/\\\/aconteceunovale.com.br\\\/portal\\\/?p=80982\"},\"wordCount\":417,\"commentCount\":0,\"image\":{\"@id\":\"https:\\\/\\\/aconteceunovale.com.br\\\/portal\\\/?p=80982#primaryimage\"},\"thumbnailUrl\":\"https:\\\/\\\/aconteceunovale.com.br\\\/portal\\\/wp-content\\\/uploads\\\/2016\\\/03\\\/carai_mg.jpg\",\"keywords\":[\"Adriano Rosa dos Santos\",\"assassinato cara\u00ed\",\"Cara\u00ed\",\"C\u00f3rrego Ribeir\u00e3o de Capivara\",\"C\u00f3rrego Ribeir\u00e3o de Capivara Cara\u00ed\",\"esfaqueado em cara\u00ed\",\"garimpo C\u00f3rrego Ribeir\u00e3o de Capivara\",\"Gilmar Gomes dos Santos\",\"homic\u00eddio cara\u00ed\",\"Idoso morre em garimpo na zona rural de Cara\u00ed\",\"Jos\u00e9 Martins Costa\",\"morte em Cara\u00ed\",\"morte em garimpo de Cara\u00ed\",\"morte em soterramento em Garimpo em Cara\u00ed\",\"morto em Cara\u00ed\",\"Natalia Dias\",\"Pedreiro \u00e9 assassinado ao defender mulher do ex-companheiro dela em Cara\u00ed\",\"soterrado em Cara\u00ed\",\"soterramento em Garimpo de Cara\u00ed\",\"Valdair Coimbra de Souza\",\"viol\u00eancia cara\u00ed\"],\"articleSection\":[\"Cara\u00ed\",\"Vale do Jequitinhonha\"],\"inLanguage\":\"pt-BR\",\"potentialAction\":[{\"@type\":\"CommentAction\",\"name\":\"Comment\",\"target\":[\"https:\\\/\\\/aconteceunovale.com.br\\\/portal\\\/?p=80982#respond\"]}]},{\"@type\":\"WebPage\",\"@id\":\"https:\\\/\\\/aconteceunovale.com.br\\\/portal\\\/?p=80982\",\"url\":\"https:\\\/\\\/aconteceunovale.com.br\\\/portal\\\/?p=80982\",\"name\":\"Pedreiro \u00e9 assassinado ao defender mulher do ex-companheiro dela em Cara\u00ed - Aconteceu no Vale\",\"isPartOf\":{\"@id\":\"https:\\\/\\\/aconteceunovale.com.br\\\/portal\\\/#website\"},\"primaryImageOfPage\":{\"@id\":\"https:\\\/\\\/aconteceunovale.com.br\\\/portal\\\/?p=80982#primaryimage\"},\"image\":{\"@id\":\"https:\\\/\\\/aconteceunovale.com.br\\\/portal\\\/?p=80982#primaryimage\"},\"thumbnailUrl\":\"https:\\\/\\\/aconteceunovale.com.br\\\/portal\\\/wp-content\\\/uploads\\\/2016\\\/03\\\/carai_mg.jpg\",\"datePublished\":\"2016-03-07T16:49:44+00:00\",\"dateModified\":\"2026-09-02T15:38:09+00:00\",\"author\":{\"@id\":\"https:\\\/\\\/aconteceunovale.com.br\\\/portal\\\/#\\\/schema\\\/person\\\/633529146f2c94272bef50ac2953d589\"},\"breadcrumb\":{\"@id\":\"https:\\\/\\\/aconteceunovale.com.br\\\/portal\\\/?p=80982#breadcrumb\"},\"inLanguage\":\"pt-BR\",\"potentialAction\":[{\"@type\":\"ReadAction\",\"target\":[\"https:\\\/\\\/aconteceunovale.com.br\\\/portal\\\/?p=80982\"]}]},{\"@type\":\"ImageObject\",\"inLanguage\":\"pt-BR\",\"@id\":\"https:\\\/\\\/aconteceunovale.com.br\\\/portal\\\/?p=80982#primaryimage\",\"url\":\"https:\\\/\\\/aconteceunovale.com.br\\\/portal\\\/wp-content\\\/uploads\\\/2016\\\/03\\\/carai_mg.jpg\",\"contentUrl\":\"https:\\\/\\\/aconteceunovale.com.br\\\/portal\\\/wp-content\\\/uploads\\\/2016\\\/03\\\/carai_mg.jpg\",\"width\":678,\"height\":433},{\"@type\":\"BreadcrumbList\",\"@id\":\"https:\\\/\\\/aconteceunovale.com.br\\\/portal\\\/?p=80982#breadcrumb\",\"itemListElement\":[{\"@type\":\"ListItem\",\"position\":1,\"name\":\"In\u00edcio\",\"item\":\"https:\\\/\\\/aconteceunovale.com.br\\\/portal\\\/\"},{\"@type\":\"ListItem\",\"position\":2,\"name\":\"Pedreiro \u00e9 assassinado ao defender mulher do ex-companheiro dela em Cara\u00ed\"}]},{\"@type\":\"WebSite\",\"@id\":\"https:\\\/\\\/aconteceunovale.com.br\\\/portal\\\/#website\",\"url\":\"https:\\\/\\\/aconteceunovale.com.br\\\/portal\\\/\",\"name\":\"Aconteceu no Vale\",\"description\":\"Portal de Not\u00edcias\",\"potentialAction\":[{\"@type\":\"SearchAction\",\"target\":{\"@type\":\"EntryPoint\",\"urlTemplate\":\"https:\\\/\\\/aconteceunovale.com.br\\\/portal\\\/?s={search_term_string}\"},\"query-input\":{\"@type\":\"PropertyValueSpecification\",\"valueRequired\":true,\"valueName\":\"search_term_string\"}}],\"inLanguage\":\"pt-BR\"},{\"@type\":\"Person\",\"@id\":\"https:\\\/\\\/aconteceunovale.com.br\\\/portal\\\/#\\\/schema\\\/person\\\/633529146f2c94272bef50ac2953d589\",\"name\":\"Aconteceu no Vale\",\"description\":\"Equipe de reportagem do Aconteceu no Vale, portal de not\u00edcias do Vale do Jequitinhonha, em Minas Gerais. Cobrimos as 51 cidades do Vale desde 2013. Sugest\u00f5es de pauta e pedidos de corre\u00e7\u00e3o: contato@aconteceunovale.com.br\",\"sameAs\":[\"http:\\\/\\\/www.aconteceunovale.com.br\"],\"url\":\"https:\\\/\\\/aconteceunovale.com.br\\\/portal\\\/?author=1\"}]}<\/script>\n<!-- \/ Yoast SEO plugin. -->","yoast_head_json":{"title":"Pedreiro \u00e9 assassinado ao defender mulher do ex-companheiro dela em Cara\u00ed - Aconteceu no Vale","robots":{"index":"index","follow":"follow","max-snippet":"max-snippet:-1","max-image-preview":"max-image-preview:large","max-video-preview":"max-video-preview:-1"},"canonical":"https:\/\/aconteceunovale.com.br\/portal\/?p=80982","og_locale":"pt_BR","og_type":"article","og_title":"Pedreiro \u00e9 assassinado ao defender mulher do ex-companheiro dela em Cara\u00ed - Aconteceu no Vale","og_description":"Um homem de 38 anos foi assassinado ao defender uma mulher do ex-companheiro dela em Cara\u00ed, no Vale do Jequitinhonha. O pedreiro Valdair Coimbra de Souza foi esfaqueado na altura do peito e n\u00e3o resistiu. O crime aconteceu na noite desse domingo, 6 de mar\u00e7o, na casa da v\u00edtima, localizada na Rua Joaquim Rodrigues Jardim, [&hellip;]","og_url":"https:\/\/aconteceunovale.com.br\/portal\/?p=80982","og_site_name":"Aconteceu no Vale","article_publisher":"https:\/\/www.facebook.com\/aconteceunovale\/","article_published_time":"2016-03-07T16:49:44+00:00","article_modified_time":"2026-09-02T15:38:09+00:00","og_image":[{"width":678,"height":433,"url":"https:\/\/aconteceunovale.com.br\/portal\/wp-content\/uploads\/2016\/03\/carai_mg.jpg","type":"image\/jpeg"}],"author":"Aconteceu no Vale","twitter_card":"summary_large_image","twitter_creator":"@noticiadosvales","twitter_site":"@noticiadosvales","twitter_misc":{"Escrito por":"Aconteceu no Vale","Est. tempo de leitura":"2 minutos"},"schema":{"@context":"https:\/\/schema.org","@graph":[{"@type":"Article","@id":"https:\/\/aconteceunovale.com.br\/portal\/?p=80982#article","isPartOf":{"@id":"https:\/\/aconteceunovale.com.br\/portal\/?p=80982"},"author":{"name":"Aconteceu no Vale","@id":"https:\/\/aconteceunovale.com.br\/portal\/#\/schema\/person\/633529146f2c94272bef50ac2953d589"},"headline":"Pedreiro \u00e9 assassinado ao defender mulher do ex-companheiro dela em Cara\u00ed","datePublished":"2016-03-07T16:49:44+00:00","dateModified":"2026-09-02T15:38:09+00:00","mainEntityOfPage":{"@id":"https:\/\/aconteceunovale.com.br\/portal\/?p=80982"},"wordCount":417,"commentCount":0,"image":{"@id":"https:\/\/aconteceunovale.com.br\/portal\/?p=80982#primaryimage"},"thumbnailUrl":"https:\/\/aconteceunovale.com.br\/portal\/wp-content\/uploads\/2016\/03\/carai_mg.jpg","keywords":["Adriano Rosa dos Santos","assassinato cara\u00ed","Cara\u00ed","C\u00f3rrego Ribeir\u00e3o de Capivara","C\u00f3rrego Ribeir\u00e3o de Capivara Cara\u00ed","esfaqueado em cara\u00ed","garimpo C\u00f3rrego Ribeir\u00e3o de Capivara","Gilmar Gomes dos Santos","homic\u00eddio cara\u00ed","Idoso morre em garimpo na zona rural de Cara\u00ed","Jos\u00e9 Martins Costa","morte em Cara\u00ed","morte em garimpo de Cara\u00ed","morte em soterramento em Garimpo em Cara\u00ed","morto em Cara\u00ed","Natalia Dias","Pedreiro \u00e9 assassinado ao defender mulher do ex-companheiro dela em Cara\u00ed","soterrado em Cara\u00ed","soterramento em Garimpo de Cara\u00ed","Valdair Coimbra de Souza","viol\u00eancia cara\u00ed"],"articleSection":["Cara\u00ed","Vale do Jequitinhonha"],"inLanguage":"pt-BR","potentialAction":[{"@type":"CommentAction","name":"Comment","target":["https:\/\/aconteceunovale.com.br\/portal\/?p=80982#respond"]}]},{"@type":"WebPage","@id":"https:\/\/aconteceunovale.com.br\/portal\/?p=80982","url":"https:\/\/aconteceunovale.com.br\/portal\/?p=80982","name":"Pedreiro \u00e9 assassinado ao defender mulher do ex-companheiro dela em Cara\u00ed - Aconteceu no Vale","isPartOf":{"@id":"https:\/\/aconteceunovale.com.br\/portal\/#website"},"primaryImageOfPage":{"@id":"https:\/\/aconteceunovale.com.br\/portal\/?p=80982#primaryimage"},"image":{"@id":"https:\/\/aconteceunovale.com.br\/portal\/?p=80982#primaryimage"},"thumbnailUrl":"https:\/\/aconteceunovale.com.br\/portal\/wp-content\/uploads\/2016\/03\/carai_mg.jpg","datePublished":"2016-03-07T16:49:44+00:00","dateModified":"2026-09-02T15:38:09+00:00","author":{"@id":"https:\/\/aconteceunovale.com.br\/portal\/#\/schema\/person\/633529146f2c94272bef50ac2953d589"},"breadcrumb":{"@id":"https:\/\/aconteceunovale.com.br\/portal\/?p=80982#breadcrumb"},"inLanguage":"pt-BR","potentialAction":[{"@type":"ReadAction","target":["https:\/\/aconteceunovale.com.br\/portal\/?p=80982"]}]},{"@type":"ImageObject","inLanguage":"pt-BR","@id":"https:\/\/aconteceunovale.com.br\/portal\/?p=80982#primaryimage","url":"https:\/\/aconteceunovale.com.br\/portal\/wp-content\/uploads\/2016\/03\/carai_mg.jpg","contentUrl":"https:\/\/aconteceunovale.com.br\/portal\/wp-content\/uploads\/2016\/03\/carai_mg.jpg","width":678,"height":433},{"@type":"BreadcrumbList","@id":"https:\/\/aconteceunovale.com.br\/portal\/?p=80982#breadcrumb","itemListElement":[{"@type":"ListItem","position":1,"name":"In\u00edcio","item":"https:\/\/aconteceunovale.com.br\/portal\/"},{"@type":"ListItem","position":2,"name":"Pedreiro \u00e9 assassinado ao defender mulher do ex-companheiro dela em Cara\u00ed"}]},{"@type":"WebSite","@id":"https:\/\/aconteceunovale.com.br\/portal\/#website","url":"https:\/\/aconteceunovale.com.br\/portal\/","name":"Aconteceu no Vale","description":"Portal de Not\u00edcias","potentialAction":[{"@type":"SearchAction","target":{"@type":"EntryPoint","urlTemplate":"https:\/\/aconteceunovale.com.br\/portal\/?s={search_term_string}"},"query-input":{"@type":"PropertyValueSpecification","valueRequired":true,"valueName":"search_term_string"}}],"inLanguage":"pt-BR"},{"@type":"Person","@id":"https:\/\/aconteceunovale.com.br\/portal\/#\/schema\/person\/633529146f2c94272bef50ac2953d589","name":"Aconteceu no Vale","description":"Equipe de reportagem do Aconteceu no Vale, portal de not\u00edcias do Vale do Jequitinhonha, em Minas Gerais. Cobrimos as 51 cidades do Vale desde 2013. Sugest\u00f5es de pauta e pedidos de corre\u00e7\u00e3o: contato@aconteceunovale.com.br","sameAs":["http:\/\/www.aconteceunovale.com.br"],"url":"https:\/\/aconteceunovale.com.br\/portal\/?author=1"}]}},"_links":{"self":[{"href":"https:\/\/aconteceunovale.com.br\/portal\/index.php?rest_route=\/wp\/v2\/posts\/80982","targetHints":{"allow":["GET"]}}],"collection":[{"href":"https:\/\/aconteceunovale.com.br\/portal\/index.php?rest_route=\/wp\/v2\/posts"}],"about":[{"href":"https:\/\/aconteceunovale.com.br\/portal\/index.php?rest_route=\/wp\/v2\/types\/post"}],"author":[{"embeddable":true,"href":"https:\/\/aconteceunovale.com.br\/portal\/index.php?rest_route=\/wp\/v2\/users\/1"}],"replies":[{"embeddable":true,"href":"https:\/\/aconteceunovale.com.br\/portal\/index.php?rest_route=%2Fwp%2Fv2%2Fcomments&post=80982"}],"version-history":[{"count":1,"href":"https:\/\/aconteceunovale.com.br\/portal\/index.php?rest_route=\/wp\/v2\/posts\/80982\/revisions"}],"predecessor-version":[{"id":200080,"href":"https:\/\/aconteceunovale.com.br\/portal\/index.php?rest_route=\/wp\/v2\/posts\/80982\/revisions\/200080"}],"wp:featuredmedia":[{"embeddable":true,"href":"https:\/\/aconteceunovale.com.br\/portal\/index.php?rest_route=\/wp\/v2\/media\/80983"}],"wp:attachment":[{"href":"https:\/\/aconteceunovale.com.br\/portal\/index.php?rest_route=%2Fwp%2Fv2%2Fmedia&parent=80982"}],"wp:term":[{"taxonomy":"category","embeddable":true,"href":"https:\/\/aconteceunovale.com.br\/portal\/index.php?rest_route=%2Fwp%2Fv2%2Fcategories&post=80982"},{"taxonomy":"post_tag","embeddable":true,"href":"https:\/\/aconteceunovale.com.br\/portal\/index.php?rest_route=%2Fwp%2Fv2%2Ftags&post=80982"}],"curies":[{"name":"wp","href":"https:\/\/api.w.org\/{rel}","templated":true}]}}