{"id":80964,"date":"2016-03-07T09:12:02","date_gmt":"2016-03-07T12:12:02","guid":{"rendered":"http:\/\/aconteceunovale.com.br\/portal\/?p=80964"},"modified":"2016-03-07T09:12:02","modified_gmt":"2016-03-07T12:12:02","slug":"empregadores-domesticos-tem-ate-hoje-para-pagar-guia-de-fevereiro-do-esocial","status":"publish","type":"post","link":"https:\/\/aconteceunovale.com.br\/portal\/?p=80964","title":{"rendered":"Empregadores dom\u00e9sticos t\u00eam at\u00e9 hoje para pagar guia de fevereiro do eSocial"},"content":{"rendered":"<p>O prazo para os empregadores dom\u00e9sticos pagarem o Documento de Arrecada\u00e7\u00e3o do eSocial (DAE) referente ao m\u00eas de fevereiro termina nesta segunda-feira (7). O Simples Dom\u00e9stico re\u00fane em uma \u00fanica guia as contribui\u00e7\u00f5es fiscais, trabalhistas e previdenci\u00e1rias que devem ser recolhidas pelos empregadores.<\/p>\n<p>Para a emiss\u00e3o da guia unificada, o empregador deve acessar a\u00a0<a href=\"http:\/\/www.esocial.gov.br\/\" target=\"_blank\">p\u00e1gina do eSocial\u00a0na internet &#8211; www.esocial.gov.br<\/a>. Se n\u00e3o for recolhido no prazo, o empregador paga multa de 0,33% ao dia, limitada a 20% do total.<\/p>\n<p>No \u00faltimo balan\u00e7o da Receita Federal, divulgado sexta-feira (4), 1.010.204 empregadores dom\u00e9sticos j\u00e1 haviam emitido o Documento de Arrecada\u00e7\u00e3o eSocial (DAE) para pagamento do Simples Dom\u00e9stico . Desde a ado\u00e7\u00e3o do programa, foram cadastrados mais de 1,25 milh\u00e3o de trabalhadores dom\u00e9sticos para mais de 1,18 milh\u00e3o de empregadores \u2013 alguns empregadores contratam mais de um empregado.<\/p>\n<p>No eSocial, o empregador recolhe, em documento \u00fanico, a contribui\u00e7\u00e3o previdenci\u00e1ria, que varia de 8% a 11% da remunera\u00e7\u00e3o do trabalhador e paga 8% de contribui\u00e7\u00e3o patronal para a Previd\u00eancia. A guia\u00a0 inclui 8% de Fundo de Garantia do Tempo de Servi\u00e7o (FGTS), 0,8% de seguro contra acidentes de trabalho e 3,2% de indeniza\u00e7\u00e3o compensat\u00f3ria (multa do FGTS) e Imposto de Renda para quem recebe acima da faixa de isen\u00e7\u00e3o (R$ 1.903,98).<\/p>\n<p>(Ag\u00eancia Brasil)<\/p>\n","protected":false},"excerpt":{"rendered":"<p>O prazo para os empregadores dom\u00e9sticos pagarem o Documento de Arrecada\u00e7\u00e3o do eSocial (DAE) referente ao m\u00eas de fevereiro termina nesta segunda-feira (7). O Simples Dom\u00e9stico re\u00fane em uma \u00fanica guia as contribui\u00e7\u00f5es fiscais, trabalhistas e previdenci\u00e1rias que devem ser recolhidas pelos empregadores. Para a emiss\u00e3o da guia unificada, o empregador deve acessar a\u00a0p\u00e1gina do [&hellip;]<\/p>\n","protected":false},"author":1,"featured_media":80852,"comment_status":"open","ping_status":"closed","sticky":false,"template":"","format":"standard","meta":{"amp_status":"","footnotes":""},"categories":[6],"tags":[81341,81335,61398,81337,81340,39443,81338,81336,64178,81339],"class_list":["post-80964","post","type-post","status-publish","format-standard","has-post-thumbnail","hentry","category-br","tag-empregadores","tag-empregadores-domesticos-tem-ate-hoje-para-pagar-guia-de-fevereiro-do-esocial","tag-esocial","tag-esocial-de-fevereiro","tag-guia","tag-pagamento","tag-pagina-do-esocial","tag-prazo-para-pagar-esocial","tag-simples-domestico","tag-site-do-esocial"],"yoast_head":"<!-- This site is optimized with the Yoast SEO plugin v28.3 - https:\/\/yoast.com\/product\/yoast-seo-wordpress\/ -->\n<title>Empregadores dom\u00e9sticos t\u00eam at\u00e9 hoje para pagar guia de fevereiro do eSocial - Aconteceu no Vale<\/title>\n<meta name=\"robots\" content=\"index, follow, max-snippet:-1, max-image-preview:large, max-video-preview:-1\" \/>\n<link rel=\"canonical\" href=\"https:\/\/aconteceunovale.com.br\/portal\/?p=80964\" \/>\n<meta property=\"og:locale\" content=\"pt_BR\" \/>\n<meta property=\"og:type\" content=\"article\" \/>\n<meta property=\"og:title\" content=\"Empregadores dom\u00e9sticos t\u00eam at\u00e9 hoje para pagar guia de fevereiro do eSocial - Aconteceu no Vale\" \/>\n<meta property=\"og:description\" content=\"O prazo para os empregadores dom\u00e9sticos pagarem o Documento de Arrecada\u00e7\u00e3o do eSocial (DAE) referente ao m\u00eas de fevereiro termina nesta segunda-feira (7). O Simples Dom\u00e9stico re\u00fane em uma \u00fanica guia as contribui\u00e7\u00f5es fiscais, trabalhistas e previdenci\u00e1rias que devem ser recolhidas pelos empregadores. Para a emiss\u00e3o da guia unificada, o empregador deve acessar a\u00a0p\u00e1gina do [&hellip;]\" \/>\n<meta property=\"og:url\" content=\"https:\/\/aconteceunovale.com.br\/portal\/?p=80964\" \/>\n<meta property=\"og:site_name\" content=\"Aconteceu no Vale\" \/>\n<meta property=\"article:publisher\" content=\"https:\/\/www.facebook.com\/aconteceunovale\/\" \/>\n<meta property=\"article:published_time\" content=\"2016-03-07T12:12:02+00:00\" \/>\n<meta property=\"og:image\" content=\"https:\/\/aconteceunovale.com.br\/portal\/wp-content\/uploads\/2016\/03\/escocial.jpg\" \/>\n\t<meta property=\"og:image:width\" content=\"467\" \/>\n\t<meta property=\"og:image:height\" content=\"322\" \/>\n\t<meta property=\"og:image:type\" content=\"image\/jpeg\" \/>\n<meta name=\"author\" content=\"Aconteceu no Vale\" \/>\n<meta name=\"twitter:card\" content=\"summary_large_image\" \/>\n<meta name=\"twitter:creator\" content=\"@noticiadosvales\" \/>\n<meta name=\"twitter:site\" content=\"@noticiadosvales\" \/>\n<meta name=\"twitter:label1\" content=\"Escrito por\" \/>\n\t<meta name=\"twitter:data1\" content=\"Aconteceu no Vale\" \/>\n\t<meta name=\"twitter:label2\" content=\"Est. tempo de leitura\" \/>\n\t<meta name=\"twitter:data2\" content=\"1 minuto\" \/>\n<script type=\"application\/ld+json\" class=\"yoast-schema-graph\">{\"@context\":\"https:\\\/\\\/schema.org\",\"@graph\":[{\"@type\":\"Article\",\"@id\":\"https:\\\/\\\/aconteceunovale.com.br\\\/portal\\\/?p=80964#article\",\"isPartOf\":{\"@id\":\"https:\\\/\\\/aconteceunovale.com.br\\\/portal\\\/?p=80964\"},\"author\":{\"name\":\"Aconteceu no Vale\",\"@id\":\"https:\\\/\\\/aconteceunovale.com.br\\\/portal\\\/#\\\/schema\\\/person\\\/633529146f2c94272bef50ac2953d589\"},\"headline\":\"Empregadores dom\u00e9sticos t\u00eam at\u00e9 hoje para pagar guia de fevereiro do eSocial\",\"datePublished\":\"2016-03-07T12:12:02+00:00\",\"mainEntityOfPage\":{\"@id\":\"https:\\\/\\\/aconteceunovale.com.br\\\/portal\\\/?p=80964\"},\"wordCount\":239,\"commentCount\":0,\"image\":{\"@id\":\"https:\\\/\\\/aconteceunovale.com.br\\\/portal\\\/?p=80964#primaryimage\"},\"thumbnailUrl\":\"https:\\\/\\\/aconteceunovale.com.br\\\/portal\\\/wp-content\\\/uploads\\\/2016\\\/03\\\/escocial.jpg\",\"keywords\":[\"empregadores\",\"Empregadores dom\u00e9sticos t\u00eam at\u00e9 hoje para pagar guia de fevereiro do eSocial\",\"esocial\",\"eSocial de fevereiro\",\"guia\",\"pagamento\",\"p\u00e1gina do eSocial\",\"prazo para pagar eSocial\",\"Simples dom\u00e9stico\",\"site do eSocial\"],\"articleSection\":[\"Brasil\"],\"inLanguage\":\"pt-BR\",\"potentialAction\":[{\"@type\":\"CommentAction\",\"name\":\"Comment\",\"target\":[\"https:\\\/\\\/aconteceunovale.com.br\\\/portal\\\/?p=80964#respond\"]}]},{\"@type\":\"WebPage\",\"@id\":\"https:\\\/\\\/aconteceunovale.com.br\\\/portal\\\/?p=80964\",\"url\":\"https:\\\/\\\/aconteceunovale.com.br\\\/portal\\\/?p=80964\",\"name\":\"Empregadores dom\u00e9sticos t\u00eam at\u00e9 hoje para pagar guia de fevereiro do eSocial - Aconteceu no Vale\",\"isPartOf\":{\"@id\":\"https:\\\/\\\/aconteceunovale.com.br\\\/portal\\\/#website\"},\"primaryImageOfPage\":{\"@id\":\"https:\\\/\\\/aconteceunovale.com.br\\\/portal\\\/?p=80964#primaryimage\"},\"image\":{\"@id\":\"https:\\\/\\\/aconteceunovale.com.br\\\/portal\\\/?p=80964#primaryimage\"},\"thumbnailUrl\":\"https:\\\/\\\/aconteceunovale.com.br\\\/portal\\\/wp-content\\\/uploads\\\/2016\\\/03\\\/escocial.jpg\",\"datePublished\":\"2016-03-07T12:12:02+00:00\",\"author\":{\"@id\":\"https:\\\/\\\/aconteceunovale.com.br\\\/portal\\\/#\\\/schema\\\/person\\\/633529146f2c94272bef50ac2953d589\"},\"breadcrumb\":{\"@id\":\"https:\\\/\\\/aconteceunovale.com.br\\\/portal\\\/?p=80964#breadcrumb\"},\"inLanguage\":\"pt-BR\",\"potentialAction\":[{\"@type\":\"ReadAction\",\"target\":[\"https:\\\/\\\/aconteceunovale.com.br\\\/portal\\\/?p=80964\"]}]},{\"@type\":\"ImageObject\",\"inLanguage\":\"pt-BR\",\"@id\":\"https:\\\/\\\/aconteceunovale.com.br\\\/portal\\\/?p=80964#primaryimage\",\"url\":\"https:\\\/\\\/aconteceunovale.com.br\\\/portal\\\/wp-content\\\/uploads\\\/2016\\\/03\\\/escocial.jpg\",\"contentUrl\":\"https:\\\/\\\/aconteceunovale.com.br\\\/portal\\\/wp-content\\\/uploads\\\/2016\\\/03\\\/escocial.jpg\",\"width\":467,\"height\":322},{\"@type\":\"BreadcrumbList\",\"@id\":\"https:\\\/\\\/aconteceunovale.com.br\\\/portal\\\/?p=80964#breadcrumb\",\"itemListElement\":[{\"@type\":\"ListItem\",\"position\":1,\"name\":\"In\u00edcio\",\"item\":\"https:\\\/\\\/aconteceunovale.com.br\\\/portal\\\/\"},{\"@type\":\"ListItem\",\"position\":2,\"name\":\"Empregadores dom\u00e9sticos t\u00eam at\u00e9 hoje para pagar guia de fevereiro do eSocial\"}]},{\"@type\":\"WebSite\",\"@id\":\"https:\\\/\\\/aconteceunovale.com.br\\\/portal\\\/#website\",\"url\":\"https:\\\/\\\/aconteceunovale.com.br\\\/portal\\\/\",\"name\":\"Aconteceu no Vale\",\"description\":\"Portal de Not\u00edcias\",\"potentialAction\":[{\"@type\":\"SearchAction\",\"target\":{\"@type\":\"EntryPoint\",\"urlTemplate\":\"https:\\\/\\\/aconteceunovale.com.br\\\/portal\\\/?s={search_term_string}\"},\"query-input\":{\"@type\":\"PropertyValueSpecification\",\"valueRequired\":true,\"valueName\":\"search_term_string\"}}],\"inLanguage\":\"pt-BR\"},{\"@type\":\"Person\",\"@id\":\"https:\\\/\\\/aconteceunovale.com.br\\\/portal\\\/#\\\/schema\\\/person\\\/633529146f2c94272bef50ac2953d589\",\"name\":\"Aconteceu no Vale\",\"description\":\"Equipe de reportagem do Aconteceu no Vale, portal de not\u00edcias do Vale do Jequitinhonha, em Minas Gerais. Cobrimos as 51 cidades do Vale desde 2013. Sugest\u00f5es de pauta e pedidos de corre\u00e7\u00e3o: contato@aconteceunovale.com.br\",\"sameAs\":[\"http:\\\/\\\/www.aconteceunovale.com.br\"],\"url\":\"https:\\\/\\\/aconteceunovale.com.br\\\/portal\\\/?author=1\"}]}<\/script>\n<!-- \/ Yoast SEO plugin. -->","yoast_head_json":{"title":"Empregadores dom\u00e9sticos t\u00eam at\u00e9 hoje para pagar guia de fevereiro do eSocial - Aconteceu no Vale","robots":{"index":"index","follow":"follow","max-snippet":"max-snippet:-1","max-image-preview":"max-image-preview:large","max-video-preview":"max-video-preview:-1"},"canonical":"https:\/\/aconteceunovale.com.br\/portal\/?p=80964","og_locale":"pt_BR","og_type":"article","og_title":"Empregadores dom\u00e9sticos t\u00eam at\u00e9 hoje para pagar guia de fevereiro do eSocial - Aconteceu no Vale","og_description":"O prazo para os empregadores dom\u00e9sticos pagarem o Documento de Arrecada\u00e7\u00e3o do eSocial (DAE) referente ao m\u00eas de fevereiro termina nesta segunda-feira (7). O Simples Dom\u00e9stico re\u00fane em uma \u00fanica guia as contribui\u00e7\u00f5es fiscais, trabalhistas e previdenci\u00e1rias que devem ser recolhidas pelos empregadores. Para a emiss\u00e3o da guia unificada, o empregador deve acessar a\u00a0p\u00e1gina do [&hellip;]","og_url":"https:\/\/aconteceunovale.com.br\/portal\/?p=80964","og_site_name":"Aconteceu no Vale","article_publisher":"https:\/\/www.facebook.com\/aconteceunovale\/","article_published_time":"2016-03-07T12:12:02+00:00","og_image":[{"width":467,"height":322,"url":"https:\/\/aconteceunovale.com.br\/portal\/wp-content\/uploads\/2016\/03\/escocial.jpg","type":"image\/jpeg"}],"author":"Aconteceu no Vale","twitter_card":"summary_large_image","twitter_creator":"@noticiadosvales","twitter_site":"@noticiadosvales","twitter_misc":{"Escrito por":"Aconteceu no Vale","Est. tempo de leitura":"1 minuto"},"schema":{"@context":"https:\/\/schema.org","@graph":[{"@type":"Article","@id":"https:\/\/aconteceunovale.com.br\/portal\/?p=80964#article","isPartOf":{"@id":"https:\/\/aconteceunovale.com.br\/portal\/?p=80964"},"author":{"name":"Aconteceu no Vale","@id":"https:\/\/aconteceunovale.com.br\/portal\/#\/schema\/person\/633529146f2c94272bef50ac2953d589"},"headline":"Empregadores dom\u00e9sticos t\u00eam at\u00e9 hoje para pagar guia de fevereiro do eSocial","datePublished":"2016-03-07T12:12:02+00:00","mainEntityOfPage":{"@id":"https:\/\/aconteceunovale.com.br\/portal\/?p=80964"},"wordCount":239,"commentCount":0,"image":{"@id":"https:\/\/aconteceunovale.com.br\/portal\/?p=80964#primaryimage"},"thumbnailUrl":"https:\/\/aconteceunovale.com.br\/portal\/wp-content\/uploads\/2016\/03\/escocial.jpg","keywords":["empregadores","Empregadores dom\u00e9sticos t\u00eam at\u00e9 hoje para pagar guia de fevereiro do eSocial","esocial","eSocial de fevereiro","guia","pagamento","p\u00e1gina do eSocial","prazo para pagar eSocial","Simples dom\u00e9stico","site do eSocial"],"articleSection":["Brasil"],"inLanguage":"pt-BR","potentialAction":[{"@type":"CommentAction","name":"Comment","target":["https:\/\/aconteceunovale.com.br\/portal\/?p=80964#respond"]}]},{"@type":"WebPage","@id":"https:\/\/aconteceunovale.com.br\/portal\/?p=80964","url":"https:\/\/aconteceunovale.com.br\/portal\/?p=80964","name":"Empregadores dom\u00e9sticos t\u00eam at\u00e9 hoje para pagar guia de fevereiro do eSocial - Aconteceu no Vale","isPartOf":{"@id":"https:\/\/aconteceunovale.com.br\/portal\/#website"},"primaryImageOfPage":{"@id":"https:\/\/aconteceunovale.com.br\/portal\/?p=80964#primaryimage"},"image":{"@id":"https:\/\/aconteceunovale.com.br\/portal\/?p=80964#primaryimage"},"thumbnailUrl":"https:\/\/aconteceunovale.com.br\/portal\/wp-content\/uploads\/2016\/03\/escocial.jpg","datePublished":"2016-03-07T12:12:02+00:00","author":{"@id":"https:\/\/aconteceunovale.com.br\/portal\/#\/schema\/person\/633529146f2c94272bef50ac2953d589"},"breadcrumb":{"@id":"https:\/\/aconteceunovale.com.br\/portal\/?p=80964#breadcrumb"},"inLanguage":"pt-BR","potentialAction":[{"@type":"ReadAction","target":["https:\/\/aconteceunovale.com.br\/portal\/?p=80964"]}]},{"@type":"ImageObject","inLanguage":"pt-BR","@id":"https:\/\/aconteceunovale.com.br\/portal\/?p=80964#primaryimage","url":"https:\/\/aconteceunovale.com.br\/portal\/wp-content\/uploads\/2016\/03\/escocial.jpg","contentUrl":"https:\/\/aconteceunovale.com.br\/portal\/wp-content\/uploads\/2016\/03\/escocial.jpg","width":467,"height":322},{"@type":"BreadcrumbList","@id":"https:\/\/aconteceunovale.com.br\/portal\/?p=80964#breadcrumb","itemListElement":[{"@type":"ListItem","position":1,"name":"In\u00edcio","item":"https:\/\/aconteceunovale.com.br\/portal\/"},{"@type":"ListItem","position":2,"name":"Empregadores dom\u00e9sticos t\u00eam at\u00e9 hoje para pagar guia de fevereiro do eSocial"}]},{"@type":"WebSite","@id":"https:\/\/aconteceunovale.com.br\/portal\/#website","url":"https:\/\/aconteceunovale.com.br\/portal\/","name":"Aconteceu no Vale","description":"Portal de Not\u00edcias","potentialAction":[{"@type":"SearchAction","target":{"@type":"EntryPoint","urlTemplate":"https:\/\/aconteceunovale.com.br\/portal\/?s={search_term_string}"},"query-input":{"@type":"PropertyValueSpecification","valueRequired":true,"valueName":"search_term_string"}}],"inLanguage":"pt-BR"},{"@type":"Person","@id":"https:\/\/aconteceunovale.com.br\/portal\/#\/schema\/person\/633529146f2c94272bef50ac2953d589","name":"Aconteceu no Vale","description":"Equipe de reportagem do Aconteceu no Vale, portal de not\u00edcias do Vale do Jequitinhonha, em Minas Gerais. Cobrimos as 51 cidades do Vale desde 2013. Sugest\u00f5es de pauta e pedidos de corre\u00e7\u00e3o: contato@aconteceunovale.com.br","sameAs":["http:\/\/www.aconteceunovale.com.br"],"url":"https:\/\/aconteceunovale.com.br\/portal\/?author=1"}]}},"_links":{"self":[{"href":"https:\/\/aconteceunovale.com.br\/portal\/index.php?rest_route=\/wp\/v2\/posts\/80964","targetHints":{"allow":["GET"]}}],"collection":[{"href":"https:\/\/aconteceunovale.com.br\/portal\/index.php?rest_route=\/wp\/v2\/posts"}],"about":[{"href":"https:\/\/aconteceunovale.com.br\/portal\/index.php?rest_route=\/wp\/v2\/types\/post"}],"author":[{"embeddable":true,"href":"https:\/\/aconteceunovale.com.br\/portal\/index.php?rest_route=\/wp\/v2\/users\/1"}],"replies":[{"embeddable":true,"href":"https:\/\/aconteceunovale.com.br\/portal\/index.php?rest_route=%2Fwp%2Fv2%2Fcomments&post=80964"}],"version-history":[{"count":0,"href":"https:\/\/aconteceunovale.com.br\/portal\/index.php?rest_route=\/wp\/v2\/posts\/80964\/revisions"}],"wp:featuredmedia":[{"embeddable":true,"href":"https:\/\/aconteceunovale.com.br\/portal\/index.php?rest_route=\/wp\/v2\/media\/80852"}],"wp:attachment":[{"href":"https:\/\/aconteceunovale.com.br\/portal\/index.php?rest_route=%2Fwp%2Fv2%2Fmedia&parent=80964"}],"wp:term":[{"taxonomy":"category","embeddable":true,"href":"https:\/\/aconteceunovale.com.br\/portal\/index.php?rest_route=%2Fwp%2Fv2%2Fcategories&post=80964"},{"taxonomy":"post_tag","embeddable":true,"href":"https:\/\/aconteceunovale.com.br\/portal\/index.php?rest_route=%2Fwp%2Fv2%2Ftags&post=80964"}],"curies":[{"name":"wp","href":"https:\/\/api.w.org\/{rel}","templated":true}]}}