{"id":80925,"date":"2016-03-06T19:19:59","date_gmt":"2016-03-06T22:19:59","guid":{"rendered":"http:\/\/aconteceunovale.com.br\/portal\/?p=80925"},"modified":"2016-03-07T22:16:04","modified_gmt":"2016-03-08T01:16:04","slug":"briga-entre-caminhoneiro-e-policial-militar-termina-com-um-deles-morto-em-governador-valadares","status":"publish","type":"post","link":"https:\/\/aconteceunovale.com.br\/portal\/?p=80925","title":{"rendered":"Briga entre caminhoneiro e policial militar termina com um deles morto em Governador Valadares"},"content":{"rendered":"<p>O desentendimento entre um policial militar e um caminhoneiro acabou em morte na manh\u00e3 deste domingo, 6 de mar\u00e7o, em Governador Valadares, no Vale do Rio Doce. O v\u00eddeo registrado pela esposa de F\u00e1bio Aguiar de Morais, de 36 anos, mostra o momento em que o policial militar J\u00falio C\u00e9sar da Silva, de 44 anos, efetua v\u00e1rios disparos contra o motorista ap\u00f3s um bate boca. O crime aconteceu por volta das 9h30.<\/p>\n<p>A Pol\u00edcia Militar (PM) registrou em ocorr\u00eancia que uma guarni\u00e7\u00e3o fazia patrulhamento no bairro Santa Rita quando um ciclista avisou que havia um homem baleado na Rua Campos Sales, pr\u00f3ximo a esquina com a Rua Resplendor. Os militares se deslocaram para o local e encontraram a v\u00edtima ca\u00edda ao solo e aparentemente sem sinais vitais. Uma equipe do Servi\u00e7o de Atendimento M\u00f3vel de Urg\u00eancia (SAMU) foi acionada e constatou o \u00f3bito.  <\/p>\n<p><img decoding=\"async\" src=\"http:\/\/aconteceunovale.com.br\/portal\/wp-content\/uploads\/2016\/03\/homicidio_gv_6_marco.jpg\" alt=\"\" \/><em>Crime aconteceu no bairro Santa Rita &#8211; Foto: Internauta \/ WhatsApp<\/em><br \/>\n<\/br><\/p>\n<p>A Per\u00edcia T\u00e9cnica da Pol\u00edcia Civil foi acionada e ap\u00f3s os trabalhos de praxe, o corpo foi recolhido para o Instituto M\u00e9dico Legal (IML) da cidade. De acordo com a PM, o perito constatou que a v\u00edtima teria sido alvejada por aproximadamente tr\u00eas disparos de arma de fogo. <\/p>\n<p>Ainda segundo a PM, a esposa de F\u00e1bio relatou que presenciou o policial atirando em seu marido e fugindo do local logo ap\u00f3s. A PM tamb\u00e9m registrou que nenhuma testemunha quis passar informa\u00e7\u00f5es sobre o assunto.<\/p>\n<p>Os militares foram at\u00e9 a casa do autor J\u00falio C\u00e9sar, mas ele n\u00e3o foi encontrado no local. O suspeito \u00e9 procurado pela pol\u00edcia para prestar esclarecimento. A motiva\u00e7\u00e3o para o crime ainda n\u00e3o foi esclarecida, mas conhecidos dos envolvidos relataram que eles j\u00e1 teriam se desentendido em datas anteriores. O crime ser\u00e1 investigado pela Pol\u00edcia Civil.<\/p>\n<p><strong>Esposa da v\u00edtima registra assassinato<\/strong><\/p>\n<p>A esposa do caminhoneiro registrou um v\u00eddeo mostrando o bate boca entre ele e o autor. As imagens, que foram divulgadas em uma rede social, mostram o momento em que o militar atira contra o caminhoneiro, que j\u00e1 se encontrava desarmado. As imagens disponibilizadas no player abaixo s\u00e3o fortes e n\u00e3o s\u00e3o recomendadas para menores de 18 anos.<\/p>\n<p><iframe loading=\"lazy\" width=\"640\" height=\"360\" src=\"https:\/\/www.youtube.com\/embed\/kSvrQE9rHvE\" frameborder=\"0\" allowfullscreen><\/iframe><br \/>\n<\/br><\/p>\n<p><strong>LEIA MAIS [+]:<\/strong><br \/>\n<em>(Clique nos t\u00edtulos para abrir a not\u00edcia)<\/em><\/p>\n<p><a href=\"http:\/\/aconteceunovale.com.br\/portal\/?p=81017\" target=\"_blank\">&#8211; Policial militar que matou vizinho em Governador Valadares \u00e9 preso<\/a><\/p>\n<p><a href=\"http:\/\/aconteceunovale.com.br\/portal\/?p=81017\" target=\"_blank\">&#8211; Corpo de caminhoneiro morto por PM em Governador Valadares ser\u00e1 enterrado em S\u00e3o Paulo<\/a><\/p>\n<p><a href=\"http:\/\/aconteceunovale.com.br\/portal\/?p=81001\" target=\"_blank\">&#8211; Esposa de homem morto por PM j\u00e1 havia denunciado autor na Corregedoria da Corpora\u00e7\u00e3o<\/a><\/p>\n<p><a href=\"http:\/\/aconteceunovale.com.br\/portal\/?p=80972\" target=\"_blank\">&#8211; Pol\u00edcia Civil pede pris\u00e3o preventiva de militar que matou caminhoneiro a tiros em Valadares<\/a><\/p>\n<p><a href=\" http:\/\/aconteceunovale.com.br\/portal\/?p=80925\" target=\"_blank\">&#8211; Briga entre caminhoneiro e PM termina com um deles morto em Governador Valadares<\/a><\/p>\n<p><a href=\" http:\/\/aconteceunovale.com.br\/portal\/?p=80925\" target=\"_blank\">&#8211; Mulher filma marido sendo morto por policial militar em Governador Valadares<\/a><\/p>\n<p><a href=\"http:\/\/aconteceunovale.com.br\/portal\/?p=80925\" target=\"_blank\">&#8211; V\u00eddeo mostra policial executando vizinho em Governador Valadares<\/a><\/p>\n","protected":false},"excerpt":{"rendered":"<p>O desentendimento entre um policial militar e um caminhoneiro acabou em morte na manh\u00e3 deste domingo, 6 de mar\u00e7o, em Governador Valadares, no Vale do Rio Doce. O v\u00eddeo registrado pela esposa de F\u00e1bio Aguiar de Morais, de 36 anos, mostra o momento em que o policial militar J\u00falio C\u00e9sar da Silva, de 44 anos, [&hellip;]<\/p>\n","protected":false},"author":1,"featured_media":80926,"comment_status":"open","ping_status":"closed","sticky":false,"template":"","format":"standard","meta":{"amp_status":"","footnotes":""},"categories":[121],"tags":[44655,8179,81210,81207,81215,81216,81211,81212,1018,81222,247,81221,8180,81220,28783,17030,32916,43038,81213,81209,81214,81208,81218,81219,81217,44656],"class_list":["post-80925","post","type-post","status-publish","format-standard","has-post-thumbnail","hentry","category-leste","tag-assassinado-em-governador-valadares","tag-assassinato-em-governador-valadares","tag-briga-entre-caminhoneiro-e-policial-militar-em-governador-valadares","tag-briga-entre-caminhoneiro-e-policial-militar-termina-com-um-deles-morto-em-governador-valadares","tag-caminhoneiro-assassinato-em-governador-valadares","tag-caminhoneiro-morto-em-governador-valadares","tag-caminhoneiro-morto-por-pm-em-governador-valadares","tag-caminhoneiro-morto-por-policial-militar-em-governador-valadares","tag-destaque","tag-fabio-aguiar-de-morais","tag-governador-valadares","tag-homicidio-bairro-santa-rita","tag-homicidio-em-governador-valadares","tag-homicidio-rua-campos-sales","tag-julio-cesar-da-silva","tag-mairipora","tag-morte-em-governador-valadares","tag-morto-em-governador-valadares","tag-pm-homicida-governador-valadares","tag-pm-mata-caminhoneiro-em-governador-valadares","tag-policial-militar-homicida-governador-valadares","tag-policial-militar-mata-caminhoneiro-em-governador-valadares","tag-video-de-policial-matando-caminhoneiro-em-governador-valadares","tag-video-de-policial-matando-caminhoneiro-em-gv","tag-video-de-policial-matando-caminhoneiro-em-valadares","tag-violencia-em-governador-valadares"],"yoast_head":"<!-- This site is optimized with the Yoast SEO plugin v28.3 - https:\/\/yoast.com\/product\/yoast-seo-wordpress\/ -->\n<title>Briga entre caminhoneiro e policial militar termina com um deles morto em Governador Valadares - Aconteceu no Vale<\/title>\n<meta name=\"robots\" content=\"index, follow, max-snippet:-1, max-image-preview:large, max-video-preview:-1\" \/>\n<link rel=\"canonical\" href=\"https:\/\/aconteceunovale.com.br\/portal\/?p=80925\" \/>\n<meta property=\"og:locale\" content=\"pt_BR\" \/>\n<meta property=\"og:type\" content=\"article\" \/>\n<meta property=\"og:title\" content=\"Briga entre caminhoneiro e policial militar termina com um deles morto em Governador Valadares - Aconteceu no Vale\" \/>\n<meta property=\"og:description\" content=\"O desentendimento entre um policial militar e um caminhoneiro acabou em morte na manh\u00e3 deste domingo, 6 de mar\u00e7o, em Governador Valadares, no Vale do Rio Doce. O v\u00eddeo registrado pela esposa de F\u00e1bio Aguiar de Morais, de 36 anos, mostra o momento em que o policial militar J\u00falio C\u00e9sar da Silva, de 44 anos, [&hellip;]\" \/>\n<meta property=\"og:url\" content=\"https:\/\/aconteceunovale.com.br\/portal\/?p=80925\" \/>\n<meta property=\"og:site_name\" content=\"Aconteceu no Vale\" \/>\n<meta property=\"article:publisher\" content=\"https:\/\/www.facebook.com\/aconteceunovale\/\" \/>\n<meta property=\"article:published_time\" content=\"2016-03-06T22:19:59+00:00\" \/>\n<meta property=\"article:modified_time\" content=\"2016-03-08T01:16:04+00:00\" \/>\n<meta property=\"og:image\" content=\"https:\/\/aconteceunovale.com.br\/portal\/wp-content\/uploads\/2016\/03\/homicidio_gv_6_marco.jpg\" \/>\n\t<meta property=\"og:image:width\" content=\"678\" \/>\n\t<meta property=\"og:image:height\" content=\"395\" \/>\n\t<meta property=\"og:image:type\" content=\"image\/jpeg\" \/>\n<meta name=\"author\" content=\"Aconteceu no Vale\" \/>\n<meta name=\"twitter:card\" content=\"summary_large_image\" \/>\n<meta name=\"twitter:creator\" content=\"@noticiadosvales\" \/>\n<meta name=\"twitter:site\" content=\"@noticiadosvales\" \/>\n<meta name=\"twitter:label1\" content=\"Escrito por\" \/>\n\t<meta name=\"twitter:data1\" content=\"Aconteceu no Vale\" \/>\n\t<meta name=\"twitter:label2\" content=\"Est. tempo de leitura\" \/>\n\t<meta name=\"twitter:data2\" content=\"2 minutos\" \/>\n<script type=\"application\/ld+json\" class=\"yoast-schema-graph\">{\"@context\":\"https:\\\/\\\/schema.org\",\"@graph\":[{\"@type\":\"Article\",\"@id\":\"https:\\\/\\\/aconteceunovale.com.br\\\/portal\\\/?p=80925#article\",\"isPartOf\":{\"@id\":\"https:\\\/\\\/aconteceunovale.com.br\\\/portal\\\/?p=80925\"},\"author\":{\"name\":\"Aconteceu no Vale\",\"@id\":\"https:\\\/\\\/aconteceunovale.com.br\\\/portal\\\/#\\\/schema\\\/person\\\/633529146f2c94272bef50ac2953d589\"},\"headline\":\"Briga entre caminhoneiro e policial militar termina com um deles morto em Governador Valadares\",\"datePublished\":\"2016-03-06T22:19:59+00:00\",\"dateModified\":\"2016-03-08T01:16:04+00:00\",\"mainEntityOfPage\":{\"@id\":\"https:\\\/\\\/aconteceunovale.com.br\\\/portal\\\/?p=80925\"},\"wordCount\":510,\"commentCount\":140,\"image\":{\"@id\":\"https:\\\/\\\/aconteceunovale.com.br\\\/portal\\\/?p=80925#primaryimage\"},\"thumbnailUrl\":\"https:\\\/\\\/aconteceunovale.com.br\\\/portal\\\/wp-content\\\/uploads\\\/2016\\\/03\\\/homicidio_gv_6_marco.jpg\",\"keywords\":[\"assassinado em Governador Valadares\",\"assassinato em governador valadares\",\"briga entre caminhoneiro e policial militar em Governador Valadares\",\"Briga entre caminhoneiro e policial militar termina com um deles morto em Governador Valadares\",\"caminhoneiro assassinato em Governador Valadares\",\"caminhoneiro morto em Governador Valadares\",\"caminhoneiro morto por pm em Governador Valadares\",\"caminhoneiro morto por policial militar em Governador Valadares\",\"destaque\",\"F\u00e1bio Aguiar de Morais\",\"Governador Valadares\",\"Homic\u00eddio bairro Santa Rita\",\"homic\u00eddio em governador valadares\",\"Homic\u00eddio Rua Campos Sales\",\"J\u00falio C\u00e9sar da Silva\",\"Mairipor\u00e3\",\"morte em Governador Valadares\",\"morto em Governador Valadares\",\"pm homicida Governador Valadares\",\"pm mata caminhoneiro em Governador Valadares\",\"policial militar homicida Governador Valadares\",\"policial militar mata caminhoneiro em Governador Valadares\",\"V\u00eddeo de policial matando caminhoneiro em governador valadares\",\"V\u00eddeo de policial matando caminhoneiro em gv\",\"V\u00eddeo de policial matando caminhoneiro em valadares\",\"viol\u00eancia em Governador Valadares\"],\"articleSection\":[\"Leste de Minas\"],\"inLanguage\":\"pt-BR\",\"potentialAction\":[{\"@type\":\"CommentAction\",\"name\":\"Comment\",\"target\":[\"https:\\\/\\\/aconteceunovale.com.br\\\/portal\\\/?p=80925#respond\"]}]},{\"@type\":\"WebPage\",\"@id\":\"https:\\\/\\\/aconteceunovale.com.br\\\/portal\\\/?p=80925\",\"url\":\"https:\\\/\\\/aconteceunovale.com.br\\\/portal\\\/?p=80925\",\"name\":\"Briga entre caminhoneiro e policial militar termina com um deles morto em Governador Valadares - Aconteceu no Vale\",\"isPartOf\":{\"@id\":\"https:\\\/\\\/aconteceunovale.com.br\\\/portal\\\/#website\"},\"primaryImageOfPage\":{\"@id\":\"https:\\\/\\\/aconteceunovale.com.br\\\/portal\\\/?p=80925#primaryimage\"},\"image\":{\"@id\":\"https:\\\/\\\/aconteceunovale.com.br\\\/portal\\\/?p=80925#primaryimage\"},\"thumbnailUrl\":\"https:\\\/\\\/aconteceunovale.com.br\\\/portal\\\/wp-content\\\/uploads\\\/2016\\\/03\\\/homicidio_gv_6_marco.jpg\",\"datePublished\":\"2016-03-06T22:19:59+00:00\",\"dateModified\":\"2016-03-08T01:16:04+00:00\",\"author\":{\"@id\":\"https:\\\/\\\/aconteceunovale.com.br\\\/portal\\\/#\\\/schema\\\/person\\\/633529146f2c94272bef50ac2953d589\"},\"breadcrumb\":{\"@id\":\"https:\\\/\\\/aconteceunovale.com.br\\\/portal\\\/?p=80925#breadcrumb\"},\"inLanguage\":\"pt-BR\",\"potentialAction\":[{\"@type\":\"ReadAction\",\"target\":[\"https:\\\/\\\/aconteceunovale.com.br\\\/portal\\\/?p=80925\"]}]},{\"@type\":\"ImageObject\",\"inLanguage\":\"pt-BR\",\"@id\":\"https:\\\/\\\/aconteceunovale.com.br\\\/portal\\\/?p=80925#primaryimage\",\"url\":\"https:\\\/\\\/aconteceunovale.com.br\\\/portal\\\/wp-content\\\/uploads\\\/2016\\\/03\\\/homicidio_gv_6_marco.jpg\",\"contentUrl\":\"https:\\\/\\\/aconteceunovale.com.br\\\/portal\\\/wp-content\\\/uploads\\\/2016\\\/03\\\/homicidio_gv_6_marco.jpg\",\"width\":678,\"height\":395},{\"@type\":\"BreadcrumbList\",\"@id\":\"https:\\\/\\\/aconteceunovale.com.br\\\/portal\\\/?p=80925#breadcrumb\",\"itemListElement\":[{\"@type\":\"ListItem\",\"position\":1,\"name\":\"In\u00edcio\",\"item\":\"https:\\\/\\\/aconteceunovale.com.br\\\/portal\\\/\"},{\"@type\":\"ListItem\",\"position\":2,\"name\":\"Briga entre caminhoneiro e policial militar termina com um deles morto em Governador Valadares\"}]},{\"@type\":\"WebSite\",\"@id\":\"https:\\\/\\\/aconteceunovale.com.br\\\/portal\\\/#website\",\"url\":\"https:\\\/\\\/aconteceunovale.com.br\\\/portal\\\/\",\"name\":\"Aconteceu no Vale\",\"description\":\"Portal de Not\u00edcias\",\"potentialAction\":[{\"@type\":\"SearchAction\",\"target\":{\"@type\":\"EntryPoint\",\"urlTemplate\":\"https:\\\/\\\/aconteceunovale.com.br\\\/portal\\\/?s={search_term_string}\"},\"query-input\":{\"@type\":\"PropertyValueSpecification\",\"valueRequired\":true,\"valueName\":\"search_term_string\"}}],\"inLanguage\":\"pt-BR\"},{\"@type\":\"Person\",\"@id\":\"https:\\\/\\\/aconteceunovale.com.br\\\/portal\\\/#\\\/schema\\\/person\\\/633529146f2c94272bef50ac2953d589\",\"name\":\"Aconteceu no Vale\",\"description\":\"Equipe de reportagem do Aconteceu no Vale, portal de not\u00edcias do Vale do Jequitinhonha, em Minas Gerais. Cobrimos as 51 cidades do Vale desde 2013. Sugest\u00f5es de pauta e pedidos de corre\u00e7\u00e3o: contato@aconteceunovale.com.br\",\"sameAs\":[\"http:\\\/\\\/www.aconteceunovale.com.br\"],\"url\":\"https:\\\/\\\/aconteceunovale.com.br\\\/portal\\\/?author=1\"}]}<\/script>\n<!-- \/ Yoast SEO plugin. -->","yoast_head_json":{"title":"Briga entre caminhoneiro e policial militar termina com um deles morto em Governador Valadares - Aconteceu no Vale","robots":{"index":"index","follow":"follow","max-snippet":"max-snippet:-1","max-image-preview":"max-image-preview:large","max-video-preview":"max-video-preview:-1"},"canonical":"https:\/\/aconteceunovale.com.br\/portal\/?p=80925","og_locale":"pt_BR","og_type":"article","og_title":"Briga entre caminhoneiro e policial militar termina com um deles morto em Governador Valadares - Aconteceu no Vale","og_description":"O desentendimento entre um policial militar e um caminhoneiro acabou em morte na manh\u00e3 deste domingo, 6 de mar\u00e7o, em Governador Valadares, no Vale do Rio Doce. O v\u00eddeo registrado pela esposa de F\u00e1bio Aguiar de Morais, de 36 anos, mostra o momento em que o policial militar J\u00falio C\u00e9sar da Silva, de 44 anos, [&hellip;]","og_url":"https:\/\/aconteceunovale.com.br\/portal\/?p=80925","og_site_name":"Aconteceu no Vale","article_publisher":"https:\/\/www.facebook.com\/aconteceunovale\/","article_published_time":"2016-03-06T22:19:59+00:00","article_modified_time":"2016-03-08T01:16:04+00:00","og_image":[{"width":678,"height":395,"url":"https:\/\/aconteceunovale.com.br\/portal\/wp-content\/uploads\/2016\/03\/homicidio_gv_6_marco.jpg","type":"image\/jpeg"}],"author":"Aconteceu no Vale","twitter_card":"summary_large_image","twitter_creator":"@noticiadosvales","twitter_site":"@noticiadosvales","twitter_misc":{"Escrito por":"Aconteceu no Vale","Est. tempo de leitura":"2 minutos"},"schema":{"@context":"https:\/\/schema.org","@graph":[{"@type":"Article","@id":"https:\/\/aconteceunovale.com.br\/portal\/?p=80925#article","isPartOf":{"@id":"https:\/\/aconteceunovale.com.br\/portal\/?p=80925"},"author":{"name":"Aconteceu no Vale","@id":"https:\/\/aconteceunovale.com.br\/portal\/#\/schema\/person\/633529146f2c94272bef50ac2953d589"},"headline":"Briga entre caminhoneiro e policial militar termina com um deles morto em Governador Valadares","datePublished":"2016-03-06T22:19:59+00:00","dateModified":"2016-03-08T01:16:04+00:00","mainEntityOfPage":{"@id":"https:\/\/aconteceunovale.com.br\/portal\/?p=80925"},"wordCount":510,"commentCount":140,"image":{"@id":"https:\/\/aconteceunovale.com.br\/portal\/?p=80925#primaryimage"},"thumbnailUrl":"https:\/\/aconteceunovale.com.br\/portal\/wp-content\/uploads\/2016\/03\/homicidio_gv_6_marco.jpg","keywords":["assassinado em Governador Valadares","assassinato em governador valadares","briga entre caminhoneiro e policial militar em Governador Valadares","Briga entre caminhoneiro e policial militar termina com um deles morto em Governador Valadares","caminhoneiro assassinato em Governador Valadares","caminhoneiro morto em Governador Valadares","caminhoneiro morto por pm em Governador Valadares","caminhoneiro morto por policial militar em Governador Valadares","destaque","F\u00e1bio Aguiar de Morais","Governador Valadares","Homic\u00eddio bairro Santa Rita","homic\u00eddio em governador valadares","Homic\u00eddio Rua Campos Sales","J\u00falio C\u00e9sar da Silva","Mairipor\u00e3","morte em Governador Valadares","morto em Governador Valadares","pm homicida Governador Valadares","pm mata caminhoneiro em Governador Valadares","policial militar homicida Governador Valadares","policial militar mata caminhoneiro em Governador Valadares","V\u00eddeo de policial matando caminhoneiro em governador valadares","V\u00eddeo de policial matando caminhoneiro em gv","V\u00eddeo de policial matando caminhoneiro em valadares","viol\u00eancia em Governador Valadares"],"articleSection":["Leste de Minas"],"inLanguage":"pt-BR","potentialAction":[{"@type":"CommentAction","name":"Comment","target":["https:\/\/aconteceunovale.com.br\/portal\/?p=80925#respond"]}]},{"@type":"WebPage","@id":"https:\/\/aconteceunovale.com.br\/portal\/?p=80925","url":"https:\/\/aconteceunovale.com.br\/portal\/?p=80925","name":"Briga entre caminhoneiro e policial militar termina com um deles morto em Governador Valadares - Aconteceu no Vale","isPartOf":{"@id":"https:\/\/aconteceunovale.com.br\/portal\/#website"},"primaryImageOfPage":{"@id":"https:\/\/aconteceunovale.com.br\/portal\/?p=80925#primaryimage"},"image":{"@id":"https:\/\/aconteceunovale.com.br\/portal\/?p=80925#primaryimage"},"thumbnailUrl":"https:\/\/aconteceunovale.com.br\/portal\/wp-content\/uploads\/2016\/03\/homicidio_gv_6_marco.jpg","datePublished":"2016-03-06T22:19:59+00:00","dateModified":"2016-03-08T01:16:04+00:00","author":{"@id":"https:\/\/aconteceunovale.com.br\/portal\/#\/schema\/person\/633529146f2c94272bef50ac2953d589"},"breadcrumb":{"@id":"https:\/\/aconteceunovale.com.br\/portal\/?p=80925#breadcrumb"},"inLanguage":"pt-BR","potentialAction":[{"@type":"ReadAction","target":["https:\/\/aconteceunovale.com.br\/portal\/?p=80925"]}]},{"@type":"ImageObject","inLanguage":"pt-BR","@id":"https:\/\/aconteceunovale.com.br\/portal\/?p=80925#primaryimage","url":"https:\/\/aconteceunovale.com.br\/portal\/wp-content\/uploads\/2016\/03\/homicidio_gv_6_marco.jpg","contentUrl":"https:\/\/aconteceunovale.com.br\/portal\/wp-content\/uploads\/2016\/03\/homicidio_gv_6_marco.jpg","width":678,"height":395},{"@type":"BreadcrumbList","@id":"https:\/\/aconteceunovale.com.br\/portal\/?p=80925#breadcrumb","itemListElement":[{"@type":"ListItem","position":1,"name":"In\u00edcio","item":"https:\/\/aconteceunovale.com.br\/portal\/"},{"@type":"ListItem","position":2,"name":"Briga entre caminhoneiro e policial militar termina com um deles morto em Governador Valadares"}]},{"@type":"WebSite","@id":"https:\/\/aconteceunovale.com.br\/portal\/#website","url":"https:\/\/aconteceunovale.com.br\/portal\/","name":"Aconteceu no Vale","description":"Portal de Not\u00edcias","potentialAction":[{"@type":"SearchAction","target":{"@type":"EntryPoint","urlTemplate":"https:\/\/aconteceunovale.com.br\/portal\/?s={search_term_string}"},"query-input":{"@type":"PropertyValueSpecification","valueRequired":true,"valueName":"search_term_string"}}],"inLanguage":"pt-BR"},{"@type":"Person","@id":"https:\/\/aconteceunovale.com.br\/portal\/#\/schema\/person\/633529146f2c94272bef50ac2953d589","name":"Aconteceu no Vale","description":"Equipe de reportagem do Aconteceu no Vale, portal de not\u00edcias do Vale do Jequitinhonha, em Minas Gerais. Cobrimos as 51 cidades do Vale desde 2013. Sugest\u00f5es de pauta e pedidos de corre\u00e7\u00e3o: contato@aconteceunovale.com.br","sameAs":["http:\/\/www.aconteceunovale.com.br"],"url":"https:\/\/aconteceunovale.com.br\/portal\/?author=1"}]}},"_links":{"self":[{"href":"https:\/\/aconteceunovale.com.br\/portal\/index.php?rest_route=\/wp\/v2\/posts\/80925","targetHints":{"allow":["GET"]}}],"collection":[{"href":"https:\/\/aconteceunovale.com.br\/portal\/index.php?rest_route=\/wp\/v2\/posts"}],"about":[{"href":"https:\/\/aconteceunovale.com.br\/portal\/index.php?rest_route=\/wp\/v2\/types\/post"}],"author":[{"embeddable":true,"href":"https:\/\/aconteceunovale.com.br\/portal\/index.php?rest_route=\/wp\/v2\/users\/1"}],"replies":[{"embeddable":true,"href":"https:\/\/aconteceunovale.com.br\/portal\/index.php?rest_route=%2Fwp%2Fv2%2Fcomments&post=80925"}],"version-history":[{"count":0,"href":"https:\/\/aconteceunovale.com.br\/portal\/index.php?rest_route=\/wp\/v2\/posts\/80925\/revisions"}],"wp:featuredmedia":[{"embeddable":true,"href":"https:\/\/aconteceunovale.com.br\/portal\/index.php?rest_route=\/wp\/v2\/media\/80926"}],"wp:attachment":[{"href":"https:\/\/aconteceunovale.com.br\/portal\/index.php?rest_route=%2Fwp%2Fv2%2Fmedia&parent=80925"}],"wp:term":[{"taxonomy":"category","embeddable":true,"href":"https:\/\/aconteceunovale.com.br\/portal\/index.php?rest_route=%2Fwp%2Fv2%2Fcategories&post=80925"},{"taxonomy":"post_tag","embeddable":true,"href":"https:\/\/aconteceunovale.com.br\/portal\/index.php?rest_route=%2Fwp%2Fv2%2Ftags&post=80925"}],"curies":[{"name":"wp","href":"https:\/\/api.w.org\/{rel}","templated":true}]}}