{"id":80848,"date":"2016-03-04T23:49:16","date_gmt":"2016-03-05T02:49:16","guid":{"rendered":"http:\/\/aconteceunovale.com.br\/portal\/?p=80848"},"modified":"2016-03-04T23:49:36","modified_gmt":"2016-03-05T02:49:36","slug":"detran-divulga-prazo-para-pagamento-da-taxa-de-licenciamento-2016","status":"publish","type":"post","link":"https:\/\/aconteceunovale.com.br\/portal\/?p=80848","title":{"rendered":"Detran de Minas Gerais divulga prazo para pagamento da taxa de licenciamento 2016"},"content":{"rendered":"<p>O Departamento de Tr\u00e2nsito de Minas Gerais (Detran-MG), publicou, nesta sexta-feira (4\/3), no Di\u00e1rio Oficial do Estado, a Portaria n\u00ba 291, que indica o calend\u00e1rio para a renova\u00e7\u00e3o do Certificado de Registro e Licenciamento de Ve\u00edculo (CRLV) 2016. O calend\u00e1rio tem como base o n\u00famero final das placas para indicar o m\u00eas de vencimento do licenciamento.<\/p>\n<p>Anualmente, os propriet\u00e1rios de ve\u00edculos devem renovar o documento para circular, pagando o Imposto de Propriedade de Ve\u00edculo Automotor (IPVA), Seguro Obrigat\u00f3rio e Licenciamento.<\/p>\n<p>O CRLV 2016 ser\u00e1 enviado pelos Correios, com Aviso de Recebimento (AR). Havendo d\u00e9bito e\/ou irregularidade cadastral, o CRLV 2016 n\u00e3o ser\u00e1 emitido, e o propriet\u00e1rio ser\u00e1 informado, desde que o endere\u00e7o esteja devidamente atualizado no sistema do Detran.<\/p>\n<p>At\u00e9 o \u00faltimo dia dos meses estabelecidos na portaria, o propriet\u00e1rio de ve\u00edculo automotor poder\u00e1 apresentar o CRLV 2015 para fins de fiscaliza\u00e7\u00e3o.<\/p>\n<p>Para maior tranquilidade dos propriet\u00e1rios de ve\u00edculos registrados em Minas Gerais, o departamento informa que enviou comunicado indicando prazo para licenciamento 2016 aos \u00f3rg\u00e3os e entidades do Sistema Nacional de Tr\u00e2nsito, inclusive de outros Estados, por meio do Denatran.<\/p>\n<p>Vale lembrar que deixar de pagar o licenciamento anual \u00e9 considerado, pelo artigo 230 do C\u00f3digo de Tr\u00e2nsito Brasileiro (CTB), infra\u00e7\u00e3o de tr\u00e2nsito grav\u00edssima, com aplica\u00e7\u00e3o de multa de R$ 191,54, sete pontos na carteira e, ainda, medida administrativa de remo\u00e7\u00e3o do ve\u00edculo.<\/p>\n<p>Em caso de n\u00e3o recebimento da documenta\u00e7\u00e3o, basta consultar a situa\u00e7\u00e3o do ve\u00edculo para informa\u00e7\u00f5es sobre os motivos do n\u00e3o licenciamento. <\/p>\n<p><strong>Confira o prazo para Licenciamento 2016:<\/strong><\/p>\n<p>&#8211; Placas final: 1, 2, 3, 4 e 5 (Maio)<br \/>\n&#8211; Placas final: 6, 7, 8, 9 e 0 (Junho)<\/p>\n<p>(Detran-MG)<\/p>\n","protected":false},"excerpt":{"rendered":"<p>O Departamento de Tr\u00e2nsito de Minas Gerais (Detran-MG), publicou, nesta sexta-feira (4\/3), no Di\u00e1rio Oficial do Estado, a Portaria n\u00ba 291, que indica o calend\u00e1rio para a renova\u00e7\u00e3o do Certificado de Registro e Licenciamento de Ve\u00edculo (CRLV) 2016. O calend\u00e1rio tem como base o n\u00famero final das placas para indicar o m\u00eas de vencimento do [&hellip;]<\/p>\n","protected":false},"author":1,"featured_media":34291,"comment_status":"open","ping_status":"closed","sticky":false,"template":"","format":"standard","meta":{"amp_status":"","footnotes":""},"categories":[123],"tags":[81051,81050,81044,81045,50080,81043,81056,81053,1243,81052,81054,81055,81046,81047,81048,81049],"class_list":["post-80848","post","type-post","status-publish","format-standard","has-post-thumbnail","hentry","category-gerais","tag-calendario-para-a-renovacao-crlv","tag-calendario-para-a-renovacao-crlv-2016","tag-calendario-para-a-renovacao-do-certificado-de-registro-e-licenciamento-de-veiculo","tag-calendario-para-a-renovacao-do-certificado-de-registro-e-licenciamento-de-veiculo-2016","tag-crlv","tag-departamento-de-transito-de-minas-gerais","tag-detran-de-minas-gerais-divulga-prazo-para-pagamento-da-taxa-de-licenciamento-2016","tag-detran-divulga-prazo-para-pagamento-da-taxa-de-licenciamento-2016","tag-detran-mg","tag-prazo-para-licenciamento-2016","tag-prazo-para-pagamento-da-taxa-de-licenciamento","tag-prazo-para-pagamento-da-taxa-de-licenciamento-2016","tag-renovacao-do-certificado-de-registro-e-licenciamento-de-veiculo","tag-renovacao-do-certificado-de-registro-e-licenciamento-de-veiculo-2016","tag-renovacao-do-crlv","tag-renovacao-do-crlv-2016"],"yoast_head":"<!-- This site is optimized with the Yoast SEO plugin v28.3 - https:\/\/yoast.com\/product\/yoast-seo-wordpress\/ -->\n<title>Detran de Minas Gerais divulga prazo para pagamento da taxa de licenciamento 2016 - Aconteceu no Vale<\/title>\n<meta name=\"robots\" content=\"index, follow, max-snippet:-1, max-image-preview:large, max-video-preview:-1\" \/>\n<link rel=\"canonical\" href=\"https:\/\/aconteceunovale.com.br\/portal\/?p=80848\" \/>\n<meta property=\"og:locale\" content=\"pt_BR\" \/>\n<meta property=\"og:type\" content=\"article\" \/>\n<meta property=\"og:title\" content=\"Detran de Minas Gerais divulga prazo para pagamento da taxa de licenciamento 2016 - Aconteceu no Vale\" \/>\n<meta property=\"og:description\" content=\"O Departamento de Tr\u00e2nsito de Minas Gerais (Detran-MG), publicou, nesta sexta-feira (4\/3), no Di\u00e1rio Oficial do Estado, a Portaria n\u00ba 291, que indica o calend\u00e1rio para a renova\u00e7\u00e3o do Certificado de Registro e Licenciamento de Ve\u00edculo (CRLV) 2016. O calend\u00e1rio tem como base o n\u00famero final das placas para indicar o m\u00eas de vencimento do [&hellip;]\" \/>\n<meta property=\"og:url\" content=\"https:\/\/aconteceunovale.com.br\/portal\/?p=80848\" \/>\n<meta property=\"og:site_name\" content=\"Aconteceu no Vale\" \/>\n<meta property=\"article:publisher\" content=\"https:\/\/www.facebook.com\/aconteceunovale\/\" \/>\n<meta property=\"article:published_time\" content=\"2016-03-05T02:49:16+00:00\" \/>\n<meta property=\"article:modified_time\" content=\"2016-03-05T02:49:36+00:00\" \/>\n<meta property=\"og:image\" content=\"https:\/\/aconteceunovale.com.br\/portal\/wp-content\/uploads\/2014\/07\/sem_CRLV.jpg\" \/>\n\t<meta property=\"og:image:width\" content=\"300\" \/>\n\t<meta property=\"og:image:height\" content=\"225\" \/>\n\t<meta property=\"og:image:type\" content=\"image\/jpeg\" \/>\n<meta name=\"author\" content=\"Aconteceu no Vale\" \/>\n<meta name=\"twitter:card\" content=\"summary_large_image\" \/>\n<meta name=\"twitter:creator\" content=\"@noticiadosvales\" \/>\n<meta name=\"twitter:site\" content=\"@noticiadosvales\" \/>\n<meta name=\"twitter:label1\" content=\"Escrito por\" \/>\n\t<meta name=\"twitter:data1\" content=\"Aconteceu no Vale\" \/>\n\t<meta name=\"twitter:label2\" content=\"Est. tempo de leitura\" \/>\n\t<meta name=\"twitter:data2\" content=\"1 minuto\" \/>\n<script type=\"application\/ld+json\" class=\"yoast-schema-graph\">{\"@context\":\"https:\\\/\\\/schema.org\",\"@graph\":[{\"@type\":\"Article\",\"@id\":\"https:\\\/\\\/aconteceunovale.com.br\\\/portal\\\/?p=80848#article\",\"isPartOf\":{\"@id\":\"https:\\\/\\\/aconteceunovale.com.br\\\/portal\\\/?p=80848\"},\"author\":{\"name\":\"Aconteceu no Vale\",\"@id\":\"https:\\\/\\\/aconteceunovale.com.br\\\/portal\\\/#\\\/schema\\\/person\\\/633529146f2c94272bef50ac2953d589\"},\"headline\":\"Detran de Minas Gerais divulga prazo para pagamento da taxa de licenciamento 2016\",\"datePublished\":\"2016-03-05T02:49:16+00:00\",\"dateModified\":\"2016-03-05T02:49:36+00:00\",\"mainEntityOfPage\":{\"@id\":\"https:\\\/\\\/aconteceunovale.com.br\\\/portal\\\/?p=80848\"},\"wordCount\":301,\"commentCount\":1,\"image\":{\"@id\":\"https:\\\/\\\/aconteceunovale.com.br\\\/portal\\\/?p=80848#primaryimage\"},\"thumbnailUrl\":\"https:\\\/\\\/aconteceunovale.com.br\\\/portal\\\/wp-content\\\/uploads\\\/2014\\\/07\\\/sem_CRLV.jpg\",\"keywords\":[\"calend\u00e1rio para a renova\u00e7\u00e3o CRLV\",\"calend\u00e1rio para a renova\u00e7\u00e3o CRLV 2016\",\"calend\u00e1rio para a renova\u00e7\u00e3o do Certificado de Registro e Licenciamento de Ve\u00edculo\",\"calend\u00e1rio para a renova\u00e7\u00e3o do Certificado de Registro e Licenciamento de Ve\u00edculo 2016\",\"CRLV\",\"Departamento de Tr\u00e2nsito de Minas Gerais\",\"Detran de Minas Gerais divulga prazo para pagamento da taxa de licenciamento 2016\",\"DETRAN divulga prazo para pagamento da taxa de licenciamento 2016\",\"detran-mg\",\"Prazo para Licenciamento 2016\",\"prazo para pagamento da taxa de licenciamento\",\"prazo para pagamento da taxa de licenciamento 2016\",\"renova\u00e7\u00e3o do Certificado de Registro e Licenciamento de Ve\u00edculo\",\"renova\u00e7\u00e3o do Certificado de Registro e Licenciamento de Ve\u00edculo 2016\",\"Renova\u00e7\u00e3o do CRLV\",\"Renova\u00e7\u00e3o do CRLV 2016\"],\"articleSection\":[\"Minas Gerais\"],\"inLanguage\":\"pt-BR\",\"potentialAction\":[{\"@type\":\"CommentAction\",\"name\":\"Comment\",\"target\":[\"https:\\\/\\\/aconteceunovale.com.br\\\/portal\\\/?p=80848#respond\"]}]},{\"@type\":\"WebPage\",\"@id\":\"https:\\\/\\\/aconteceunovale.com.br\\\/portal\\\/?p=80848\",\"url\":\"https:\\\/\\\/aconteceunovale.com.br\\\/portal\\\/?p=80848\",\"name\":\"Detran de Minas Gerais divulga prazo para pagamento da taxa de licenciamento 2016 - Aconteceu no Vale\",\"isPartOf\":{\"@id\":\"https:\\\/\\\/aconteceunovale.com.br\\\/portal\\\/#website\"},\"primaryImageOfPage\":{\"@id\":\"https:\\\/\\\/aconteceunovale.com.br\\\/portal\\\/?p=80848#primaryimage\"},\"image\":{\"@id\":\"https:\\\/\\\/aconteceunovale.com.br\\\/portal\\\/?p=80848#primaryimage\"},\"thumbnailUrl\":\"https:\\\/\\\/aconteceunovale.com.br\\\/portal\\\/wp-content\\\/uploads\\\/2014\\\/07\\\/sem_CRLV.jpg\",\"datePublished\":\"2016-03-05T02:49:16+00:00\",\"dateModified\":\"2016-03-05T02:49:36+00:00\",\"author\":{\"@id\":\"https:\\\/\\\/aconteceunovale.com.br\\\/portal\\\/#\\\/schema\\\/person\\\/633529146f2c94272bef50ac2953d589\"},\"breadcrumb\":{\"@id\":\"https:\\\/\\\/aconteceunovale.com.br\\\/portal\\\/?p=80848#breadcrumb\"},\"inLanguage\":\"pt-BR\",\"potentialAction\":[{\"@type\":\"ReadAction\",\"target\":[\"https:\\\/\\\/aconteceunovale.com.br\\\/portal\\\/?p=80848\"]}]},{\"@type\":\"ImageObject\",\"inLanguage\":\"pt-BR\",\"@id\":\"https:\\\/\\\/aconteceunovale.com.br\\\/portal\\\/?p=80848#primaryimage\",\"url\":\"https:\\\/\\\/aconteceunovale.com.br\\\/portal\\\/wp-content\\\/uploads\\\/2014\\\/07\\\/sem_CRLV.jpg\",\"contentUrl\":\"https:\\\/\\\/aconteceunovale.com.br\\\/portal\\\/wp-content\\\/uploads\\\/2014\\\/07\\\/sem_CRLV.jpg\",\"width\":300,\"height\":225},{\"@type\":\"BreadcrumbList\",\"@id\":\"https:\\\/\\\/aconteceunovale.com.br\\\/portal\\\/?p=80848#breadcrumb\",\"itemListElement\":[{\"@type\":\"ListItem\",\"position\":1,\"name\":\"In\u00edcio\",\"item\":\"https:\\\/\\\/aconteceunovale.com.br\\\/portal\\\/\"},{\"@type\":\"ListItem\",\"position\":2,\"name\":\"Detran de Minas Gerais divulga prazo para pagamento da taxa de licenciamento 2016\"}]},{\"@type\":\"WebSite\",\"@id\":\"https:\\\/\\\/aconteceunovale.com.br\\\/portal\\\/#website\",\"url\":\"https:\\\/\\\/aconteceunovale.com.br\\\/portal\\\/\",\"name\":\"Aconteceu no Vale\",\"description\":\"Portal de Not\u00edcias\",\"potentialAction\":[{\"@type\":\"SearchAction\",\"target\":{\"@type\":\"EntryPoint\",\"urlTemplate\":\"https:\\\/\\\/aconteceunovale.com.br\\\/portal\\\/?s={search_term_string}\"},\"query-input\":{\"@type\":\"PropertyValueSpecification\",\"valueRequired\":true,\"valueName\":\"search_term_string\"}}],\"inLanguage\":\"pt-BR\"},{\"@type\":\"Person\",\"@id\":\"https:\\\/\\\/aconteceunovale.com.br\\\/portal\\\/#\\\/schema\\\/person\\\/633529146f2c94272bef50ac2953d589\",\"name\":\"Aconteceu no Vale\",\"description\":\"Equipe de reportagem do Aconteceu no Vale, portal de not\u00edcias do Vale do Jequitinhonha, em Minas Gerais. Cobrimos as 51 cidades do Vale desde 2013. Sugest\u00f5es de pauta e pedidos de corre\u00e7\u00e3o: contato@aconteceunovale.com.br\",\"sameAs\":[\"http:\\\/\\\/www.aconteceunovale.com.br\"],\"url\":\"https:\\\/\\\/aconteceunovale.com.br\\\/portal\\\/?author=1\"}]}<\/script>\n<!-- \/ Yoast SEO plugin. -->","yoast_head_json":{"title":"Detran de Minas Gerais divulga prazo para pagamento da taxa de licenciamento 2016 - Aconteceu no Vale","robots":{"index":"index","follow":"follow","max-snippet":"max-snippet:-1","max-image-preview":"max-image-preview:large","max-video-preview":"max-video-preview:-1"},"canonical":"https:\/\/aconteceunovale.com.br\/portal\/?p=80848","og_locale":"pt_BR","og_type":"article","og_title":"Detran de Minas Gerais divulga prazo para pagamento da taxa de licenciamento 2016 - Aconteceu no Vale","og_description":"O Departamento de Tr\u00e2nsito de Minas Gerais (Detran-MG), publicou, nesta sexta-feira (4\/3), no Di\u00e1rio Oficial do Estado, a Portaria n\u00ba 291, que indica o calend\u00e1rio para a renova\u00e7\u00e3o do Certificado de Registro e Licenciamento de Ve\u00edculo (CRLV) 2016. O calend\u00e1rio tem como base o n\u00famero final das placas para indicar o m\u00eas de vencimento do [&hellip;]","og_url":"https:\/\/aconteceunovale.com.br\/portal\/?p=80848","og_site_name":"Aconteceu no Vale","article_publisher":"https:\/\/www.facebook.com\/aconteceunovale\/","article_published_time":"2016-03-05T02:49:16+00:00","article_modified_time":"2016-03-05T02:49:36+00:00","og_image":[{"width":300,"height":225,"url":"https:\/\/aconteceunovale.com.br\/portal\/wp-content\/uploads\/2014\/07\/sem_CRLV.jpg","type":"image\/jpeg"}],"author":"Aconteceu no Vale","twitter_card":"summary_large_image","twitter_creator":"@noticiadosvales","twitter_site":"@noticiadosvales","twitter_misc":{"Escrito por":"Aconteceu no Vale","Est. tempo de leitura":"1 minuto"},"schema":{"@context":"https:\/\/schema.org","@graph":[{"@type":"Article","@id":"https:\/\/aconteceunovale.com.br\/portal\/?p=80848#article","isPartOf":{"@id":"https:\/\/aconteceunovale.com.br\/portal\/?p=80848"},"author":{"name":"Aconteceu no Vale","@id":"https:\/\/aconteceunovale.com.br\/portal\/#\/schema\/person\/633529146f2c94272bef50ac2953d589"},"headline":"Detran de Minas Gerais divulga prazo para pagamento da taxa de licenciamento 2016","datePublished":"2016-03-05T02:49:16+00:00","dateModified":"2016-03-05T02:49:36+00:00","mainEntityOfPage":{"@id":"https:\/\/aconteceunovale.com.br\/portal\/?p=80848"},"wordCount":301,"commentCount":1,"image":{"@id":"https:\/\/aconteceunovale.com.br\/portal\/?p=80848#primaryimage"},"thumbnailUrl":"https:\/\/aconteceunovale.com.br\/portal\/wp-content\/uploads\/2014\/07\/sem_CRLV.jpg","keywords":["calend\u00e1rio para a renova\u00e7\u00e3o CRLV","calend\u00e1rio para a renova\u00e7\u00e3o CRLV 2016","calend\u00e1rio para a renova\u00e7\u00e3o do Certificado de Registro e Licenciamento de Ve\u00edculo","calend\u00e1rio para a renova\u00e7\u00e3o do Certificado de Registro e Licenciamento de Ve\u00edculo 2016","CRLV","Departamento de Tr\u00e2nsito de Minas Gerais","Detran de Minas Gerais divulga prazo para pagamento da taxa de licenciamento 2016","DETRAN divulga prazo para pagamento da taxa de licenciamento 2016","detran-mg","Prazo para Licenciamento 2016","prazo para pagamento da taxa de licenciamento","prazo para pagamento da taxa de licenciamento 2016","renova\u00e7\u00e3o do Certificado de Registro e Licenciamento de Ve\u00edculo","renova\u00e7\u00e3o do Certificado de Registro e Licenciamento de Ve\u00edculo 2016","Renova\u00e7\u00e3o do CRLV","Renova\u00e7\u00e3o do CRLV 2016"],"articleSection":["Minas Gerais"],"inLanguage":"pt-BR","potentialAction":[{"@type":"CommentAction","name":"Comment","target":["https:\/\/aconteceunovale.com.br\/portal\/?p=80848#respond"]}]},{"@type":"WebPage","@id":"https:\/\/aconteceunovale.com.br\/portal\/?p=80848","url":"https:\/\/aconteceunovale.com.br\/portal\/?p=80848","name":"Detran de Minas Gerais divulga prazo para pagamento da taxa de licenciamento 2016 - Aconteceu no Vale","isPartOf":{"@id":"https:\/\/aconteceunovale.com.br\/portal\/#website"},"primaryImageOfPage":{"@id":"https:\/\/aconteceunovale.com.br\/portal\/?p=80848#primaryimage"},"image":{"@id":"https:\/\/aconteceunovale.com.br\/portal\/?p=80848#primaryimage"},"thumbnailUrl":"https:\/\/aconteceunovale.com.br\/portal\/wp-content\/uploads\/2014\/07\/sem_CRLV.jpg","datePublished":"2016-03-05T02:49:16+00:00","dateModified":"2016-03-05T02:49:36+00:00","author":{"@id":"https:\/\/aconteceunovale.com.br\/portal\/#\/schema\/person\/633529146f2c94272bef50ac2953d589"},"breadcrumb":{"@id":"https:\/\/aconteceunovale.com.br\/portal\/?p=80848#breadcrumb"},"inLanguage":"pt-BR","potentialAction":[{"@type":"ReadAction","target":["https:\/\/aconteceunovale.com.br\/portal\/?p=80848"]}]},{"@type":"ImageObject","inLanguage":"pt-BR","@id":"https:\/\/aconteceunovale.com.br\/portal\/?p=80848#primaryimage","url":"https:\/\/aconteceunovale.com.br\/portal\/wp-content\/uploads\/2014\/07\/sem_CRLV.jpg","contentUrl":"https:\/\/aconteceunovale.com.br\/portal\/wp-content\/uploads\/2014\/07\/sem_CRLV.jpg","width":300,"height":225},{"@type":"BreadcrumbList","@id":"https:\/\/aconteceunovale.com.br\/portal\/?p=80848#breadcrumb","itemListElement":[{"@type":"ListItem","position":1,"name":"In\u00edcio","item":"https:\/\/aconteceunovale.com.br\/portal\/"},{"@type":"ListItem","position":2,"name":"Detran de Minas Gerais divulga prazo para pagamento da taxa de licenciamento 2016"}]},{"@type":"WebSite","@id":"https:\/\/aconteceunovale.com.br\/portal\/#website","url":"https:\/\/aconteceunovale.com.br\/portal\/","name":"Aconteceu no Vale","description":"Portal de Not\u00edcias","potentialAction":[{"@type":"SearchAction","target":{"@type":"EntryPoint","urlTemplate":"https:\/\/aconteceunovale.com.br\/portal\/?s={search_term_string}"},"query-input":{"@type":"PropertyValueSpecification","valueRequired":true,"valueName":"search_term_string"}}],"inLanguage":"pt-BR"},{"@type":"Person","@id":"https:\/\/aconteceunovale.com.br\/portal\/#\/schema\/person\/633529146f2c94272bef50ac2953d589","name":"Aconteceu no Vale","description":"Equipe de reportagem do Aconteceu no Vale, portal de not\u00edcias do Vale do Jequitinhonha, em Minas Gerais. Cobrimos as 51 cidades do Vale desde 2013. Sugest\u00f5es de pauta e pedidos de corre\u00e7\u00e3o: contato@aconteceunovale.com.br","sameAs":["http:\/\/www.aconteceunovale.com.br"],"url":"https:\/\/aconteceunovale.com.br\/portal\/?author=1"}]}},"_links":{"self":[{"href":"https:\/\/aconteceunovale.com.br\/portal\/index.php?rest_route=\/wp\/v2\/posts\/80848","targetHints":{"allow":["GET"]}}],"collection":[{"href":"https:\/\/aconteceunovale.com.br\/portal\/index.php?rest_route=\/wp\/v2\/posts"}],"about":[{"href":"https:\/\/aconteceunovale.com.br\/portal\/index.php?rest_route=\/wp\/v2\/types\/post"}],"author":[{"embeddable":true,"href":"https:\/\/aconteceunovale.com.br\/portal\/index.php?rest_route=\/wp\/v2\/users\/1"}],"replies":[{"embeddable":true,"href":"https:\/\/aconteceunovale.com.br\/portal\/index.php?rest_route=%2Fwp%2Fv2%2Fcomments&post=80848"}],"version-history":[{"count":0,"href":"https:\/\/aconteceunovale.com.br\/portal\/index.php?rest_route=\/wp\/v2\/posts\/80848\/revisions"}],"wp:featuredmedia":[{"embeddable":true,"href":"https:\/\/aconteceunovale.com.br\/portal\/index.php?rest_route=\/wp\/v2\/media\/34291"}],"wp:attachment":[{"href":"https:\/\/aconteceunovale.com.br\/portal\/index.php?rest_route=%2Fwp%2Fv2%2Fmedia&parent=80848"}],"wp:term":[{"taxonomy":"category","embeddable":true,"href":"https:\/\/aconteceunovale.com.br\/portal\/index.php?rest_route=%2Fwp%2Fv2%2Fcategories&post=80848"},{"taxonomy":"post_tag","embeddable":true,"href":"https:\/\/aconteceunovale.com.br\/portal\/index.php?rest_route=%2Fwp%2Fv2%2Ftags&post=80848"}],"curies":[{"name":"wp","href":"https:\/\/api.w.org\/{rel}","templated":true}]}}