{"id":80840,"date":"2016-03-04T23:26:31","date_gmt":"2016-03-05T02:26:31","guid":{"rendered":"http:\/\/aconteceunovale.com.br\/portal\/?p=80840"},"modified":"2016-03-04T23:26:31","modified_gmt":"2016-03-05T02:26:31","slug":"uma-pessoa-morre-e-outra-fica-ferida-apos-andaime-cair-em-janauba-no-norte-de-minas","status":"publish","type":"post","link":"https:\/\/aconteceunovale.com.br\/portal\/?p=80840","title":{"rendered":"Uma pessoa morre e outra fica ferida ap\u00f3s andaime cair em Jana\u00faba, no Norte de Minas"},"content":{"rendered":"<p>Um homem morreu e outro ficou ferido na manh\u00e3 desta sexta-feira (4\/3) ap\u00f3s ca\u00edrem de um andaime em Jana\u00faba, Norte de Minas. Os homens trabalhavam na \u00e1rea externa da constru\u00e7\u00e3o de um pr\u00e9dio na Avenida Brasil, quando o andaime cedeu de uma altura de aproximadamente 15 metros.<\/p>\n<p>Segundo o Corpo de Bombeiros, a arma\u00e7\u00e3o era de madeira e os oper\u00e1rios n\u00e3o utilizavam cintos de seguran\u00e7a. O Samu foi acionado e constatou o \u00f3bito de Paulo Sales de Souza, de 29 anos. O outro oper\u00e1rio Marcelo Gon\u00e7alves dos Reis, de 27 anos, foi encaminhado ao Hospital Regional com fratura no bra\u00e7o esquerdo e escoria\u00e7\u00f5es.<\/p>\n<p>De acordo com a Prefeitura de Jana\u00faba, o acidente aconteceu em uma constru\u00e7\u00e3o particular que possu\u00eda o alvar\u00e1 para in\u00edcio das obras.<\/p>\n<p><img decoding=\"async\" src=\"http:\/\/aconteceunovale.com.br\/portal\/wp-content\/uploads\/2016\/03\/andaime_janauba_2.jpg\" alt=\"\" \/><em>V\u00edtimas ca\u00edram de um andaime &#8211; Foto: Eug\u00eanio Oliveira \/ WhatsApp<\/em><br \/>\n<\/br><\/p>\n<p><img decoding=\"async\" src=\"http:\/\/aconteceunovale.com.br\/portal\/wp-content\/uploads\/2016\/03\/andaime_janauba_1.jpg\" alt=\"\" \/><em>V\u00edtimas ca\u00edram de um andaime &#8211; Foto: Eug\u00eanio Oliveira \/ WhatsApp<\/em><br \/>\n<\/br><\/p>\n<p>(G1 Grande Minas)<\/p>\n","protected":false},"excerpt":{"rendered":"<p>Um homem morreu e outro ficou ferido na manh\u00e3 desta sexta-feira (4\/3) ap\u00f3s ca\u00edrem de um andaime em Jana\u00faba, Norte de Minas. Os homens trabalhavam na \u00e1rea externa da constru\u00e7\u00e3o de um pr\u00e9dio na Avenida Brasil, quando o andaime cedeu de uma altura de aproximadamente 15 metros. Segundo o Corpo de Bombeiros, a arma\u00e7\u00e3o era [&hellip;]<\/p>\n","protected":false},"author":1,"featured_media":80842,"comment_status":"open","ping_status":"closed","sticky":false,"template":"","format":"standard","meta":{"amp_status":"","footnotes":""},"categories":[1236],"tags":[81031,81033,204,81034,81032,81035,81030],"class_list":["post-80840","post","type-post","status-publish","format-standard","has-post-thumbnail","hentry","category-norte_de_minas","tag-acidente-com-andaime-em-janauba","tag-acidente-em-construcao-em-janauba","tag-janauba","tag-marcelo-goncalves-dos-reis","tag-morte-em-construcao-em-janauba","tag-paulo-sales-de-souza","tag-uma-pessoa-morre-e-outra-fica-ferida-apos-andaime-cair-em-janauba"],"_links":{"self":[{"href":"https:\/\/aconteceunovale.com.br\/portal\/index.php?rest_route=\/wp\/v2\/posts\/80840","targetHints":{"allow":["GET"]}}],"collection":[{"href":"https:\/\/aconteceunovale.com.br\/portal\/index.php?rest_route=\/wp\/v2\/posts"}],"about":[{"href":"https:\/\/aconteceunovale.com.br\/portal\/index.php?rest_route=\/wp\/v2\/types\/post"}],"author":[{"embeddable":true,"href":"https:\/\/aconteceunovale.com.br\/portal\/index.php?rest_route=\/wp\/v2\/users\/1"}],"replies":[{"embeddable":true,"href":"https:\/\/aconteceunovale.com.br\/portal\/index.php?rest_route=%2Fwp%2Fv2%2Fcomments&post=80840"}],"version-history":[{"count":0,"href":"https:\/\/aconteceunovale.com.br\/portal\/index.php?rest_route=\/wp\/v2\/posts\/80840\/revisions"}],"wp:featuredmedia":[{"embeddable":true,"href":"https:\/\/aconteceunovale.com.br\/portal\/index.php?rest_route=\/wp\/v2\/media\/80842"}],"wp:attachment":[{"href":"https:\/\/aconteceunovale.com.br\/portal\/index.php?rest_route=%2Fwp%2Fv2%2Fmedia&parent=80840"}],"wp:term":[{"taxonomy":"category","embeddable":true,"href":"https:\/\/aconteceunovale.com.br\/portal\/index.php?rest_route=%2Fwp%2Fv2%2Fcategories&post=80840"},{"taxonomy":"post_tag","embeddable":true,"href":"https:\/\/aconteceunovale.com.br\/portal\/index.php?rest_route=%2Fwp%2Fv2%2Ftags&post=80840"}],"curies":[{"name":"wp","href":"https:\/\/api.w.org\/{rel}","templated":true}]}}