{"id":80838,"date":"2016-03-04T23:17:43","date_gmt":"2016-03-05T02:17:43","guid":{"rendered":"http:\/\/aconteceunovale.com.br\/portal\/?p=80838"},"modified":"2016-03-04T23:17:43","modified_gmt":"2016-03-05T02:17:43","slug":"tribunal-federal-anula-doacao-dos-equipamentos-ao-hospital-da-unimontes","status":"publish","type":"post","link":"https:\/\/aconteceunovale.com.br\/portal\/?p=80838","title":{"rendered":"Tribunal Federal anula doa\u00e7\u00e3o dos equipamentos ao hospital da Unimontes"},"content":{"rendered":"<p>O Tribunal Regional Federal da Primeira Regi\u00e3o de Bras\u00edlia anulou a decis\u00e3o da Receita Federal que doava os equipamentos apreendidos da Associa\u00e7\u00e3o Mantenedora de Estabelecimentos Escolares Promo\u00e7\u00e3o e A\u00e7\u00e3o Social \u2013 Amas Brasil. A liminar foi divulgada na noite desta sexta-feira (4\/3).<\/p>\n<p>Os bens, avaliados em R$ 9 milh\u00f5es, foram comprados de uma empresa alem\u00e3, mas foram apreendidos quando chegaram ao Porto de Santos (SP), no fim de 2014. Em Janeiro deste ano, a Receita Federal divulgou que os equipamentos seriam doados \u00e0 Unimontes. Os equipamentos chegaram em Montes Claros na sexta-feira (26\/2) e foram entregues no Hospital Universit\u00e1rio Clemente de Faria.<\/p>\n<p>Na decis\u00e3o, a desembargadora \u00c2ngela Cat\u00e3o diz que seja \u201cdesfeita qualquer incorpora\u00e7\u00e3o que tenha sido feita ou devesse ser feita, uma vez que anulada a doa\u00e7\u00e3o n\u00e3o h\u00e1 qualquer direito da Universidade Estadual de Montes Claros (Unimontes) aos bens\u201d.<\/p>\n<p>O Minist\u00e9rio P\u00fablico Federal alega que a decis\u00e3o n\u00e3o revoga a doa\u00e7\u00e3o, mas apenas impede o uso dos equipamentos enquanto ocorre o processo na Justi\u00e7a. O MPF diz ainda que a mesma desembargadora, \u00c2ngela Cat\u00e3o, indeferiu o pedido da AMAS Brasil para que os equipamentos ficassem guardados no Hospital das Cl\u00ednicas M\u00e1rio Ribeiro.<\/p>\n<p><img decoding=\"async\" src=\"http:\/\/aconteceunovale.com.br\/portal\/wp-content\/uploads\/2015\/04\/hospital_unimontes.jpg\" alt=\"\" \/><em>Hospital Universit\u00e1rio Clemente de Faria \u2013 Foto: Divulga\u00e7\u00e3o<\/em><br \/>\n<\/br><\/p>\n<p>(G1 Grande Minas)<\/p>\n","protected":false},"excerpt":{"rendered":"<p>O Tribunal Regional Federal da Primeira Regi\u00e3o de Bras\u00edlia anulou a decis\u00e3o da Receita Federal que doava os equipamentos apreendidos da Associa\u00e7\u00e3o Mantenedora de Estabelecimentos Escolares Promo\u00e7\u00e3o e A\u00e7\u00e3o Social \u2013 Amas Brasil. A liminar foi divulgada na noite desta sexta-feira (4\/3). Os bens, avaliados em R$ 9 milh\u00f5es, foram comprados de uma empresa alem\u00e3, [&hellip;]<\/p>\n","protected":false},"author":1,"featured_media":58013,"comment_status":"open","ping_status":"closed","sticky":false,"template":"","format":"standard","meta":{"amp_status":"","footnotes":""},"categories":[1236],"tags":[28001,79562,79561,79565,79563,79564,42698,210,17599,1464,4616,69509,81029,763,18174],"class_list":["post-80838","post","type-post","status-publish","format-standard","has-post-thumbnail","hentry","category-norte_de_minas","tag-gilmar-silva","tag-hospital-mario-ribeiro","tag-hospital-universitario-clemente-faria","tag-hospital-universitario-clemente-faria-recebe-equipamentos-apreendidos-pela-receita-federal","tag-hospital-universitario-de-montes-claros","tag-hospital-universitario-de-montes-claros-recebe-equipamentos-apreendidos-pela-receita-federal","tag-hucf","tag-montes-claros","tag-raquel-muniz","tag-receita-federal","tag-ruy-muniz","tag-soebras","tag-tribunal-federal-anula-doacao-dos-equipamentos-ao-hospital-da-unimontes","tag-unimontes","tag-universidade-estadual-de-montes-claros"],"yoast_head":"<!-- This site is optimized with the Yoast SEO plugin v28.3 - https:\/\/yoast.com\/product\/yoast-seo-wordpress\/ -->\n<title>Tribunal Federal anula doa\u00e7\u00e3o dos equipamentos ao hospital da Unimontes - Aconteceu no Vale<\/title>\n<meta name=\"robots\" content=\"index, follow, max-snippet:-1, max-image-preview:large, max-video-preview:-1\" \/>\n<link rel=\"canonical\" href=\"https:\/\/aconteceunovale.com.br\/portal\/?p=80838\" \/>\n<meta property=\"og:locale\" content=\"pt_BR\" \/>\n<meta property=\"og:type\" content=\"article\" \/>\n<meta property=\"og:title\" content=\"Tribunal Federal anula doa\u00e7\u00e3o dos equipamentos ao hospital da Unimontes - Aconteceu no Vale\" \/>\n<meta property=\"og:description\" content=\"O Tribunal Regional Federal da Primeira Regi\u00e3o de Bras\u00edlia anulou a decis\u00e3o da Receita Federal que doava os equipamentos apreendidos da Associa\u00e7\u00e3o Mantenedora de Estabelecimentos Escolares Promo\u00e7\u00e3o e A\u00e7\u00e3o Social \u2013 Amas Brasil. A liminar foi divulgada na noite desta sexta-feira (4\/3). Os bens, avaliados em R$ 9 milh\u00f5es, foram comprados de uma empresa alem\u00e3, [&hellip;]\" \/>\n<meta property=\"og:url\" content=\"https:\/\/aconteceunovale.com.br\/portal\/?p=80838\" \/>\n<meta property=\"og:site_name\" content=\"Aconteceu no Vale\" \/>\n<meta property=\"article:publisher\" content=\"https:\/\/www.facebook.com\/aconteceunovale\/\" \/>\n<meta property=\"article:published_time\" content=\"2016-03-05T02:17:43+00:00\" \/>\n<meta property=\"og:image\" content=\"https:\/\/aconteceunovale.com.br\/portal\/wp-content\/uploads\/2015\/04\/hospital_unimontes.jpg\" \/>\n\t<meta property=\"og:image:width\" content=\"678\" \/>\n\t<meta property=\"og:image:height\" content=\"431\" \/>\n\t<meta property=\"og:image:type\" content=\"image\/jpeg\" \/>\n<meta name=\"author\" content=\"Aconteceu no Vale\" \/>\n<meta name=\"twitter:card\" content=\"summary_large_image\" \/>\n<meta name=\"twitter:creator\" content=\"@noticiadosvales\" \/>\n<meta name=\"twitter:site\" content=\"@noticiadosvales\" \/>\n<meta name=\"twitter:label1\" content=\"Escrito por\" \/>\n\t<meta name=\"twitter:data1\" content=\"Aconteceu no Vale\" \/>\n\t<meta name=\"twitter:label2\" content=\"Est. tempo de leitura\" \/>\n\t<meta name=\"twitter:data2\" content=\"1 minuto\" \/>\n<script type=\"application\/ld+json\" class=\"yoast-schema-graph\">{\"@context\":\"https:\\\/\\\/schema.org\",\"@graph\":[{\"@type\":\"Article\",\"@id\":\"https:\\\/\\\/aconteceunovale.com.br\\\/portal\\\/?p=80838#article\",\"isPartOf\":{\"@id\":\"https:\\\/\\\/aconteceunovale.com.br\\\/portal\\\/?p=80838\"},\"author\":{\"name\":\"Aconteceu no Vale\",\"@id\":\"https:\\\/\\\/aconteceunovale.com.br\\\/portal\\\/#\\\/schema\\\/person\\\/633529146f2c94272bef50ac2953d589\"},\"headline\":\"Tribunal Federal anula doa\u00e7\u00e3o dos equipamentos ao hospital da Unimontes\",\"datePublished\":\"2016-03-05T02:17:43+00:00\",\"mainEntityOfPage\":{\"@id\":\"https:\\\/\\\/aconteceunovale.com.br\\\/portal\\\/?p=80838\"},\"wordCount\":233,\"commentCount\":0,\"image\":{\"@id\":\"https:\\\/\\\/aconteceunovale.com.br\\\/portal\\\/?p=80838#primaryimage\"},\"thumbnailUrl\":\"https:\\\/\\\/aconteceunovale.com.br\\\/portal\\\/wp-content\\\/uploads\\\/2015\\\/04\\\/hospital_unimontes.jpg\",\"keywords\":[\"Gilmar Silva\",\"Hospital M\u00e1rio Ribeiro\",\"Hospital Universit\u00e1rio Clemente Faria\",\"Hospital Universit\u00e1rio Clemente Faria recebe equipamentos apreendidos pela Receita Federal\",\"Hospital Universit\u00e1rio de Montes Claros\",\"Hospital Universit\u00e1rio de Montes Claros recebe equipamentos apreendidos pela Receita Federal\",\"HUCF\",\"Montes Claros\",\"Raquel Muniz\",\"receita federal\",\"Ruy Muniz\",\"Soebras\",\"Tribunal Federal anula doa\u00e7\u00e3o dos equipamentos ao hospital da Unimontes\",\"Unimontes\",\"Universidade Estadual de Montes Claros\"],\"articleSection\":[\"Norte de Minas\"],\"inLanguage\":\"pt-BR\",\"potentialAction\":[{\"@type\":\"CommentAction\",\"name\":\"Comment\",\"target\":[\"https:\\\/\\\/aconteceunovale.com.br\\\/portal\\\/?p=80838#respond\"]}]},{\"@type\":\"WebPage\",\"@id\":\"https:\\\/\\\/aconteceunovale.com.br\\\/portal\\\/?p=80838\",\"url\":\"https:\\\/\\\/aconteceunovale.com.br\\\/portal\\\/?p=80838\",\"name\":\"Tribunal Federal anula doa\u00e7\u00e3o dos equipamentos ao hospital da Unimontes - Aconteceu no Vale\",\"isPartOf\":{\"@id\":\"https:\\\/\\\/aconteceunovale.com.br\\\/portal\\\/#website\"},\"primaryImageOfPage\":{\"@id\":\"https:\\\/\\\/aconteceunovale.com.br\\\/portal\\\/?p=80838#primaryimage\"},\"image\":{\"@id\":\"https:\\\/\\\/aconteceunovale.com.br\\\/portal\\\/?p=80838#primaryimage\"},\"thumbnailUrl\":\"https:\\\/\\\/aconteceunovale.com.br\\\/portal\\\/wp-content\\\/uploads\\\/2015\\\/04\\\/hospital_unimontes.jpg\",\"datePublished\":\"2016-03-05T02:17:43+00:00\",\"author\":{\"@id\":\"https:\\\/\\\/aconteceunovale.com.br\\\/portal\\\/#\\\/schema\\\/person\\\/633529146f2c94272bef50ac2953d589\"},\"breadcrumb\":{\"@id\":\"https:\\\/\\\/aconteceunovale.com.br\\\/portal\\\/?p=80838#breadcrumb\"},\"inLanguage\":\"pt-BR\",\"potentialAction\":[{\"@type\":\"ReadAction\",\"target\":[\"https:\\\/\\\/aconteceunovale.com.br\\\/portal\\\/?p=80838\"]}]},{\"@type\":\"ImageObject\",\"inLanguage\":\"pt-BR\",\"@id\":\"https:\\\/\\\/aconteceunovale.com.br\\\/portal\\\/?p=80838#primaryimage\",\"url\":\"https:\\\/\\\/aconteceunovale.com.br\\\/portal\\\/wp-content\\\/uploads\\\/2015\\\/04\\\/hospital_unimontes.jpg\",\"contentUrl\":\"https:\\\/\\\/aconteceunovale.com.br\\\/portal\\\/wp-content\\\/uploads\\\/2015\\\/04\\\/hospital_unimontes.jpg\",\"width\":678,\"height\":431},{\"@type\":\"BreadcrumbList\",\"@id\":\"https:\\\/\\\/aconteceunovale.com.br\\\/portal\\\/?p=80838#breadcrumb\",\"itemListElement\":[{\"@type\":\"ListItem\",\"position\":1,\"name\":\"In\u00edcio\",\"item\":\"https:\\\/\\\/aconteceunovale.com.br\\\/portal\\\/\"},{\"@type\":\"ListItem\",\"position\":2,\"name\":\"Tribunal Federal anula doa\u00e7\u00e3o dos equipamentos ao hospital da Unimontes\"}]},{\"@type\":\"WebSite\",\"@id\":\"https:\\\/\\\/aconteceunovale.com.br\\\/portal\\\/#website\",\"url\":\"https:\\\/\\\/aconteceunovale.com.br\\\/portal\\\/\",\"name\":\"Aconteceu no Vale\",\"description\":\"Portal de Not\u00edcias\",\"potentialAction\":[{\"@type\":\"SearchAction\",\"target\":{\"@type\":\"EntryPoint\",\"urlTemplate\":\"https:\\\/\\\/aconteceunovale.com.br\\\/portal\\\/?s={search_term_string}\"},\"query-input\":{\"@type\":\"PropertyValueSpecification\",\"valueRequired\":true,\"valueName\":\"search_term_string\"}}],\"inLanguage\":\"pt-BR\"},{\"@type\":\"Person\",\"@id\":\"https:\\\/\\\/aconteceunovale.com.br\\\/portal\\\/#\\\/schema\\\/person\\\/633529146f2c94272bef50ac2953d589\",\"name\":\"Aconteceu no Vale\",\"description\":\"Equipe de reportagem do Aconteceu no Vale, portal de not\u00edcias do Vale do Jequitinhonha, em Minas Gerais. Cobrimos as 51 cidades do Vale desde 2013. Sugest\u00f5es de pauta e pedidos de corre\u00e7\u00e3o: contato@aconteceunovale.com.br\",\"sameAs\":[\"http:\\\/\\\/www.aconteceunovale.com.br\"],\"url\":\"https:\\\/\\\/aconteceunovale.com.br\\\/portal\\\/?author=1\"}]}<\/script>\n<!-- \/ Yoast SEO plugin. -->","yoast_head_json":{"title":"Tribunal Federal anula doa\u00e7\u00e3o dos equipamentos ao hospital da Unimontes - Aconteceu no Vale","robots":{"index":"index","follow":"follow","max-snippet":"max-snippet:-1","max-image-preview":"max-image-preview:large","max-video-preview":"max-video-preview:-1"},"canonical":"https:\/\/aconteceunovale.com.br\/portal\/?p=80838","og_locale":"pt_BR","og_type":"article","og_title":"Tribunal Federal anula doa\u00e7\u00e3o dos equipamentos ao hospital da Unimontes - Aconteceu no Vale","og_description":"O Tribunal Regional Federal da Primeira Regi\u00e3o de Bras\u00edlia anulou a decis\u00e3o da Receita Federal que doava os equipamentos apreendidos da Associa\u00e7\u00e3o Mantenedora de Estabelecimentos Escolares Promo\u00e7\u00e3o e A\u00e7\u00e3o Social \u2013 Amas Brasil. A liminar foi divulgada na noite desta sexta-feira (4\/3). Os bens, avaliados em R$ 9 milh\u00f5es, foram comprados de uma empresa alem\u00e3, [&hellip;]","og_url":"https:\/\/aconteceunovale.com.br\/portal\/?p=80838","og_site_name":"Aconteceu no Vale","article_publisher":"https:\/\/www.facebook.com\/aconteceunovale\/","article_published_time":"2016-03-05T02:17:43+00:00","og_image":[{"width":678,"height":431,"url":"https:\/\/aconteceunovale.com.br\/portal\/wp-content\/uploads\/2015\/04\/hospital_unimontes.jpg","type":"image\/jpeg"}],"author":"Aconteceu no Vale","twitter_card":"summary_large_image","twitter_creator":"@noticiadosvales","twitter_site":"@noticiadosvales","twitter_misc":{"Escrito por":"Aconteceu no Vale","Est. tempo de leitura":"1 minuto"},"schema":{"@context":"https:\/\/schema.org","@graph":[{"@type":"Article","@id":"https:\/\/aconteceunovale.com.br\/portal\/?p=80838#article","isPartOf":{"@id":"https:\/\/aconteceunovale.com.br\/portal\/?p=80838"},"author":{"name":"Aconteceu no Vale","@id":"https:\/\/aconteceunovale.com.br\/portal\/#\/schema\/person\/633529146f2c94272bef50ac2953d589"},"headline":"Tribunal Federal anula doa\u00e7\u00e3o dos equipamentos ao hospital da Unimontes","datePublished":"2016-03-05T02:17:43+00:00","mainEntityOfPage":{"@id":"https:\/\/aconteceunovale.com.br\/portal\/?p=80838"},"wordCount":233,"commentCount":0,"image":{"@id":"https:\/\/aconteceunovale.com.br\/portal\/?p=80838#primaryimage"},"thumbnailUrl":"https:\/\/aconteceunovale.com.br\/portal\/wp-content\/uploads\/2015\/04\/hospital_unimontes.jpg","keywords":["Gilmar Silva","Hospital M\u00e1rio Ribeiro","Hospital Universit\u00e1rio Clemente Faria","Hospital Universit\u00e1rio Clemente Faria recebe equipamentos apreendidos pela Receita Federal","Hospital Universit\u00e1rio de Montes Claros","Hospital Universit\u00e1rio de Montes Claros recebe equipamentos apreendidos pela Receita Federal","HUCF","Montes Claros","Raquel Muniz","receita federal","Ruy Muniz","Soebras","Tribunal Federal anula doa\u00e7\u00e3o dos equipamentos ao hospital da Unimontes","Unimontes","Universidade Estadual de Montes Claros"],"articleSection":["Norte de Minas"],"inLanguage":"pt-BR","potentialAction":[{"@type":"CommentAction","name":"Comment","target":["https:\/\/aconteceunovale.com.br\/portal\/?p=80838#respond"]}]},{"@type":"WebPage","@id":"https:\/\/aconteceunovale.com.br\/portal\/?p=80838","url":"https:\/\/aconteceunovale.com.br\/portal\/?p=80838","name":"Tribunal Federal anula doa\u00e7\u00e3o dos equipamentos ao hospital da Unimontes - Aconteceu no Vale","isPartOf":{"@id":"https:\/\/aconteceunovale.com.br\/portal\/#website"},"primaryImageOfPage":{"@id":"https:\/\/aconteceunovale.com.br\/portal\/?p=80838#primaryimage"},"image":{"@id":"https:\/\/aconteceunovale.com.br\/portal\/?p=80838#primaryimage"},"thumbnailUrl":"https:\/\/aconteceunovale.com.br\/portal\/wp-content\/uploads\/2015\/04\/hospital_unimontes.jpg","datePublished":"2016-03-05T02:17:43+00:00","author":{"@id":"https:\/\/aconteceunovale.com.br\/portal\/#\/schema\/person\/633529146f2c94272bef50ac2953d589"},"breadcrumb":{"@id":"https:\/\/aconteceunovale.com.br\/portal\/?p=80838#breadcrumb"},"inLanguage":"pt-BR","potentialAction":[{"@type":"ReadAction","target":["https:\/\/aconteceunovale.com.br\/portal\/?p=80838"]}]},{"@type":"ImageObject","inLanguage":"pt-BR","@id":"https:\/\/aconteceunovale.com.br\/portal\/?p=80838#primaryimage","url":"https:\/\/aconteceunovale.com.br\/portal\/wp-content\/uploads\/2015\/04\/hospital_unimontes.jpg","contentUrl":"https:\/\/aconteceunovale.com.br\/portal\/wp-content\/uploads\/2015\/04\/hospital_unimontes.jpg","width":678,"height":431},{"@type":"BreadcrumbList","@id":"https:\/\/aconteceunovale.com.br\/portal\/?p=80838#breadcrumb","itemListElement":[{"@type":"ListItem","position":1,"name":"In\u00edcio","item":"https:\/\/aconteceunovale.com.br\/portal\/"},{"@type":"ListItem","position":2,"name":"Tribunal Federal anula doa\u00e7\u00e3o dos equipamentos ao hospital da Unimontes"}]},{"@type":"WebSite","@id":"https:\/\/aconteceunovale.com.br\/portal\/#website","url":"https:\/\/aconteceunovale.com.br\/portal\/","name":"Aconteceu no Vale","description":"Portal de Not\u00edcias","potentialAction":[{"@type":"SearchAction","target":{"@type":"EntryPoint","urlTemplate":"https:\/\/aconteceunovale.com.br\/portal\/?s={search_term_string}"},"query-input":{"@type":"PropertyValueSpecification","valueRequired":true,"valueName":"search_term_string"}}],"inLanguage":"pt-BR"},{"@type":"Person","@id":"https:\/\/aconteceunovale.com.br\/portal\/#\/schema\/person\/633529146f2c94272bef50ac2953d589","name":"Aconteceu no Vale","description":"Equipe de reportagem do Aconteceu no Vale, portal de not\u00edcias do Vale do Jequitinhonha, em Minas Gerais. Cobrimos as 51 cidades do Vale desde 2013. Sugest\u00f5es de pauta e pedidos de corre\u00e7\u00e3o: contato@aconteceunovale.com.br","sameAs":["http:\/\/www.aconteceunovale.com.br"],"url":"https:\/\/aconteceunovale.com.br\/portal\/?author=1"}]}},"_links":{"self":[{"href":"https:\/\/aconteceunovale.com.br\/portal\/index.php?rest_route=\/wp\/v2\/posts\/80838","targetHints":{"allow":["GET"]}}],"collection":[{"href":"https:\/\/aconteceunovale.com.br\/portal\/index.php?rest_route=\/wp\/v2\/posts"}],"about":[{"href":"https:\/\/aconteceunovale.com.br\/portal\/index.php?rest_route=\/wp\/v2\/types\/post"}],"author":[{"embeddable":true,"href":"https:\/\/aconteceunovale.com.br\/portal\/index.php?rest_route=\/wp\/v2\/users\/1"}],"replies":[{"embeddable":true,"href":"https:\/\/aconteceunovale.com.br\/portal\/index.php?rest_route=%2Fwp%2Fv2%2Fcomments&post=80838"}],"version-history":[{"count":0,"href":"https:\/\/aconteceunovale.com.br\/portal\/index.php?rest_route=\/wp\/v2\/posts\/80838\/revisions"}],"wp:featuredmedia":[{"embeddable":true,"href":"https:\/\/aconteceunovale.com.br\/portal\/index.php?rest_route=\/wp\/v2\/media\/58013"}],"wp:attachment":[{"href":"https:\/\/aconteceunovale.com.br\/portal\/index.php?rest_route=%2Fwp%2Fv2%2Fmedia&parent=80838"}],"wp:term":[{"taxonomy":"category","embeddable":true,"href":"https:\/\/aconteceunovale.com.br\/portal\/index.php?rest_route=%2Fwp%2Fv2%2Fcategories&post=80838"},{"taxonomy":"post_tag","embeddable":true,"href":"https:\/\/aconteceunovale.com.br\/portal\/index.php?rest_route=%2Fwp%2Fv2%2Ftags&post=80838"}],"curies":[{"name":"wp","href":"https:\/\/api.w.org\/{rel}","templated":true}]}}