{"id":80836,"date":"2016-03-04T23:08:45","date_gmt":"2016-03-05T02:08:45","guid":{"rendered":"http:\/\/aconteceunovale.com.br\/portal\/?p=80836"},"modified":"2016-03-04T23:08:45","modified_gmt":"2016-03-05T02:08:45","slug":"policia-confirma-compatibilidade-entre-cabeca-e-corpo-encontrados-em-bairros-diferentes-de-valadares","status":"publish","type":"post","link":"https:\/\/aconteceunovale.com.br\/portal\/?p=80836","title":{"rendered":"Pol\u00edcia confirma compatibilidade entre cabe\u00e7a e corpo encontrados em bairros diferentes de Valadares"},"content":{"rendered":"<p>A Pol\u00edcia Civil de Governador Valadares confirmou na tarde desta sexta-feira (4\/3) que o corpo decapitado encontrado nesta quinta-feira (3\/3) apresenta compatibilidade com a cabe\u00e7a encontrada no dia anterior. A confirma\u00e7\u00e3o definitiva ser\u00e1 feita por meio exame de DNA entre as duas partes, mas j\u00e1 se sabe que \u00e9 de um homem.<\/p>\n<p>A cabe\u00e7a e o corpo foram encontrados em dias e bairros diferentes, mas ambos estavam em avan\u00e7ado estado de decomposi\u00e7\u00e3o. Primeiro foi encontrada a cabe\u00e7a na garagem de uma casa, no Bairro Santa Teresinha. No dia seguinte, uma den\u00fancia an\u00f4nima indicou a localiza\u00e7\u00e3o de um corpo sem cabe\u00e7a em um lote vago, conhecido por ser um ponto de prostitui\u00e7\u00e3o.<\/p>\n<p>Inicialmente, o corpo estava de barriga para baixo, mas ap\u00f3s a per\u00edcia foi identificado que a v\u00edtima \u00e9 do sexo masculino. A Pol\u00edcia Civil ainda n\u00e3o tem a identifica\u00e7\u00e3o da v\u00edtima. <\/p>\n<p><img decoding=\"async\" src=\"http:\/\/aconteceunovale.com.br\/portal\/wp-content\/uploads\/2016\/03\/cabeca_gv.jpg\" alt=\"\" \/><em>Cad\u00e1ver estava em uma casa do bairro Santa Terezinha &#8211; Foto: Bruno Rodrigues \/ GV Alerta<\/em><br \/>\n<\/br><\/p>\n<p>(G1 dos Vales)<\/p>\n","protected":false},"excerpt":{"rendered":"<p>A Pol\u00edcia Civil de Governador Valadares confirmou na tarde desta sexta-feira (4\/3) que o corpo decapitado encontrado nesta quinta-feira (3\/3) apresenta compatibilidade com a cabe\u00e7a encontrada no dia anterior. A confirma\u00e7\u00e3o definitiva ser\u00e1 feita por meio exame de DNA entre as duas partes, mas j\u00e1 se sabe que \u00e9 de um homem. A cabe\u00e7a e [&hellip;]<\/p>\n","protected":false},"author":1,"featured_media":80622,"comment_status":"open","ping_status":"closed","sticky":false,"template":"","format":"standard","meta":{"amp_status":"","footnotes":""},"categories":[121],"tags":[75618,80553,80554,80552,80555,77844,247,21862,81028,81027,81026,80558],"class_list":["post-80836","post","type-post","status-publish","format-standard","has-post-thumbnail","hentry","category-leste","tag-assassinato-governador-valadares","tag-cabeca-encontrada-em-governador-valadares","tag-cabeca-governador-valadares","tag-cabeca-humana-e-encontrada-dentro-de-residencia-em-governador-valadares","tag-cabeca-humana-e-encontrada-na-garagem-de-residencia-em-governador-valadares","tag-corpo-encontrado-em-governador-valadares","tag-governador-valadares","tag-homicidio-governador-valadares","tag-policia-confirma-compatibilidade-entre-cabeca-e-corpo-encontrados-em-bairros-diferentes-de-valadares","tag-policia-confirma-compatibilidade-entre-cabeca-e-corpo-encontrados-em-pontos-diferentes-de-governador-valadares","tag-policia-confirma-compatibilidade-entre-cabeca-e-corpo-encontrados-em-pontos-diferentes-de-valadares","tag-violencia-governador-valadares"],"yoast_head":"<!-- This site is optimized with the Yoast SEO plugin v28.3 - https:\/\/yoast.com\/product\/yoast-seo-wordpress\/ -->\n<title>Pol\u00edcia confirma compatibilidade entre cabe\u00e7a e corpo encontrados em bairros diferentes de Valadares - Aconteceu no Vale<\/title>\n<meta name=\"robots\" content=\"index, follow, max-snippet:-1, max-image-preview:large, max-video-preview:-1\" \/>\n<link rel=\"canonical\" href=\"https:\/\/aconteceunovale.com.br\/portal\/?p=80836\" \/>\n<meta property=\"og:locale\" content=\"pt_BR\" \/>\n<meta property=\"og:type\" content=\"article\" \/>\n<meta property=\"og:title\" content=\"Pol\u00edcia confirma compatibilidade entre cabe\u00e7a e corpo encontrados em bairros diferentes de Valadares - Aconteceu no Vale\" \/>\n<meta property=\"og:description\" content=\"A Pol\u00edcia Civil de Governador Valadares confirmou na tarde desta sexta-feira (4\/3) que o corpo decapitado encontrado nesta quinta-feira (3\/3) apresenta compatibilidade com a cabe\u00e7a encontrada no dia anterior. A confirma\u00e7\u00e3o definitiva ser\u00e1 feita por meio exame de DNA entre as duas partes, mas j\u00e1 se sabe que \u00e9 de um homem. A cabe\u00e7a e [&hellip;]\" \/>\n<meta property=\"og:url\" content=\"https:\/\/aconteceunovale.com.br\/portal\/?p=80836\" \/>\n<meta property=\"og:site_name\" content=\"Aconteceu no Vale\" \/>\n<meta property=\"article:publisher\" content=\"https:\/\/www.facebook.com\/aconteceunovale\/\" \/>\n<meta property=\"article:published_time\" content=\"2016-03-05T02:08:45+00:00\" \/>\n<meta property=\"og:image\" content=\"https:\/\/aconteceunovale.com.br\/portal\/wp-content\/uploads\/2016\/03\/cabeca_gv.jpg\" \/>\n\t<meta property=\"og:image:width\" content=\"678\" \/>\n\t<meta property=\"og:image:height\" content=\"381\" \/>\n\t<meta property=\"og:image:type\" content=\"image\/jpeg\" \/>\n<meta name=\"author\" content=\"Aconteceu no Vale\" \/>\n<meta name=\"twitter:card\" content=\"summary_large_image\" \/>\n<meta name=\"twitter:creator\" content=\"@noticiadosvales\" \/>\n<meta name=\"twitter:site\" content=\"@noticiadosvales\" \/>\n<meta name=\"twitter:label1\" content=\"Escrito por\" \/>\n\t<meta name=\"twitter:data1\" content=\"Aconteceu no Vale\" \/>\n\t<meta name=\"twitter:label2\" content=\"Est. tempo de leitura\" \/>\n\t<meta name=\"twitter:data2\" content=\"1 minuto\" \/>\n<script type=\"application\/ld+json\" class=\"yoast-schema-graph\">{\"@context\":\"https:\\\/\\\/schema.org\",\"@graph\":[{\"@type\":\"Article\",\"@id\":\"https:\\\/\\\/aconteceunovale.com.br\\\/portal\\\/?p=80836#article\",\"isPartOf\":{\"@id\":\"https:\\\/\\\/aconteceunovale.com.br\\\/portal\\\/?p=80836\"},\"author\":{\"name\":\"Aconteceu no Vale\",\"@id\":\"https:\\\/\\\/aconteceunovale.com.br\\\/portal\\\/#\\\/schema\\\/person\\\/633529146f2c94272bef50ac2953d589\"},\"headline\":\"Pol\u00edcia confirma compatibilidade entre cabe\u00e7a e corpo encontrados em bairros diferentes de Valadares\",\"datePublished\":\"2016-03-05T02:08:45+00:00\",\"mainEntityOfPage\":{\"@id\":\"https:\\\/\\\/aconteceunovale.com.br\\\/portal\\\/?p=80836\"},\"wordCount\":191,\"commentCount\":0,\"image\":{\"@id\":\"https:\\\/\\\/aconteceunovale.com.br\\\/portal\\\/?p=80836#primaryimage\"},\"thumbnailUrl\":\"https:\\\/\\\/aconteceunovale.com.br\\\/portal\\\/wp-content\\\/uploads\\\/2016\\\/03\\\/cabeca_gv.jpg\",\"keywords\":[\"assassinato Governador Valadares\",\"Cabe\u00e7a encontrada em Governador Valadares\",\"Cabe\u00e7a Governador Valadares\",\"Cabe\u00e7a humana \u00e9 encontrada dentro de resid\u00eancia em Governador Valadares\",\"Cabe\u00e7a humana \u00e9 encontrada na garagem de resid\u00eancia em Governador Valadares\",\"corpo encontrado em Governador Valadares\",\"Governador Valadares\",\"homic\u00eddio governador valadares\",\"Pol\u00edcia confirma compatibilidade entre cabe\u00e7a e corpo encontrados em bairros diferentes de Valadares\",\"Pol\u00edcia confirma compatibilidade entre cabe\u00e7a e corpo encontrados em pontos diferentes de Governador Valadares\",\"Pol\u00edcia confirma compatibilidade entre cabe\u00e7a e corpo encontrados em pontos diferentes de Valadares\",\"viol\u00eancia Governador Valadares\"],\"articleSection\":[\"Leste de Minas\"],\"inLanguage\":\"pt-BR\",\"potentialAction\":[{\"@type\":\"CommentAction\",\"name\":\"Comment\",\"target\":[\"https:\\\/\\\/aconteceunovale.com.br\\\/portal\\\/?p=80836#respond\"]}]},{\"@type\":\"WebPage\",\"@id\":\"https:\\\/\\\/aconteceunovale.com.br\\\/portal\\\/?p=80836\",\"url\":\"https:\\\/\\\/aconteceunovale.com.br\\\/portal\\\/?p=80836\",\"name\":\"Pol\u00edcia confirma compatibilidade entre cabe\u00e7a e corpo encontrados em bairros diferentes de Valadares - Aconteceu no Vale\",\"isPartOf\":{\"@id\":\"https:\\\/\\\/aconteceunovale.com.br\\\/portal\\\/#website\"},\"primaryImageOfPage\":{\"@id\":\"https:\\\/\\\/aconteceunovale.com.br\\\/portal\\\/?p=80836#primaryimage\"},\"image\":{\"@id\":\"https:\\\/\\\/aconteceunovale.com.br\\\/portal\\\/?p=80836#primaryimage\"},\"thumbnailUrl\":\"https:\\\/\\\/aconteceunovale.com.br\\\/portal\\\/wp-content\\\/uploads\\\/2016\\\/03\\\/cabeca_gv.jpg\",\"datePublished\":\"2016-03-05T02:08:45+00:00\",\"author\":{\"@id\":\"https:\\\/\\\/aconteceunovale.com.br\\\/portal\\\/#\\\/schema\\\/person\\\/633529146f2c94272bef50ac2953d589\"},\"breadcrumb\":{\"@id\":\"https:\\\/\\\/aconteceunovale.com.br\\\/portal\\\/?p=80836#breadcrumb\"},\"inLanguage\":\"pt-BR\",\"potentialAction\":[{\"@type\":\"ReadAction\",\"target\":[\"https:\\\/\\\/aconteceunovale.com.br\\\/portal\\\/?p=80836\"]}]},{\"@type\":\"ImageObject\",\"inLanguage\":\"pt-BR\",\"@id\":\"https:\\\/\\\/aconteceunovale.com.br\\\/portal\\\/?p=80836#primaryimage\",\"url\":\"https:\\\/\\\/aconteceunovale.com.br\\\/portal\\\/wp-content\\\/uploads\\\/2016\\\/03\\\/cabeca_gv.jpg\",\"contentUrl\":\"https:\\\/\\\/aconteceunovale.com.br\\\/portal\\\/wp-content\\\/uploads\\\/2016\\\/03\\\/cabeca_gv.jpg\",\"width\":678,\"height\":381},{\"@type\":\"BreadcrumbList\",\"@id\":\"https:\\\/\\\/aconteceunovale.com.br\\\/portal\\\/?p=80836#breadcrumb\",\"itemListElement\":[{\"@type\":\"ListItem\",\"position\":1,\"name\":\"In\u00edcio\",\"item\":\"https:\\\/\\\/aconteceunovale.com.br\\\/portal\\\/\"},{\"@type\":\"ListItem\",\"position\":2,\"name\":\"Pol\u00edcia confirma compatibilidade entre cabe\u00e7a e corpo encontrados em bairros diferentes de Valadares\"}]},{\"@type\":\"WebSite\",\"@id\":\"https:\\\/\\\/aconteceunovale.com.br\\\/portal\\\/#website\",\"url\":\"https:\\\/\\\/aconteceunovale.com.br\\\/portal\\\/\",\"name\":\"Aconteceu no Vale\",\"description\":\"Portal de Not\u00edcias\",\"potentialAction\":[{\"@type\":\"SearchAction\",\"target\":{\"@type\":\"EntryPoint\",\"urlTemplate\":\"https:\\\/\\\/aconteceunovale.com.br\\\/portal\\\/?s={search_term_string}\"},\"query-input\":{\"@type\":\"PropertyValueSpecification\",\"valueRequired\":true,\"valueName\":\"search_term_string\"}}],\"inLanguage\":\"pt-BR\"},{\"@type\":\"Person\",\"@id\":\"https:\\\/\\\/aconteceunovale.com.br\\\/portal\\\/#\\\/schema\\\/person\\\/633529146f2c94272bef50ac2953d589\",\"name\":\"Aconteceu no Vale\",\"description\":\"Equipe de reportagem do Aconteceu no Vale, portal de not\u00edcias do Vale do Jequitinhonha, em Minas Gerais. Cobrimos as 51 cidades do Vale desde 2013. Sugest\u00f5es de pauta e pedidos de corre\u00e7\u00e3o: contato@aconteceunovale.com.br\",\"sameAs\":[\"http:\\\/\\\/www.aconteceunovale.com.br\"],\"url\":\"https:\\\/\\\/aconteceunovale.com.br\\\/portal\\\/?author=1\"}]}<\/script>\n<!-- \/ Yoast SEO plugin. -->","yoast_head_json":{"title":"Pol\u00edcia confirma compatibilidade entre cabe\u00e7a e corpo encontrados em bairros diferentes de Valadares - Aconteceu no Vale","robots":{"index":"index","follow":"follow","max-snippet":"max-snippet:-1","max-image-preview":"max-image-preview:large","max-video-preview":"max-video-preview:-1"},"canonical":"https:\/\/aconteceunovale.com.br\/portal\/?p=80836","og_locale":"pt_BR","og_type":"article","og_title":"Pol\u00edcia confirma compatibilidade entre cabe\u00e7a e corpo encontrados em bairros diferentes de Valadares - Aconteceu no Vale","og_description":"A Pol\u00edcia Civil de Governador Valadares confirmou na tarde desta sexta-feira (4\/3) que o corpo decapitado encontrado nesta quinta-feira (3\/3) apresenta compatibilidade com a cabe\u00e7a encontrada no dia anterior. A confirma\u00e7\u00e3o definitiva ser\u00e1 feita por meio exame de DNA entre as duas partes, mas j\u00e1 se sabe que \u00e9 de um homem. A cabe\u00e7a e [&hellip;]","og_url":"https:\/\/aconteceunovale.com.br\/portal\/?p=80836","og_site_name":"Aconteceu no Vale","article_publisher":"https:\/\/www.facebook.com\/aconteceunovale\/","article_published_time":"2016-03-05T02:08:45+00:00","og_image":[{"width":678,"height":381,"url":"https:\/\/aconteceunovale.com.br\/portal\/wp-content\/uploads\/2016\/03\/cabeca_gv.jpg","type":"image\/jpeg"}],"author":"Aconteceu no Vale","twitter_card":"summary_large_image","twitter_creator":"@noticiadosvales","twitter_site":"@noticiadosvales","twitter_misc":{"Escrito por":"Aconteceu no Vale","Est. tempo de leitura":"1 minuto"},"schema":{"@context":"https:\/\/schema.org","@graph":[{"@type":"Article","@id":"https:\/\/aconteceunovale.com.br\/portal\/?p=80836#article","isPartOf":{"@id":"https:\/\/aconteceunovale.com.br\/portal\/?p=80836"},"author":{"name":"Aconteceu no Vale","@id":"https:\/\/aconteceunovale.com.br\/portal\/#\/schema\/person\/633529146f2c94272bef50ac2953d589"},"headline":"Pol\u00edcia confirma compatibilidade entre cabe\u00e7a e corpo encontrados em bairros diferentes de Valadares","datePublished":"2016-03-05T02:08:45+00:00","mainEntityOfPage":{"@id":"https:\/\/aconteceunovale.com.br\/portal\/?p=80836"},"wordCount":191,"commentCount":0,"image":{"@id":"https:\/\/aconteceunovale.com.br\/portal\/?p=80836#primaryimage"},"thumbnailUrl":"https:\/\/aconteceunovale.com.br\/portal\/wp-content\/uploads\/2016\/03\/cabeca_gv.jpg","keywords":["assassinato Governador Valadares","Cabe\u00e7a encontrada em Governador Valadares","Cabe\u00e7a Governador Valadares","Cabe\u00e7a humana \u00e9 encontrada dentro de resid\u00eancia em Governador Valadares","Cabe\u00e7a humana \u00e9 encontrada na garagem de resid\u00eancia em Governador Valadares","corpo encontrado em Governador Valadares","Governador Valadares","homic\u00eddio governador valadares","Pol\u00edcia confirma compatibilidade entre cabe\u00e7a e corpo encontrados em bairros diferentes de Valadares","Pol\u00edcia confirma compatibilidade entre cabe\u00e7a e corpo encontrados em pontos diferentes de Governador Valadares","Pol\u00edcia confirma compatibilidade entre cabe\u00e7a e corpo encontrados em pontos diferentes de Valadares","viol\u00eancia Governador Valadares"],"articleSection":["Leste de Minas"],"inLanguage":"pt-BR","potentialAction":[{"@type":"CommentAction","name":"Comment","target":["https:\/\/aconteceunovale.com.br\/portal\/?p=80836#respond"]}]},{"@type":"WebPage","@id":"https:\/\/aconteceunovale.com.br\/portal\/?p=80836","url":"https:\/\/aconteceunovale.com.br\/portal\/?p=80836","name":"Pol\u00edcia confirma compatibilidade entre cabe\u00e7a e corpo encontrados em bairros diferentes de Valadares - Aconteceu no Vale","isPartOf":{"@id":"https:\/\/aconteceunovale.com.br\/portal\/#website"},"primaryImageOfPage":{"@id":"https:\/\/aconteceunovale.com.br\/portal\/?p=80836#primaryimage"},"image":{"@id":"https:\/\/aconteceunovale.com.br\/portal\/?p=80836#primaryimage"},"thumbnailUrl":"https:\/\/aconteceunovale.com.br\/portal\/wp-content\/uploads\/2016\/03\/cabeca_gv.jpg","datePublished":"2016-03-05T02:08:45+00:00","author":{"@id":"https:\/\/aconteceunovale.com.br\/portal\/#\/schema\/person\/633529146f2c94272bef50ac2953d589"},"breadcrumb":{"@id":"https:\/\/aconteceunovale.com.br\/portal\/?p=80836#breadcrumb"},"inLanguage":"pt-BR","potentialAction":[{"@type":"ReadAction","target":["https:\/\/aconteceunovale.com.br\/portal\/?p=80836"]}]},{"@type":"ImageObject","inLanguage":"pt-BR","@id":"https:\/\/aconteceunovale.com.br\/portal\/?p=80836#primaryimage","url":"https:\/\/aconteceunovale.com.br\/portal\/wp-content\/uploads\/2016\/03\/cabeca_gv.jpg","contentUrl":"https:\/\/aconteceunovale.com.br\/portal\/wp-content\/uploads\/2016\/03\/cabeca_gv.jpg","width":678,"height":381},{"@type":"BreadcrumbList","@id":"https:\/\/aconteceunovale.com.br\/portal\/?p=80836#breadcrumb","itemListElement":[{"@type":"ListItem","position":1,"name":"In\u00edcio","item":"https:\/\/aconteceunovale.com.br\/portal\/"},{"@type":"ListItem","position":2,"name":"Pol\u00edcia confirma compatibilidade entre cabe\u00e7a e corpo encontrados em bairros diferentes de Valadares"}]},{"@type":"WebSite","@id":"https:\/\/aconteceunovale.com.br\/portal\/#website","url":"https:\/\/aconteceunovale.com.br\/portal\/","name":"Aconteceu no Vale","description":"Portal de Not\u00edcias","potentialAction":[{"@type":"SearchAction","target":{"@type":"EntryPoint","urlTemplate":"https:\/\/aconteceunovale.com.br\/portal\/?s={search_term_string}"},"query-input":{"@type":"PropertyValueSpecification","valueRequired":true,"valueName":"search_term_string"}}],"inLanguage":"pt-BR"},{"@type":"Person","@id":"https:\/\/aconteceunovale.com.br\/portal\/#\/schema\/person\/633529146f2c94272bef50ac2953d589","name":"Aconteceu no Vale","description":"Equipe de reportagem do Aconteceu no Vale, portal de not\u00edcias do Vale do Jequitinhonha, em Minas Gerais. Cobrimos as 51 cidades do Vale desde 2013. Sugest\u00f5es de pauta e pedidos de corre\u00e7\u00e3o: contato@aconteceunovale.com.br","sameAs":["http:\/\/www.aconteceunovale.com.br"],"url":"https:\/\/aconteceunovale.com.br\/portal\/?author=1"}]}},"_links":{"self":[{"href":"https:\/\/aconteceunovale.com.br\/portal\/index.php?rest_route=\/wp\/v2\/posts\/80836","targetHints":{"allow":["GET"]}}],"collection":[{"href":"https:\/\/aconteceunovale.com.br\/portal\/index.php?rest_route=\/wp\/v2\/posts"}],"about":[{"href":"https:\/\/aconteceunovale.com.br\/portal\/index.php?rest_route=\/wp\/v2\/types\/post"}],"author":[{"embeddable":true,"href":"https:\/\/aconteceunovale.com.br\/portal\/index.php?rest_route=\/wp\/v2\/users\/1"}],"replies":[{"embeddable":true,"href":"https:\/\/aconteceunovale.com.br\/portal\/index.php?rest_route=%2Fwp%2Fv2%2Fcomments&post=80836"}],"version-history":[{"count":0,"href":"https:\/\/aconteceunovale.com.br\/portal\/index.php?rest_route=\/wp\/v2\/posts\/80836\/revisions"}],"wp:featuredmedia":[{"embeddable":true,"href":"https:\/\/aconteceunovale.com.br\/portal\/index.php?rest_route=\/wp\/v2\/media\/80622"}],"wp:attachment":[{"href":"https:\/\/aconteceunovale.com.br\/portal\/index.php?rest_route=%2Fwp%2Fv2%2Fmedia&parent=80836"}],"wp:term":[{"taxonomy":"category","embeddable":true,"href":"https:\/\/aconteceunovale.com.br\/portal\/index.php?rest_route=%2Fwp%2Fv2%2Fcategories&post=80836"},{"taxonomy":"post_tag","embeddable":true,"href":"https:\/\/aconteceunovale.com.br\/portal\/index.php?rest_route=%2Fwp%2Fv2%2Ftags&post=80836"}],"curies":[{"name":"wp","href":"https:\/\/api.w.org\/{rel}","templated":true}]}}