{"id":80831,"date":"2016-03-04T22:39:50","date_gmt":"2016-03-05T01:39:50","guid":{"rendered":"http:\/\/aconteceunovale.com.br\/portal\/?p=80831"},"modified":"2026-09-02T13:12:27","modified_gmt":"2026-09-02T16:12:27","slug":"sete-pessoas-sao-presas-em-governador-valadares-apos-policia-rastrear-carga-rouba-em-itaobim","status":"publish","type":"post","link":"https:\/\/aconteceunovale.com.br\/portal\/?p=80831","title":{"rendered":"Sete pessoas s\u00e3o presas em Governador Valadares ap\u00f3s pol\u00edcia rastrear carga rouba em Itaobim"},"content":{"rendered":"<p>Seis homens, com idades entre 24 e 55 anos, e uma mulher de 20 anos foram presos na madrugada desta sexta-feira, 4 de mar\u00e7o, em Governador Valadares. Eles s\u00e3o suspeitos de roubarem um caminh\u00e3o que transportava produtos eletr\u00f4nicos. Segundo a Pol\u00edcia Militar Rodovi\u00e1ria (PMR), o ve\u00edculo foi interceptado em Itaobim, no Vale do Jequitinhonha.<\/p>\n<p>A PMR informou que o caminh\u00e3o seguia de Vit\u00f3ria da Conquista (BA) para S\u00e3o Paulo (SP). Os criminosos estavam armados, renderam o motorista e levaram o ve\u00edculo na noite de quinta-feira (03\/03). O rastreador do caminh\u00e3o alertou a pol\u00edcia do desvio da rota do ve\u00edculo, que foi encontrado em um dep\u00f3sito no Bairro Azteca, em Valadares.<\/p>\n<p>Segundo a PMR, os suspeitos estavam tirando a carga do caminh\u00e3o e colocando em outro ve\u00edculo. Eles foram presos por recepta\u00e7\u00e3o e forma\u00e7\u00e3o de quadrilha. O caminh\u00e3o foi apreendido e levado para um p\u00e1tio credenciado pelo DETRAN na cidade. (G1)<\/p>\n","protected":false},"excerpt":{"rendered":"<p>Seis homens, com idades entre 24 e 55 anos, e uma mulher de 20 anos foram presos na madrugada desta sexta-feira, 4 de mar\u00e7o, em Governador Valadares. Eles s\u00e3o suspeitos de roubarem um caminh\u00e3o que transportava produtos eletr\u00f4nicos. Segundo a Pol\u00edcia Militar Rodovi\u00e1ria (PMR), o ve\u00edculo foi interceptado em Itaobim, no Vale do Jequitinhonha. A [&hellip;]<\/p>\n","protected":false},"author":1,"featured_media":74819,"comment_status":"open","ping_status":"closed","sticky":false,"template":"","format":"standard","meta":{"amp_status":"","footnotes":""},"categories":[272550,121],"tags":[81018,81019,81020,81016,81017,247,391,46659,81021,81022,81015,2842],"class_list":["post-80831","post","type-post","status-publish","format-standard","has-post-thumbnail","hentry","category-itaobim","category-leste","tag-carga-de-eletronicos-roubada-em-itaobim","tag-carga-de-eletronicos-roubada-na-br-116-em-itaobim","tag-carga-que-seguia-de-vitoria-da-conquista-para-sao-paulo","tag-carga-roubada-em-itaobim","tag-carga-roubada-na-br-116-em-itaobim","tag-governador-valadares","tag-itaobim","tag-presos-em-governador-valadares","tag-presos-por-receptacao-em-governador-valadares","tag-receptacao-de-carga-roubada-em-governador-valadares","tag-sete-pessoas-sao-presas-em-governador-valadares-apos-policia-rastrear-carga-rouba-em-itaobim","tag-vitoria-da-conquista"],"yoast_head":"<!-- This site is optimized with the Yoast SEO plugin v28.3 - https:\/\/yoast.com\/product\/yoast-seo-wordpress\/ -->\n<title>Sete pessoas s\u00e3o presas em Governador Valadares ap\u00f3s pol\u00edcia rastrear carga rouba em Itaobim - Aconteceu no Vale<\/title>\n<meta name=\"robots\" content=\"index, follow, max-snippet:-1, max-image-preview:large, max-video-preview:-1\" \/>\n<link rel=\"canonical\" href=\"https:\/\/aconteceunovale.com.br\/portal\/?p=80831\" \/>\n<meta property=\"og:locale\" content=\"pt_BR\" \/>\n<meta property=\"og:type\" content=\"article\" \/>\n<meta property=\"og:title\" content=\"Sete pessoas s\u00e3o presas em Governador Valadares ap\u00f3s pol\u00edcia rastrear carga rouba em Itaobim - Aconteceu no Vale\" \/>\n<meta property=\"og:description\" content=\"Seis homens, com idades entre 24 e 55 anos, e uma mulher de 20 anos foram presos na madrugada desta sexta-feira, 4 de mar\u00e7o, em Governador Valadares. Eles s\u00e3o suspeitos de roubarem um caminh\u00e3o que transportava produtos eletr\u00f4nicos. Segundo a Pol\u00edcia Militar Rodovi\u00e1ria (PMR), o ve\u00edculo foi interceptado em Itaobim, no Vale do Jequitinhonha. A [&hellip;]\" \/>\n<meta property=\"og:url\" content=\"https:\/\/aconteceunovale.com.br\/portal\/?p=80831\" \/>\n<meta property=\"og:site_name\" content=\"Aconteceu no Vale\" \/>\n<meta property=\"article:publisher\" content=\"https:\/\/www.facebook.com\/aconteceunovale\/\" \/>\n<meta property=\"article:published_time\" content=\"2016-03-05T01:39:50+00:00\" \/>\n<meta property=\"article:modified_time\" content=\"2026-09-02T16:12:27+00:00\" \/>\n<meta property=\"og:image\" content=\"https:\/\/aconteceunovale.com.br\/portal\/wp-content\/uploads\/2015\/12\/preso_.jpg\" \/>\n\t<meta property=\"og:image:width\" content=\"620\" \/>\n\t<meta property=\"og:image:height\" content=\"378\" \/>\n\t<meta property=\"og:image:type\" content=\"image\/jpeg\" \/>\n<meta name=\"author\" content=\"Aconteceu no Vale\" \/>\n<meta name=\"twitter:card\" content=\"summary_large_image\" \/>\n<meta name=\"twitter:creator\" content=\"@noticiadosvales\" \/>\n<meta name=\"twitter:site\" content=\"@noticiadosvales\" \/>\n<meta name=\"twitter:label1\" content=\"Escrito por\" \/>\n\t<meta name=\"twitter:data1\" content=\"Aconteceu no Vale\" \/>\n\t<meta name=\"twitter:label2\" content=\"Est. tempo de leitura\" \/>\n\t<meta name=\"twitter:data2\" content=\"1 minuto\" \/>\n<script type=\"application\/ld+json\" class=\"yoast-schema-graph\">{\"@context\":\"https:\\\/\\\/schema.org\",\"@graph\":[{\"@type\":\"Article\",\"@id\":\"https:\\\/\\\/aconteceunovale.com.br\\\/portal\\\/?p=80831#article\",\"isPartOf\":{\"@id\":\"https:\\\/\\\/aconteceunovale.com.br\\\/portal\\\/?p=80831\"},\"author\":{\"name\":\"Aconteceu no Vale\",\"@id\":\"https:\\\/\\\/aconteceunovale.com.br\\\/portal\\\/#\\\/schema\\\/person\\\/633529146f2c94272bef50ac2953d589\"},\"headline\":\"Sete pessoas s\u00e3o presas em Governador Valadares ap\u00f3s pol\u00edcia rastrear carga rouba em Itaobim\",\"datePublished\":\"2016-03-05T01:39:50+00:00\",\"dateModified\":\"2026-09-02T16:12:27+00:00\",\"mainEntityOfPage\":{\"@id\":\"https:\\\/\\\/aconteceunovale.com.br\\\/portal\\\/?p=80831\"},\"wordCount\":183,\"commentCount\":1,\"image\":{\"@id\":\"https:\\\/\\\/aconteceunovale.com.br\\\/portal\\\/?p=80831#primaryimage\"},\"thumbnailUrl\":\"https:\\\/\\\/aconteceunovale.com.br\\\/portal\\\/wp-content\\\/uploads\\\/2015\\\/12\\\/preso_.jpg\",\"keywords\":[\"carga de eletr\u00f4nicos roubada em itaobim\",\"carga de eletr\u00f4nicos roubada na br 116 em itaobim\",\"carga que seguia de vit\u00f3ria da conquista para s\u00e3o paulo\",\"Carga roubada em Itaobim\",\"Carga roubada na br 116 em itaobim\",\"Governador Valadares\",\"Itaobim\",\"presos em Governador Valadares\",\"presos por recepta\u00e7\u00e3o em Governador Valadares\",\"recepta\u00e7\u00e3o de carga roubada em Governador Valadares\",\"Sete pessoas s\u00e3o presas em Governador Valadares ap\u00f3s pol\u00edcia rastrear carga rouba em Itaobim\",\"Vit\u00f3ria da Conquista\"],\"articleSection\":[\"Itaobim\",\"Leste de Minas\"],\"inLanguage\":\"pt-BR\",\"potentialAction\":[{\"@type\":\"CommentAction\",\"name\":\"Comment\",\"target\":[\"https:\\\/\\\/aconteceunovale.com.br\\\/portal\\\/?p=80831#respond\"]}]},{\"@type\":\"WebPage\",\"@id\":\"https:\\\/\\\/aconteceunovale.com.br\\\/portal\\\/?p=80831\",\"url\":\"https:\\\/\\\/aconteceunovale.com.br\\\/portal\\\/?p=80831\",\"name\":\"Sete pessoas s\u00e3o presas em Governador Valadares ap\u00f3s pol\u00edcia rastrear carga rouba em Itaobim - Aconteceu no Vale\",\"isPartOf\":{\"@id\":\"https:\\\/\\\/aconteceunovale.com.br\\\/portal\\\/#website\"},\"primaryImageOfPage\":{\"@id\":\"https:\\\/\\\/aconteceunovale.com.br\\\/portal\\\/?p=80831#primaryimage\"},\"image\":{\"@id\":\"https:\\\/\\\/aconteceunovale.com.br\\\/portal\\\/?p=80831#primaryimage\"},\"thumbnailUrl\":\"https:\\\/\\\/aconteceunovale.com.br\\\/portal\\\/wp-content\\\/uploads\\\/2015\\\/12\\\/preso_.jpg\",\"datePublished\":\"2016-03-05T01:39:50+00:00\",\"dateModified\":\"2026-09-02T16:12:27+00:00\",\"author\":{\"@id\":\"https:\\\/\\\/aconteceunovale.com.br\\\/portal\\\/#\\\/schema\\\/person\\\/633529146f2c94272bef50ac2953d589\"},\"breadcrumb\":{\"@id\":\"https:\\\/\\\/aconteceunovale.com.br\\\/portal\\\/?p=80831#breadcrumb\"},\"inLanguage\":\"pt-BR\",\"potentialAction\":[{\"@type\":\"ReadAction\",\"target\":[\"https:\\\/\\\/aconteceunovale.com.br\\\/portal\\\/?p=80831\"]}]},{\"@type\":\"ImageObject\",\"inLanguage\":\"pt-BR\",\"@id\":\"https:\\\/\\\/aconteceunovale.com.br\\\/portal\\\/?p=80831#primaryimage\",\"url\":\"https:\\\/\\\/aconteceunovale.com.br\\\/portal\\\/wp-content\\\/uploads\\\/2015\\\/12\\\/preso_.jpg\",\"contentUrl\":\"https:\\\/\\\/aconteceunovale.com.br\\\/portal\\\/wp-content\\\/uploads\\\/2015\\\/12\\\/preso_.jpg\",\"width\":620,\"height\":378},{\"@type\":\"BreadcrumbList\",\"@id\":\"https:\\\/\\\/aconteceunovale.com.br\\\/portal\\\/?p=80831#breadcrumb\",\"itemListElement\":[{\"@type\":\"ListItem\",\"position\":1,\"name\":\"In\u00edcio\",\"item\":\"https:\\\/\\\/aconteceunovale.com.br\\\/portal\\\/\"},{\"@type\":\"ListItem\",\"position\":2,\"name\":\"Sete pessoas s\u00e3o presas em Governador Valadares ap\u00f3s pol\u00edcia rastrear carga rouba em Itaobim\"}]},{\"@type\":\"WebSite\",\"@id\":\"https:\\\/\\\/aconteceunovale.com.br\\\/portal\\\/#website\",\"url\":\"https:\\\/\\\/aconteceunovale.com.br\\\/portal\\\/\",\"name\":\"Aconteceu no Vale\",\"description\":\"Portal de Not\u00edcias\",\"potentialAction\":[{\"@type\":\"SearchAction\",\"target\":{\"@type\":\"EntryPoint\",\"urlTemplate\":\"https:\\\/\\\/aconteceunovale.com.br\\\/portal\\\/?s={search_term_string}\"},\"query-input\":{\"@type\":\"PropertyValueSpecification\",\"valueRequired\":true,\"valueName\":\"search_term_string\"}}],\"inLanguage\":\"pt-BR\"},{\"@type\":\"Person\",\"@id\":\"https:\\\/\\\/aconteceunovale.com.br\\\/portal\\\/#\\\/schema\\\/person\\\/633529146f2c94272bef50ac2953d589\",\"name\":\"Aconteceu no Vale\",\"description\":\"Equipe de reportagem do Aconteceu no Vale, portal de not\u00edcias do Vale do Jequitinhonha, em Minas Gerais. Cobrimos as 51 cidades do Vale desde 2013. Sugest\u00f5es de pauta e pedidos de corre\u00e7\u00e3o: contato@aconteceunovale.com.br\",\"sameAs\":[\"http:\\\/\\\/www.aconteceunovale.com.br\"],\"url\":\"https:\\\/\\\/aconteceunovale.com.br\\\/portal\\\/?author=1\"}]}<\/script>\n<!-- \/ Yoast SEO plugin. -->","yoast_head_json":{"title":"Sete pessoas s\u00e3o presas em Governador Valadares ap\u00f3s pol\u00edcia rastrear carga rouba em Itaobim - Aconteceu no Vale","robots":{"index":"index","follow":"follow","max-snippet":"max-snippet:-1","max-image-preview":"max-image-preview:large","max-video-preview":"max-video-preview:-1"},"canonical":"https:\/\/aconteceunovale.com.br\/portal\/?p=80831","og_locale":"pt_BR","og_type":"article","og_title":"Sete pessoas s\u00e3o presas em Governador Valadares ap\u00f3s pol\u00edcia rastrear carga rouba em Itaobim - Aconteceu no Vale","og_description":"Seis homens, com idades entre 24 e 55 anos, e uma mulher de 20 anos foram presos na madrugada desta sexta-feira, 4 de mar\u00e7o, em Governador Valadares. Eles s\u00e3o suspeitos de roubarem um caminh\u00e3o que transportava produtos eletr\u00f4nicos. Segundo a Pol\u00edcia Militar Rodovi\u00e1ria (PMR), o ve\u00edculo foi interceptado em Itaobim, no Vale do Jequitinhonha. A [&hellip;]","og_url":"https:\/\/aconteceunovale.com.br\/portal\/?p=80831","og_site_name":"Aconteceu no Vale","article_publisher":"https:\/\/www.facebook.com\/aconteceunovale\/","article_published_time":"2016-03-05T01:39:50+00:00","article_modified_time":"2026-09-02T16:12:27+00:00","og_image":[{"width":620,"height":378,"url":"https:\/\/aconteceunovale.com.br\/portal\/wp-content\/uploads\/2015\/12\/preso_.jpg","type":"image\/jpeg"}],"author":"Aconteceu no Vale","twitter_card":"summary_large_image","twitter_creator":"@noticiadosvales","twitter_site":"@noticiadosvales","twitter_misc":{"Escrito por":"Aconteceu no Vale","Est. tempo de leitura":"1 minuto"},"schema":{"@context":"https:\/\/schema.org","@graph":[{"@type":"Article","@id":"https:\/\/aconteceunovale.com.br\/portal\/?p=80831#article","isPartOf":{"@id":"https:\/\/aconteceunovale.com.br\/portal\/?p=80831"},"author":{"name":"Aconteceu no Vale","@id":"https:\/\/aconteceunovale.com.br\/portal\/#\/schema\/person\/633529146f2c94272bef50ac2953d589"},"headline":"Sete pessoas s\u00e3o presas em Governador Valadares ap\u00f3s pol\u00edcia rastrear carga rouba em Itaobim","datePublished":"2016-03-05T01:39:50+00:00","dateModified":"2026-09-02T16:12:27+00:00","mainEntityOfPage":{"@id":"https:\/\/aconteceunovale.com.br\/portal\/?p=80831"},"wordCount":183,"commentCount":1,"image":{"@id":"https:\/\/aconteceunovale.com.br\/portal\/?p=80831#primaryimage"},"thumbnailUrl":"https:\/\/aconteceunovale.com.br\/portal\/wp-content\/uploads\/2015\/12\/preso_.jpg","keywords":["carga de eletr\u00f4nicos roubada em itaobim","carga de eletr\u00f4nicos roubada na br 116 em itaobim","carga que seguia de vit\u00f3ria da conquista para s\u00e3o paulo","Carga roubada em Itaobim","Carga roubada na br 116 em itaobim","Governador Valadares","Itaobim","presos em Governador Valadares","presos por recepta\u00e7\u00e3o em Governador Valadares","recepta\u00e7\u00e3o de carga roubada em Governador Valadares","Sete pessoas s\u00e3o presas em Governador Valadares ap\u00f3s pol\u00edcia rastrear carga rouba em Itaobim","Vit\u00f3ria da Conquista"],"articleSection":["Itaobim","Leste de Minas"],"inLanguage":"pt-BR","potentialAction":[{"@type":"CommentAction","name":"Comment","target":["https:\/\/aconteceunovale.com.br\/portal\/?p=80831#respond"]}]},{"@type":"WebPage","@id":"https:\/\/aconteceunovale.com.br\/portal\/?p=80831","url":"https:\/\/aconteceunovale.com.br\/portal\/?p=80831","name":"Sete pessoas s\u00e3o presas em Governador Valadares ap\u00f3s pol\u00edcia rastrear carga rouba em Itaobim - Aconteceu no Vale","isPartOf":{"@id":"https:\/\/aconteceunovale.com.br\/portal\/#website"},"primaryImageOfPage":{"@id":"https:\/\/aconteceunovale.com.br\/portal\/?p=80831#primaryimage"},"image":{"@id":"https:\/\/aconteceunovale.com.br\/portal\/?p=80831#primaryimage"},"thumbnailUrl":"https:\/\/aconteceunovale.com.br\/portal\/wp-content\/uploads\/2015\/12\/preso_.jpg","datePublished":"2016-03-05T01:39:50+00:00","dateModified":"2026-09-02T16:12:27+00:00","author":{"@id":"https:\/\/aconteceunovale.com.br\/portal\/#\/schema\/person\/633529146f2c94272bef50ac2953d589"},"breadcrumb":{"@id":"https:\/\/aconteceunovale.com.br\/portal\/?p=80831#breadcrumb"},"inLanguage":"pt-BR","potentialAction":[{"@type":"ReadAction","target":["https:\/\/aconteceunovale.com.br\/portal\/?p=80831"]}]},{"@type":"ImageObject","inLanguage":"pt-BR","@id":"https:\/\/aconteceunovale.com.br\/portal\/?p=80831#primaryimage","url":"https:\/\/aconteceunovale.com.br\/portal\/wp-content\/uploads\/2015\/12\/preso_.jpg","contentUrl":"https:\/\/aconteceunovale.com.br\/portal\/wp-content\/uploads\/2015\/12\/preso_.jpg","width":620,"height":378},{"@type":"BreadcrumbList","@id":"https:\/\/aconteceunovale.com.br\/portal\/?p=80831#breadcrumb","itemListElement":[{"@type":"ListItem","position":1,"name":"In\u00edcio","item":"https:\/\/aconteceunovale.com.br\/portal\/"},{"@type":"ListItem","position":2,"name":"Sete pessoas s\u00e3o presas em Governador Valadares ap\u00f3s pol\u00edcia rastrear carga rouba em Itaobim"}]},{"@type":"WebSite","@id":"https:\/\/aconteceunovale.com.br\/portal\/#website","url":"https:\/\/aconteceunovale.com.br\/portal\/","name":"Aconteceu no Vale","description":"Portal de Not\u00edcias","potentialAction":[{"@type":"SearchAction","target":{"@type":"EntryPoint","urlTemplate":"https:\/\/aconteceunovale.com.br\/portal\/?s={search_term_string}"},"query-input":{"@type":"PropertyValueSpecification","valueRequired":true,"valueName":"search_term_string"}}],"inLanguage":"pt-BR"},{"@type":"Person","@id":"https:\/\/aconteceunovale.com.br\/portal\/#\/schema\/person\/633529146f2c94272bef50ac2953d589","name":"Aconteceu no Vale","description":"Equipe de reportagem do Aconteceu no Vale, portal de not\u00edcias do Vale do Jequitinhonha, em Minas Gerais. Cobrimos as 51 cidades do Vale desde 2013. Sugest\u00f5es de pauta e pedidos de corre\u00e7\u00e3o: contato@aconteceunovale.com.br","sameAs":["http:\/\/www.aconteceunovale.com.br"],"url":"https:\/\/aconteceunovale.com.br\/portal\/?author=1"}]}},"_links":{"self":[{"href":"https:\/\/aconteceunovale.com.br\/portal\/index.php?rest_route=\/wp\/v2\/posts\/80831","targetHints":{"allow":["GET"]}}],"collection":[{"href":"https:\/\/aconteceunovale.com.br\/portal\/index.php?rest_route=\/wp\/v2\/posts"}],"about":[{"href":"https:\/\/aconteceunovale.com.br\/portal\/index.php?rest_route=\/wp\/v2\/types\/post"}],"author":[{"embeddable":true,"href":"https:\/\/aconteceunovale.com.br\/portal\/index.php?rest_route=\/wp\/v2\/users\/1"}],"replies":[{"embeddable":true,"href":"https:\/\/aconteceunovale.com.br\/portal\/index.php?rest_route=%2Fwp%2Fv2%2Fcomments&post=80831"}],"version-history":[{"count":1,"href":"https:\/\/aconteceunovale.com.br\/portal\/index.php?rest_route=\/wp\/v2\/posts\/80831\/revisions"}],"predecessor-version":[{"id":201010,"href":"https:\/\/aconteceunovale.com.br\/portal\/index.php?rest_route=\/wp\/v2\/posts\/80831\/revisions\/201010"}],"wp:featuredmedia":[{"embeddable":true,"href":"https:\/\/aconteceunovale.com.br\/portal\/index.php?rest_route=\/wp\/v2\/media\/74819"}],"wp:attachment":[{"href":"https:\/\/aconteceunovale.com.br\/portal\/index.php?rest_route=%2Fwp%2Fv2%2Fmedia&parent=80831"}],"wp:term":[{"taxonomy":"category","embeddable":true,"href":"https:\/\/aconteceunovale.com.br\/portal\/index.php?rest_route=%2Fwp%2Fv2%2Fcategories&post=80831"},{"taxonomy":"post_tag","embeddable":true,"href":"https:\/\/aconteceunovale.com.br\/portal\/index.php?rest_route=%2Fwp%2Fv2%2Ftags&post=80831"}],"curies":[{"name":"wp","href":"https:\/\/api.w.org\/{rel}","templated":true}]}}