{"id":80582,"date":"2016-03-02T11:08:16","date_gmt":"2016-03-02T14:08:16","guid":{"rendered":"http:\/\/aconteceunovale.com.br\/portal\/?p=80582"},"modified":"2016-03-02T19:23:41","modified_gmt":"2016-03-02T22:23:41","slug":"azul-inaugura-nova-rota-para-o-interior-de-minas-gerais","status":"publish","type":"post","link":"https:\/\/aconteceunovale.com.br\/portal\/?p=80582","title":{"rendered":"Azul inaugura nova rota para o interior de Minas Gerais"},"content":{"rendered":"<p>Varginha \u00e9 a mais nova rota da Azul Linhas A\u00e9reas Brasileiras. Inaugurado nesta quarta-feira (02\/03), em Varginha, o voo contou com o apoio e articula\u00e7\u00e3o da Secretaria de Estado de Desenvolvimento Econ\u00f4mico (SEDE). O novo destino &#8212; que ser\u00e1 operado por meio do turbo\u00e9lice ATR 72-600 da companhia a\u00e9rea &#8212; conta com espa\u00e7o para 70 assentos, com destino ao Aeroporto Major Brigadeiro Trompowsk, em Varginha.<\/p>\n<p>Conforme a Azul, os voos v\u00e3o sair da capital mineira \u00e0s segundas, quartas e sextas-feiras, com decolagem \u00e0s 9h17 e retorno \u00e0s 10h45. As tarifas est\u00e3o dispon\u00edveis a partir de R$ 99,90 ou 5.000 pontos. <\/p>\n<p>Com a inaugura\u00e7\u00e3o, a Azul passa tamb\u00e9m a atender ao Sul de Minas, por meio de Varginha. Atualmente a empresa atua em 10 munic\u00edpios no estado: Montes Claros, Governador Valadares, Ipatinga, ARZM \u2013 Juiz de Fora, Varginha, Divin\u00f3polis, Arax\u00e1, Uberaba, Uberl\u00e2ndia e Belo Horizonte.<\/p>\n<p>A Azul Linhas A\u00e9reas Brasileiras, juntamente com a SEDE, tem como objetivo aumentar a conectividade e mobilidade a\u00e9rea em todo territ\u00f3rio mineiro. Para o secret\u00e1rio de Estado de Desenvolvimento Econ\u00f4mico, Altamir R\u00f4so, a confirma\u00e7\u00e3o de uma nova rota em Minas Gerais refor\u00e7a a import\u00e2ncia do estado para a empresa. \u201cFicamos felizes com a inaugura\u00e7\u00e3o de uma nova rota da Azul no estado, o que refor\u00e7a o compromisso e interesse da companhia em investir em Minas Gerais\u201d, afirma R\u00f4so.<\/p>\n<p>O Aeroporto Internacional Tancredo Neves (AITN), administrado pela concession\u00e1ria BH Airport, tem se tornado um HUB nacional e internacional. A concession\u00e1ria vem investindo na constru\u00e7\u00e3o do Terminal 2, que ir\u00e1 dobrar a capacidade de passageiros para mais de 20 milh\u00f5es\/ano. Atualmente, existem 36 rotas saindo a partir do AITN.<\/p>\n<p><img decoding=\"async\" src=\"http:\/\/aconteceunovale.com.br\/portal\/wp-content\/uploads\/2016\/03\/varginha.jpg\" alt=\"\" \/><em>Varginha ter\u00e1 rota regular da Azul a partir de Confins &#8211; Foto: Divulga\u00e7\u00e3o<\/em><\/p>\n","protected":false},"excerpt":{"rendered":"<p>Varginha \u00e9 a mais nova rota da Azul Linhas A\u00e9reas Brasileiras. Inaugurado nesta quarta-feira (02\/03), em Varginha, o voo contou com o apoio e articula\u00e7\u00e3o da Secretaria de Estado de Desenvolvimento Econ\u00f4mico (SEDE). O novo destino &#8212; que ser\u00e1 operado por meio do turbo\u00e9lice ATR 72-600 da companhia a\u00e9rea &#8212; conta com espa\u00e7o para 70 [&hellip;]<\/p>\n","protected":false},"author":1,"featured_media":80583,"comment_status":"open","ping_status":"closed","sticky":false,"template":"","format":"standard","meta":{"amp_status":"","footnotes":""},"categories":[123],"tags":[31460,80483,80485,1504,80484,80481,80478,80477,38681,194,199,247,201,210,220,221,223,80479,80482,80480],"class_list":["post-80582","post","type-post","status-publish","format-standard","has-post-thumbnail","hentry","category-gerais","tag-aeroporto-internacional-tancredo-neves","tag-aeroporto-major-brigadeiro-trompowsk","tag-aitn","tag-araxa","tag-arzm-juiz-de-fora","tag-azul-em-varginha","tag-azul-inaugura-nova-rota-em-minas-gerais","tag-azul-inaugura-nova-rota-para-o-interior-de-minas-gerais","tag-azul-linhas-aereas-brasileiras","tag-belo-horizonte","tag-divinopolis","tag-governador-valadares","tag-ipatinga","tag-montes-claros","tag-uberaba","tag-uberlandia","tag-varginha","tag-varginha-tera-rota-regular-da-azul","tag-varginha-tera-rota-regular-da-azul-a-partir-de-confins","tag-voo-da-azul-para-varginha"],"_links":{"self":[{"href":"https:\/\/aconteceunovale.com.br\/portal\/index.php?rest_route=\/wp\/v2\/posts\/80582","targetHints":{"allow":["GET"]}}],"collection":[{"href":"https:\/\/aconteceunovale.com.br\/portal\/index.php?rest_route=\/wp\/v2\/posts"}],"about":[{"href":"https:\/\/aconteceunovale.com.br\/portal\/index.php?rest_route=\/wp\/v2\/types\/post"}],"author":[{"embeddable":true,"href":"https:\/\/aconteceunovale.com.br\/portal\/index.php?rest_route=\/wp\/v2\/users\/1"}],"replies":[{"embeddable":true,"href":"https:\/\/aconteceunovale.com.br\/portal\/index.php?rest_route=%2Fwp%2Fv2%2Fcomments&post=80582"}],"version-history":[{"count":0,"href":"https:\/\/aconteceunovale.com.br\/portal\/index.php?rest_route=\/wp\/v2\/posts\/80582\/revisions"}],"wp:featuredmedia":[{"embeddable":true,"href":"https:\/\/aconteceunovale.com.br\/portal\/index.php?rest_route=\/wp\/v2\/media\/80583"}],"wp:attachment":[{"href":"https:\/\/aconteceunovale.com.br\/portal\/index.php?rest_route=%2Fwp%2Fv2%2Fmedia&parent=80582"}],"wp:term":[{"taxonomy":"category","embeddable":true,"href":"https:\/\/aconteceunovale.com.br\/portal\/index.php?rest_route=%2Fwp%2Fv2%2Fcategories&post=80582"},{"taxonomy":"post_tag","embeddable":true,"href":"https:\/\/aconteceunovale.com.br\/portal\/index.php?rest_route=%2Fwp%2Fv2%2Ftags&post=80582"}],"curies":[{"name":"wp","href":"https:\/\/api.w.org\/{rel}","templated":true}]}}