{"id":80580,"date":"2016-03-02T10:34:24","date_gmt":"2016-03-02T13:34:24","guid":{"rendered":"http:\/\/aconteceunovale.com.br\/portal\/?p=80580"},"modified":"2016-03-02T12:46:44","modified_gmt":"2016-03-02T15:46:44","slug":"bairros-de-capelinha-terao-feira-livre-todas-as-quartas-feiras","status":"publish","type":"post","link":"https:\/\/aconteceunovale.com.br\/portal\/?p=80580","title":{"rendered":"Bairros de Capelinha ter\u00e3o feira livre todas as quartas-feiras"},"content":{"rendered":"<p>A cidade de Capelinha, no Vale do Jequitinhonha, come\u00e7a a implantar a partir desta quarta-feira, 2 de mar\u00e7o, o projeto \u201cFeirinha nos Bairros\u201d. A ideia \u00e9 concentrar agricultores em cinco regi\u00f5es da cidade, onde vender\u00e3o seus produtos para a popula\u00e7\u00e3o, todas as quartas-feiras.<\/p>\n<p>Atrav\u00e9s de um conv\u00eanio com a Emater-MG, o munic\u00edpio recebeu kits feira livre composto por 10 barracas, 20 jalecos e 60 caixas pl\u00e1sticas. O objetivo do projeto \u00e9 fortalecer as atividades produtivas dos agricultores familiares.<\/p>\n<p>Locais: <\/p>\n<p>&#8211; Pra\u00e7a da igreja do bairro Piedade;<br \/>\n&#8211; Pra\u00e7a de Esportes;<br \/>\n&#8211; Ao lado do DER, na Rua Rio Branco;<br \/>\n&#8211; Em frente \u00e0 Aperam, na Rua Raul Coelho;<br \/>\n&#8211; Ao lado do Bradesco, na Pra\u00e7a do Povo.<\/p>\n","protected":false},"excerpt":{"rendered":"<p>A cidade de Capelinha, no Vale do Jequitinhonha, come\u00e7a a implantar a partir desta quarta-feira, 2 de mar\u00e7o, o projeto \u201cFeirinha nos Bairros\u201d. A ideia \u00e9 concentrar agricultores em cinco regi\u00f5es da cidade, onde vender\u00e3o seus produtos para a popula\u00e7\u00e3o, todas as quartas-feiras. Atrav\u00e9s de um conv\u00eanio com a Emater-MG, o munic\u00edpio recebeu kits feira [&hellip;]<\/p>\n","protected":false},"author":1,"featured_media":80440,"comment_status":"open","ping_status":"closed","sticky":false,"template":"","format":"standard","meta":{"amp_status":"","footnotes":""},"categories":[120],"tags":[132,25775,80528,80529,80527],"class_list":["post-80580","post","type-post","status-publish","format-standard","has-post-thumbnail","hentry","category-jequi","tag-capelinha","tag-emater-mg","tag-feira-as-quarta-feiras-em-capelinha","tag-feira-de-bairros-em-capelinha","tag-feira-livre-capelinha"],"_links":{"self":[{"href":"https:\/\/aconteceunovale.com.br\/portal\/index.php?rest_route=\/wp\/v2\/posts\/80580","targetHints":{"allow":["GET"]}}],"collection":[{"href":"https:\/\/aconteceunovale.com.br\/portal\/index.php?rest_route=\/wp\/v2\/posts"}],"about":[{"href":"https:\/\/aconteceunovale.com.br\/portal\/index.php?rest_route=\/wp\/v2\/types\/post"}],"author":[{"embeddable":true,"href":"https:\/\/aconteceunovale.com.br\/portal\/index.php?rest_route=\/wp\/v2\/users\/1"}],"replies":[{"embeddable":true,"href":"https:\/\/aconteceunovale.com.br\/portal\/index.php?rest_route=%2Fwp%2Fv2%2Fcomments&post=80580"}],"version-history":[{"count":0,"href":"https:\/\/aconteceunovale.com.br\/portal\/index.php?rest_route=\/wp\/v2\/posts\/80580\/revisions"}],"wp:featuredmedia":[{"embeddable":true,"href":"https:\/\/aconteceunovale.com.br\/portal\/index.php?rest_route=\/wp\/v2\/media\/80440"}],"wp:attachment":[{"href":"https:\/\/aconteceunovale.com.br\/portal\/index.php?rest_route=%2Fwp%2Fv2%2Fmedia&parent=80580"}],"wp:term":[{"taxonomy":"category","embeddable":true,"href":"https:\/\/aconteceunovale.com.br\/portal\/index.php?rest_route=%2Fwp%2Fv2%2Fcategories&post=80580"},{"taxonomy":"post_tag","embeddable":true,"href":"https:\/\/aconteceunovale.com.br\/portal\/index.php?rest_route=%2Fwp%2Fv2%2Ftags&post=80580"}],"curies":[{"name":"wp","href":"https:\/\/api.w.org\/{rel}","templated":true}]}}