{"id":80475,"date":"2016-03-01T12:49:34","date_gmt":"2016-03-01T15:49:34","guid":{"rendered":"http:\/\/aconteceunovale.com.br\/portal\/?p=80475"},"modified":"2016-03-01T12:49:34","modified_gmt":"2016-03-01T15:49:34","slug":"desligamento-de-21-usinas-termeletricas-deixa-contas-de-luz-mais-baratas","status":"publish","type":"post","link":"https:\/\/aconteceunovale.com.br\/portal\/?p=80475","title":{"rendered":"Desligamento de 21 usinas termel\u00e9tricas deixa contas de luz mais baratas"},"content":{"rendered":"<p>Come\u00e7a hoje (1\u00ba de mar\u00e7o) o desligamento das 21 usinas termel\u00e9tricas com pre\u00e7o de gera\u00e7\u00e3o de energia superior a R$ 250 por megawatt-hora (MWh). Com isso, as contas de luz passar\u00e3o a adotar a cor amarela, reduzindo o custo extra para R$1,50 a cada 100 quilowatt-hora (kWh) consumido. Essa taxa deixar\u00e1 de ser cobrada a partir de abril, quando ser\u00e1 adotada a bandeira verde.<\/p>\n<p>O sistema de bandeiras foi criado com o objetivo de informar mensalmente ao consumidor se a energia consumida por ele est\u00e1 mais cara ou mais barata. Com a melhora da situa\u00e7\u00e3o dos reservat\u00f3rios das hidrel\u00e9tricas e a entrada de energia nova no sistema \u2013 caso, por exemplo, da fornecida pelas usinas de Belo Monte, Jirau e Santo Ant\u00f4nio \u2013 foi poss\u00edvel iniciar os desligamentos das termel\u00e9tricas com custo mais caro de gera\u00e7\u00e3o.<\/p>\n<p>A decis\u00e3o levou em conta tamb\u00e9m o comportamento de carga, influenciado pela redu\u00e7\u00e3o de consumo. Apesar do cen\u00e1rio mais favor\u00e1vel, a Ag\u00eancia Nacional de Energia El\u00e9trica (Aneel) mant\u00e9m o alerta para que os consumidores fa\u00e7am uso eficiente de energia, de forma a combater os desperd\u00edcios e a evitar um futuro retorno \u00e0s bandeiras vermelha ou amarela \u2013 o que implicaria a volta da taxa extra.<\/p>\n<p>Ao fazer, em 25 de abril, o an\u00fancio do desligamento, previsto para abril, das termel\u00e9tricas com custo acima de R$ 211 por MWh, o ministro de Minas e Energia, Eduardo Braga, disse que a ado\u00e7\u00e3o da bandeira verde dever\u00e1 resultar em redu\u00e7\u00e3o m\u00e9dia entre 6% e 7% na conta de luz.<\/p>\n<p>At\u00e9 o final de abril, 5 mil MW gerados pelas t\u00e9rmicas ter\u00e3o sido desligados do sistema, o que representar\u00e1 economia total de R$ 10 bilh\u00f5es ao ano. Segundo Braga, mantida a previs\u00e3o positiva da situa\u00e7\u00e3o hidrol\u00f3gica, mais 2 mil MW gerados em usinas t\u00e9rmicas poder\u00e3o ser desligados nos pr\u00f3ximos meses.<\/p>\n<p>Tamb\u00e9m entram hoje em vigor as novas regras da resolu\u00e7\u00e3o que estabelece o Sistema de Compensa\u00e7\u00e3o de Energia El\u00e9trica. Por meio desse sistema, \u00e9 poss\u00edvel que o consumidor instale pequenos geradores (pain\u00e9is solares fotovoltaicos, microturbinas e\u00f3licas, entre outras fontes renov\u00e1veis) em sua unidade consumidora e troque energia com a distribuidora local, de forma a reduzir os gastos com energia el\u00e9trica.<\/p>\n<p>Ao simplificar a norma, a Aneel estima que at\u00e9 2024 mais 1,2 milh\u00e3o de consumidores passem a produzir sua pr\u00f3pria energia \u2013 o que equivaleria a uma pot\u00eancia instalada de 4,5 gigawatts. (Ag\u00eancia Brasil)<\/p>\n","protected":false},"excerpt":{"rendered":"<p>Come\u00e7a hoje (1\u00ba de mar\u00e7o) o desligamento das 21 usinas termel\u00e9tricas com pre\u00e7o de gera\u00e7\u00e3o de energia superior a R$ 250 por megawatt-hora (MWh). Com isso, as contas de luz passar\u00e3o a adotar a cor amarela, reduzindo o custo extra para R$1,50 a cada 100 quilowatt-hora (kWh) consumido. Essa taxa deixar\u00e1 de ser cobrada a [&hellip;]<\/p>\n","protected":false},"author":1,"featured_media":80476,"comment_status":"open","ping_status":"closed","sticky":false,"template":"","format":"standard","meta":{"amp_status":"","footnotes":""},"categories":[6],"tags":[26918,69656,80302,80297,80296,80298,80300,80299,80301],"class_list":["post-80475","post","type-post","status-publish","format-standard","has-post-thumbnail","hentry","category-br","tag-aneel","tag-bandeira-amarela","tag-contas-de-luz","tag-contas-de-luz-adotam-bandeira-amarela","tag-contas-de-luz-adotam-bandeira-amarela-e-ficam-mais-baratas","tag-contas-de-luz-ficam-mais-baratas","tag-desligamento-das-21-usinas-termeletricas","tag-desligamento-das-usinas-termeletricas","tag-desligamento-de-21-usinas-termeletricas-deixa-contas-de-luz-mais-baratas"],"yoast_head":"<!-- This site is optimized with the Yoast SEO plugin v28.3 - https:\/\/yoast.com\/product\/yoast-seo-wordpress\/ -->\n<title>Desligamento de 21 usinas termel\u00e9tricas deixa contas de luz mais baratas - Aconteceu no Vale<\/title>\n<meta name=\"robots\" content=\"index, follow, max-snippet:-1, max-image-preview:large, max-video-preview:-1\" \/>\n<link rel=\"canonical\" href=\"https:\/\/aconteceunovale.com.br\/portal\/?p=80475\" \/>\n<meta property=\"og:locale\" content=\"pt_BR\" \/>\n<meta property=\"og:type\" content=\"article\" \/>\n<meta property=\"og:title\" content=\"Desligamento de 21 usinas termel\u00e9tricas deixa contas de luz mais baratas - Aconteceu no Vale\" \/>\n<meta property=\"og:description\" content=\"Come\u00e7a hoje (1\u00ba de mar\u00e7o) o desligamento das 21 usinas termel\u00e9tricas com pre\u00e7o de gera\u00e7\u00e3o de energia superior a R$ 250 por megawatt-hora (MWh). Com isso, as contas de luz passar\u00e3o a adotar a cor amarela, reduzindo o custo extra para R$1,50 a cada 100 quilowatt-hora (kWh) consumido. Essa taxa deixar\u00e1 de ser cobrada a [&hellip;]\" \/>\n<meta property=\"og:url\" content=\"https:\/\/aconteceunovale.com.br\/portal\/?p=80475\" \/>\n<meta property=\"og:site_name\" content=\"Aconteceu no Vale\" \/>\n<meta property=\"article:publisher\" content=\"https:\/\/www.facebook.com\/aconteceunovale\/\" \/>\n<meta property=\"article:published_time\" content=\"2016-03-01T15:49:34+00:00\" \/>\n<meta property=\"og:image\" content=\"https:\/\/aconteceunovale.com.br\/portal\/wp-content\/uploads\/2016\/03\/termeletrica_br.jpg\" \/>\n\t<meta property=\"og:image:width\" content=\"625\" \/>\n\t<meta property=\"og:image:height\" content=\"450\" \/>\n\t<meta property=\"og:image:type\" content=\"image\/jpeg\" \/>\n<meta name=\"author\" content=\"Aconteceu no Vale\" \/>\n<meta name=\"twitter:card\" content=\"summary_large_image\" \/>\n<meta name=\"twitter:creator\" content=\"@noticiadosvales\" \/>\n<meta name=\"twitter:site\" content=\"@noticiadosvales\" \/>\n<meta name=\"twitter:label1\" content=\"Escrito por\" \/>\n\t<meta name=\"twitter:data1\" content=\"Aconteceu no Vale\" \/>\n\t<meta name=\"twitter:label2\" content=\"Est. tempo de leitura\" \/>\n\t<meta name=\"twitter:data2\" content=\"2 minutos\" \/>\n<script type=\"application\/ld+json\" class=\"yoast-schema-graph\">{\"@context\":\"https:\\\/\\\/schema.org\",\"@graph\":[{\"@type\":\"Article\",\"@id\":\"https:\\\/\\\/aconteceunovale.com.br\\\/portal\\\/?p=80475#article\",\"isPartOf\":{\"@id\":\"https:\\\/\\\/aconteceunovale.com.br\\\/portal\\\/?p=80475\"},\"author\":{\"name\":\"Aconteceu no Vale\",\"@id\":\"https:\\\/\\\/aconteceunovale.com.br\\\/portal\\\/#\\\/schema\\\/person\\\/633529146f2c94272bef50ac2953d589\"},\"headline\":\"Desligamento de 21 usinas termel\u00e9tricas deixa contas de luz mais baratas\",\"datePublished\":\"2016-03-01T15:49:34+00:00\",\"mainEntityOfPage\":{\"@id\":\"https:\\\/\\\/aconteceunovale.com.br\\\/portal\\\/?p=80475\"},\"wordCount\":438,\"commentCount\":0,\"image\":{\"@id\":\"https:\\\/\\\/aconteceunovale.com.br\\\/portal\\\/?p=80475#primaryimage\"},\"thumbnailUrl\":\"https:\\\/\\\/aconteceunovale.com.br\\\/portal\\\/wp-content\\\/uploads\\\/2016\\\/03\\\/termeletrica_br.jpg\",\"keywords\":[\"Aneel\",\"bandeira amarela\",\"contas de luz\",\"Contas de luz adotam bandeira amarela\",\"Contas de luz adotam bandeira amarela e ficam mais baratas\",\"Contas de luz ficam mais baratas\",\"desligamento das 21 usinas termel\u00e9tricas\",\"desligamento das usinas termel\u00e9tricas\",\"Desligamento de 21 usinas termel\u00e9tricas deixa contas de luz mais baratas\"],\"articleSection\":[\"Brasil\"],\"inLanguage\":\"pt-BR\",\"potentialAction\":[{\"@type\":\"CommentAction\",\"name\":\"Comment\",\"target\":[\"https:\\\/\\\/aconteceunovale.com.br\\\/portal\\\/?p=80475#respond\"]}]},{\"@type\":\"WebPage\",\"@id\":\"https:\\\/\\\/aconteceunovale.com.br\\\/portal\\\/?p=80475\",\"url\":\"https:\\\/\\\/aconteceunovale.com.br\\\/portal\\\/?p=80475\",\"name\":\"Desligamento de 21 usinas termel\u00e9tricas deixa contas de luz mais baratas - Aconteceu no Vale\",\"isPartOf\":{\"@id\":\"https:\\\/\\\/aconteceunovale.com.br\\\/portal\\\/#website\"},\"primaryImageOfPage\":{\"@id\":\"https:\\\/\\\/aconteceunovale.com.br\\\/portal\\\/?p=80475#primaryimage\"},\"image\":{\"@id\":\"https:\\\/\\\/aconteceunovale.com.br\\\/portal\\\/?p=80475#primaryimage\"},\"thumbnailUrl\":\"https:\\\/\\\/aconteceunovale.com.br\\\/portal\\\/wp-content\\\/uploads\\\/2016\\\/03\\\/termeletrica_br.jpg\",\"datePublished\":\"2016-03-01T15:49:34+00:00\",\"author\":{\"@id\":\"https:\\\/\\\/aconteceunovale.com.br\\\/portal\\\/#\\\/schema\\\/person\\\/633529146f2c94272bef50ac2953d589\"},\"breadcrumb\":{\"@id\":\"https:\\\/\\\/aconteceunovale.com.br\\\/portal\\\/?p=80475#breadcrumb\"},\"inLanguage\":\"pt-BR\",\"potentialAction\":[{\"@type\":\"ReadAction\",\"target\":[\"https:\\\/\\\/aconteceunovale.com.br\\\/portal\\\/?p=80475\"]}]},{\"@type\":\"ImageObject\",\"inLanguage\":\"pt-BR\",\"@id\":\"https:\\\/\\\/aconteceunovale.com.br\\\/portal\\\/?p=80475#primaryimage\",\"url\":\"https:\\\/\\\/aconteceunovale.com.br\\\/portal\\\/wp-content\\\/uploads\\\/2016\\\/03\\\/termeletrica_br.jpg\",\"contentUrl\":\"https:\\\/\\\/aconteceunovale.com.br\\\/portal\\\/wp-content\\\/uploads\\\/2016\\\/03\\\/termeletrica_br.jpg\",\"width\":625,\"height\":450},{\"@type\":\"BreadcrumbList\",\"@id\":\"https:\\\/\\\/aconteceunovale.com.br\\\/portal\\\/?p=80475#breadcrumb\",\"itemListElement\":[{\"@type\":\"ListItem\",\"position\":1,\"name\":\"In\u00edcio\",\"item\":\"https:\\\/\\\/aconteceunovale.com.br\\\/portal\\\/\"},{\"@type\":\"ListItem\",\"position\":2,\"name\":\"Desligamento de 21 usinas termel\u00e9tricas deixa contas de luz mais baratas\"}]},{\"@type\":\"WebSite\",\"@id\":\"https:\\\/\\\/aconteceunovale.com.br\\\/portal\\\/#website\",\"url\":\"https:\\\/\\\/aconteceunovale.com.br\\\/portal\\\/\",\"name\":\"Aconteceu no Vale\",\"description\":\"Portal de Not\u00edcias\",\"potentialAction\":[{\"@type\":\"SearchAction\",\"target\":{\"@type\":\"EntryPoint\",\"urlTemplate\":\"https:\\\/\\\/aconteceunovale.com.br\\\/portal\\\/?s={search_term_string}\"},\"query-input\":{\"@type\":\"PropertyValueSpecification\",\"valueRequired\":true,\"valueName\":\"search_term_string\"}}],\"inLanguage\":\"pt-BR\"},{\"@type\":\"Person\",\"@id\":\"https:\\\/\\\/aconteceunovale.com.br\\\/portal\\\/#\\\/schema\\\/person\\\/633529146f2c94272bef50ac2953d589\",\"name\":\"Aconteceu no Vale\",\"description\":\"Equipe de reportagem do Aconteceu no Vale, portal de not\u00edcias do Vale do Jequitinhonha, em Minas Gerais. Cobrimos as 51 cidades do Vale desde 2013. Sugest\u00f5es de pauta e pedidos de corre\u00e7\u00e3o: contato@aconteceunovale.com.br\",\"sameAs\":[\"http:\\\/\\\/www.aconteceunovale.com.br\"],\"url\":\"https:\\\/\\\/aconteceunovale.com.br\\\/portal\\\/?author=1\"}]}<\/script>\n<!-- \/ Yoast SEO plugin. -->","yoast_head_json":{"title":"Desligamento de 21 usinas termel\u00e9tricas deixa contas de luz mais baratas - Aconteceu no Vale","robots":{"index":"index","follow":"follow","max-snippet":"max-snippet:-1","max-image-preview":"max-image-preview:large","max-video-preview":"max-video-preview:-1"},"canonical":"https:\/\/aconteceunovale.com.br\/portal\/?p=80475","og_locale":"pt_BR","og_type":"article","og_title":"Desligamento de 21 usinas termel\u00e9tricas deixa contas de luz mais baratas - Aconteceu no Vale","og_description":"Come\u00e7a hoje (1\u00ba de mar\u00e7o) o desligamento das 21 usinas termel\u00e9tricas com pre\u00e7o de gera\u00e7\u00e3o de energia superior a R$ 250 por megawatt-hora (MWh). Com isso, as contas de luz passar\u00e3o a adotar a cor amarela, reduzindo o custo extra para R$1,50 a cada 100 quilowatt-hora (kWh) consumido. Essa taxa deixar\u00e1 de ser cobrada a [&hellip;]","og_url":"https:\/\/aconteceunovale.com.br\/portal\/?p=80475","og_site_name":"Aconteceu no Vale","article_publisher":"https:\/\/www.facebook.com\/aconteceunovale\/","article_published_time":"2016-03-01T15:49:34+00:00","og_image":[{"width":625,"height":450,"url":"https:\/\/aconteceunovale.com.br\/portal\/wp-content\/uploads\/2016\/03\/termeletrica_br.jpg","type":"image\/jpeg"}],"author":"Aconteceu no Vale","twitter_card":"summary_large_image","twitter_creator":"@noticiadosvales","twitter_site":"@noticiadosvales","twitter_misc":{"Escrito por":"Aconteceu no Vale","Est. tempo de leitura":"2 minutos"},"schema":{"@context":"https:\/\/schema.org","@graph":[{"@type":"Article","@id":"https:\/\/aconteceunovale.com.br\/portal\/?p=80475#article","isPartOf":{"@id":"https:\/\/aconteceunovale.com.br\/portal\/?p=80475"},"author":{"name":"Aconteceu no Vale","@id":"https:\/\/aconteceunovale.com.br\/portal\/#\/schema\/person\/633529146f2c94272bef50ac2953d589"},"headline":"Desligamento de 21 usinas termel\u00e9tricas deixa contas de luz mais baratas","datePublished":"2016-03-01T15:49:34+00:00","mainEntityOfPage":{"@id":"https:\/\/aconteceunovale.com.br\/portal\/?p=80475"},"wordCount":438,"commentCount":0,"image":{"@id":"https:\/\/aconteceunovale.com.br\/portal\/?p=80475#primaryimage"},"thumbnailUrl":"https:\/\/aconteceunovale.com.br\/portal\/wp-content\/uploads\/2016\/03\/termeletrica_br.jpg","keywords":["Aneel","bandeira amarela","contas de luz","Contas de luz adotam bandeira amarela","Contas de luz adotam bandeira amarela e ficam mais baratas","Contas de luz ficam mais baratas","desligamento das 21 usinas termel\u00e9tricas","desligamento das usinas termel\u00e9tricas","Desligamento de 21 usinas termel\u00e9tricas deixa contas de luz mais baratas"],"articleSection":["Brasil"],"inLanguage":"pt-BR","potentialAction":[{"@type":"CommentAction","name":"Comment","target":["https:\/\/aconteceunovale.com.br\/portal\/?p=80475#respond"]}]},{"@type":"WebPage","@id":"https:\/\/aconteceunovale.com.br\/portal\/?p=80475","url":"https:\/\/aconteceunovale.com.br\/portal\/?p=80475","name":"Desligamento de 21 usinas termel\u00e9tricas deixa contas de luz mais baratas - Aconteceu no Vale","isPartOf":{"@id":"https:\/\/aconteceunovale.com.br\/portal\/#website"},"primaryImageOfPage":{"@id":"https:\/\/aconteceunovale.com.br\/portal\/?p=80475#primaryimage"},"image":{"@id":"https:\/\/aconteceunovale.com.br\/portal\/?p=80475#primaryimage"},"thumbnailUrl":"https:\/\/aconteceunovale.com.br\/portal\/wp-content\/uploads\/2016\/03\/termeletrica_br.jpg","datePublished":"2016-03-01T15:49:34+00:00","author":{"@id":"https:\/\/aconteceunovale.com.br\/portal\/#\/schema\/person\/633529146f2c94272bef50ac2953d589"},"breadcrumb":{"@id":"https:\/\/aconteceunovale.com.br\/portal\/?p=80475#breadcrumb"},"inLanguage":"pt-BR","potentialAction":[{"@type":"ReadAction","target":["https:\/\/aconteceunovale.com.br\/portal\/?p=80475"]}]},{"@type":"ImageObject","inLanguage":"pt-BR","@id":"https:\/\/aconteceunovale.com.br\/portal\/?p=80475#primaryimage","url":"https:\/\/aconteceunovale.com.br\/portal\/wp-content\/uploads\/2016\/03\/termeletrica_br.jpg","contentUrl":"https:\/\/aconteceunovale.com.br\/portal\/wp-content\/uploads\/2016\/03\/termeletrica_br.jpg","width":625,"height":450},{"@type":"BreadcrumbList","@id":"https:\/\/aconteceunovale.com.br\/portal\/?p=80475#breadcrumb","itemListElement":[{"@type":"ListItem","position":1,"name":"In\u00edcio","item":"https:\/\/aconteceunovale.com.br\/portal\/"},{"@type":"ListItem","position":2,"name":"Desligamento de 21 usinas termel\u00e9tricas deixa contas de luz mais baratas"}]},{"@type":"WebSite","@id":"https:\/\/aconteceunovale.com.br\/portal\/#website","url":"https:\/\/aconteceunovale.com.br\/portal\/","name":"Aconteceu no Vale","description":"Portal de Not\u00edcias","potentialAction":[{"@type":"SearchAction","target":{"@type":"EntryPoint","urlTemplate":"https:\/\/aconteceunovale.com.br\/portal\/?s={search_term_string}"},"query-input":{"@type":"PropertyValueSpecification","valueRequired":true,"valueName":"search_term_string"}}],"inLanguage":"pt-BR"},{"@type":"Person","@id":"https:\/\/aconteceunovale.com.br\/portal\/#\/schema\/person\/633529146f2c94272bef50ac2953d589","name":"Aconteceu no Vale","description":"Equipe de reportagem do Aconteceu no Vale, portal de not\u00edcias do Vale do Jequitinhonha, em Minas Gerais. Cobrimos as 51 cidades do Vale desde 2013. Sugest\u00f5es de pauta e pedidos de corre\u00e7\u00e3o: contato@aconteceunovale.com.br","sameAs":["http:\/\/www.aconteceunovale.com.br"],"url":"https:\/\/aconteceunovale.com.br\/portal\/?author=1"}]}},"_links":{"self":[{"href":"https:\/\/aconteceunovale.com.br\/portal\/index.php?rest_route=\/wp\/v2\/posts\/80475","targetHints":{"allow":["GET"]}}],"collection":[{"href":"https:\/\/aconteceunovale.com.br\/portal\/index.php?rest_route=\/wp\/v2\/posts"}],"about":[{"href":"https:\/\/aconteceunovale.com.br\/portal\/index.php?rest_route=\/wp\/v2\/types\/post"}],"author":[{"embeddable":true,"href":"https:\/\/aconteceunovale.com.br\/portal\/index.php?rest_route=\/wp\/v2\/users\/1"}],"replies":[{"embeddable":true,"href":"https:\/\/aconteceunovale.com.br\/portal\/index.php?rest_route=%2Fwp%2Fv2%2Fcomments&post=80475"}],"version-history":[{"count":0,"href":"https:\/\/aconteceunovale.com.br\/portal\/index.php?rest_route=\/wp\/v2\/posts\/80475\/revisions"}],"wp:featuredmedia":[{"embeddable":true,"href":"https:\/\/aconteceunovale.com.br\/portal\/index.php?rest_route=\/wp\/v2\/media\/80476"}],"wp:attachment":[{"href":"https:\/\/aconteceunovale.com.br\/portal\/index.php?rest_route=%2Fwp%2Fv2%2Fmedia&parent=80475"}],"wp:term":[{"taxonomy":"category","embeddable":true,"href":"https:\/\/aconteceunovale.com.br\/portal\/index.php?rest_route=%2Fwp%2Fv2%2Fcategories&post=80475"},{"taxonomy":"post_tag","embeddable":true,"href":"https:\/\/aconteceunovale.com.br\/portal\/index.php?rest_route=%2Fwp%2Fv2%2Ftags&post=80475"}],"curies":[{"name":"wp","href":"https:\/\/api.w.org\/{rel}","templated":true}]}}