{"id":80472,"date":"2016-03-01T12:35:33","date_gmt":"2016-03-01T15:35:33","guid":{"rendered":"http:\/\/aconteceunovale.com.br\/portal\/?p=80472"},"modified":"2016-03-01T12:35:33","modified_gmt":"2016-03-01T15:35:33","slug":"juiz-abre-acao-contra-fernando-pimentel-por-improbidade-administrativa","status":"publish","type":"post","link":"https:\/\/aconteceunovale.com.br\/portal\/?p=80472","title":{"rendered":"Juiz abre a\u00e7\u00e3o contra Fernando Pimentel por improbidade administrativa"},"content":{"rendered":"<p>O juiz Wauner Batista Ferreira Machado, da 3\u00aa Vara dos Feitos da Fazenda P\u00fablica de Belo Horizonte, acolheu a\u00e7\u00e3o de improbidade administrativa proposta pelo Minist\u00e9rio P\u00fablico de Minas Gerais contra o governador do Estado, Fernando Pimentel (PT). O petista \u00e9 acusado de irregularidades na contrata\u00e7\u00e3o do Programa Olho Vivo &#8211; de instala\u00e7\u00e3o de c\u00e2meras de vigil\u00e2ncia &#8211; quando era prefeito de Belo Horizonte, em 2004.<\/p>\n<p>Al\u00e9m de Pimentel &#8211; que, pelos mesmos fatos, j\u00e1 foi alvo de den\u00fancia por crimes como fraude em licita\u00e7\u00e3o p\u00fablica, desvio de recursos p\u00fablicos e lavagem de dinheiro -, a a\u00e7\u00e3o c\u00edvel aponta responsabilidade de outras cinco pessoas, entre elas o atual secret\u00e1rio da Casa Civil, Marco Ant\u00f4nio Resende de Teixeira, ex-procurador-geral do munic\u00edpio. A C\u00e2mara de Dirigentes Lojistas de Belo Horizonte (CDL) tamb\u00e9m \u00e9 parte no processo. A a\u00e7\u00e3o foi ajuizada pelo Minist\u00e9rio P\u00fablico em novembro de 2013.<\/p>\n<p><img decoding=\"async\" src=\"http:\/\/aconteceunovale.com.br\/portal\/wp-content\/uploads\/2016\/02\/pimentel.jpeg\" alt=\"\" \/><em>Fernando Pimentel \u00e9 Governador de Minas &#8211; Foto: Imprensa MG<\/em><br \/>\n<\/br><\/p>\n<p>No despacho, o juiz indeferiu &#8220;por ora&#8221; o pedido de decreta\u00e7\u00e3o de indisponibilidade dos bens dos r\u00e9us. O magistrado argumentou que os &#8220;fartos ind\u00edcios&#8221; identificados por ele na pe\u00e7a encaminhada pelo Minist\u00e9rio P\u00fablico n\u00e3o s\u00e3o suficientes para apontar a responsabilidade individual de cada r\u00e9u. Ele, no entanto, deixou aberta a possibilidade de acatar o pedido numa futura reaprecia\u00e7\u00e3o. &#8220;Vislumbro a possibilidade do acolhimento do pedido cautelar de indisponibilidade de bens, a fim de garantir o Ju\u00edzo, em raz\u00e3o de uma eventual condena\u00e7\u00e3o&#8221;, escreveu o juiz na decis\u00e3o.<\/p>\n<p>Segundo a Promotoria de Defesa do Patrim\u00f4nio P\u00fablico, em 2004, o ent\u00e3o prefeito e os secret\u00e1rios dele contrataram sem licita\u00e7\u00e3o a CDL (C\u00e2mara de Dirigentes Lojistas) que, por sua vez, realizou subcontrata\u00e7\u00f5es para a implantar o programa de monitoramento de espa\u00e7os p\u00fablicos.<\/p>\n<p>Segundo a a\u00e7\u00e3o, para dar &#8220;apar\u00eancia de legalidade&#8221;, foi celebrado um conv\u00eanio com a entidade prevendo o repasse inicial de R$ 14,7 milh\u00f5es (valores da \u00e9poca). Desse montante, R$ 4,4 milh\u00f5es sa\u00edram dos cofres da prefeitura e R$ 4 milh\u00f5es do Banco de Desenvolvimento do Estado de Minas Gerais. O restante n\u00e3o foi repassado porque o contrato foi suspenso. &#8220;A execu\u00e7\u00e3o do programa Olho Vivo, que n\u00e3o possui pertin\u00eancia com o objetivo social da CDL\/BH, foi desenvolvida por empresas subcontratadas e, assim, essa C\u00e2mara teria sido utilizada apenas para afastar a exig\u00eancia de licita\u00e7\u00e3o.&#8221;<\/p>\n<p>O juiz aponta ainda a &#8220;exist\u00eancia de evid\u00eancia a eventual &#8216;finalidade esp\u00faria&#8217;, o fato da CDL\/BH ter apresentado nota fiscal inid\u00f4nea para comprovar a compra de parte dos materiais eletr\u00f4nicos.&#8221;<\/p>\n<p>Conforme o magistrado, a investiga\u00e7\u00e3o identificou que ao receber as parcelas relativas ao conv\u00eanio, em ato cont\u00ednuo, a CDL procedia o pagamento do d\u00e9bito tribut\u00e1rio dela, parcelado pela ent\u00e3o administra\u00e7\u00e3o municipal. Coincidentemente, a entidade deixou de honrar os compromissos assim que os repasses do conv\u00eanio foram suspensos a pedido do Minist\u00e9rio P\u00fablico.<\/p>\n<p><strong>Suspens\u00e3o<\/strong><\/p>\n<p>Wauner Batista rejeitou pedido da defesa de suspender a tramita\u00e7\u00e3o da a\u00e7\u00e3o alegando que somente o procurador-geral de Justi\u00e7a possui compet\u00eancia para process\u00e1-lo. Ele considerou que o foro privilegiado de chefe do Executivo s\u00f3 vale para a\u00e7\u00f5es criminais. No despacho, o juiz ainda fez duras cr\u00edticas \u00e0 dificuldade de intimar os acusados. &#8220;Inicialmente evidencio que o atraso dessa decis\u00e3o se deu, exclusivamente, em raz\u00e3o da dificuldade de notifica\u00e7\u00e3o de todos os r\u00e9us, o que fugiu ao controle do ju\u00edzo&#8221;. As informa\u00e7\u00f5es s\u00e3o do jornal O Estado de S. Paulo.<\/p>\n<p><em>(Via R7 \/ Record Minas)<\/em><\/p>\n","protected":false},"excerpt":{"rendered":"<p>O juiz Wauner Batista Ferreira Machado, da 3\u00aa Vara dos Feitos da Fazenda P\u00fablica de Belo Horizonte, acolheu a\u00e7\u00e3o de improbidade administrativa proposta pelo Minist\u00e9rio P\u00fablico de Minas Gerais contra o governador do Estado, Fernando Pimentel (PT). O petista \u00e9 acusado de irregularidades na contrata\u00e7\u00e3o do Programa Olho Vivo &#8211; de instala\u00e7\u00e3o de c\u00e2meras de [&hellip;]<\/p>\n","protected":false},"author":1,"featured_media":79916,"comment_status":"open","ping_status":"closed","sticky":false,"template":"","format":"standard","meta":{"amp_status":"","footnotes":""},"categories":[123],"tags":[80280,12826,80282,80285,80279,80284,19674,26520,47614,80281,79276,80283,758,80278],"class_list":["post-80472","post","type-post","status-publish","format-standard","has-post-thumbnail","hentry","category-gerais","tag-3a-vara-dos-feitos-da-fazenda-publica-de-belo-horizonte","tag-fernando-pimentel","tag-irregularidades-na-contratacao-do-programa-olho-vivo","tag-juiz-abre-acao-contra-fernando-pimentel-por-improbidade-administrativa","tag-juiz-wauner-batista-ferreira-machado","tag-marco-antonio-resende-de-teixeira","tag-ministerio-publico-de-minas-gerais","tag-pimentel","tag-processo-contra-fernando-pimentel","tag-processo-fernando-pimentel","tag-processo-pimentel","tag-programa-olho-vivo","tag-pt","tag-wauner-batista-ferreira-machado"],"yoast_head":"<!-- This site is optimized with the Yoast SEO plugin v28.3 - https:\/\/yoast.com\/product\/yoast-seo-wordpress\/ -->\n<title>Juiz abre a\u00e7\u00e3o contra Fernando Pimentel por improbidade administrativa  - Aconteceu no Vale<\/title>\n<meta name=\"robots\" content=\"index, follow, max-snippet:-1, max-image-preview:large, max-video-preview:-1\" \/>\n<link rel=\"canonical\" href=\"https:\/\/aconteceunovale.com.br\/portal\/?p=80472\" \/>\n<meta property=\"og:locale\" content=\"pt_BR\" \/>\n<meta property=\"og:type\" content=\"article\" \/>\n<meta property=\"og:title\" content=\"Juiz abre a\u00e7\u00e3o contra Fernando Pimentel por improbidade administrativa  - Aconteceu no Vale\" \/>\n<meta property=\"og:description\" content=\"O juiz Wauner Batista Ferreira Machado, da 3\u00aa Vara dos Feitos da Fazenda P\u00fablica de Belo Horizonte, acolheu a\u00e7\u00e3o de improbidade administrativa proposta pelo Minist\u00e9rio P\u00fablico de Minas Gerais contra o governador do Estado, Fernando Pimentel (PT). O petista \u00e9 acusado de irregularidades na contrata\u00e7\u00e3o do Programa Olho Vivo &#8211; de instala\u00e7\u00e3o de c\u00e2meras de [&hellip;]\" \/>\n<meta property=\"og:url\" content=\"https:\/\/aconteceunovale.com.br\/portal\/?p=80472\" \/>\n<meta property=\"og:site_name\" content=\"Aconteceu no Vale\" \/>\n<meta property=\"article:publisher\" content=\"https:\/\/www.facebook.com\/aconteceunovale\/\" \/>\n<meta property=\"article:published_time\" content=\"2016-03-01T15:35:33+00:00\" \/>\n<meta property=\"og:image\" content=\"https:\/\/aconteceunovale.com.br\/portal\/wp-content\/uploads\/2016\/02\/pimentel.jpeg\" \/>\n\t<meta property=\"og:image:width\" content=\"678\" \/>\n\t<meta property=\"og:image:height\" content=\"441\" \/>\n\t<meta property=\"og:image:type\" content=\"image\/jpeg\" \/>\n<meta name=\"author\" content=\"Aconteceu no Vale\" \/>\n<meta name=\"twitter:card\" content=\"summary_large_image\" \/>\n<meta name=\"twitter:creator\" content=\"@noticiadosvales\" \/>\n<meta name=\"twitter:site\" content=\"@noticiadosvales\" \/>\n<meta name=\"twitter:label1\" content=\"Escrito por\" \/>\n\t<meta name=\"twitter:data1\" content=\"Aconteceu no Vale\" \/>\n\t<meta name=\"twitter:label2\" content=\"Est. tempo de leitura\" \/>\n\t<meta name=\"twitter:data2\" content=\"3 minutos\" \/>\n<script type=\"application\/ld+json\" class=\"yoast-schema-graph\">{\"@context\":\"https:\\\/\\\/schema.org\",\"@graph\":[{\"@type\":\"Article\",\"@id\":\"https:\\\/\\\/aconteceunovale.com.br\\\/portal\\\/?p=80472#article\",\"isPartOf\":{\"@id\":\"https:\\\/\\\/aconteceunovale.com.br\\\/portal\\\/?p=80472\"},\"author\":{\"name\":\"Aconteceu no Vale\",\"@id\":\"https:\\\/\\\/aconteceunovale.com.br\\\/portal\\\/#\\\/schema\\\/person\\\/633529146f2c94272bef50ac2953d589\"},\"headline\":\"Juiz abre a\u00e7\u00e3o contra Fernando Pimentel por improbidade administrativa\",\"datePublished\":\"2016-03-01T15:35:33+00:00\",\"mainEntityOfPage\":{\"@id\":\"https:\\\/\\\/aconteceunovale.com.br\\\/portal\\\/?p=80472\"},\"wordCount\":644,\"commentCount\":0,\"image\":{\"@id\":\"https:\\\/\\\/aconteceunovale.com.br\\\/portal\\\/?p=80472#primaryimage\"},\"thumbnailUrl\":\"https:\\\/\\\/aconteceunovale.com.br\\\/portal\\\/wp-content\\\/uploads\\\/2016\\\/02\\\/pimentel.jpeg\",\"keywords\":[\"3\u00aa Vara dos Feitos da Fazenda P\u00fablica de Belo Horizonte\",\"Fernando Pimentel\",\"irregularidades na contrata\u00e7\u00e3o do Programa Olho Vivo\",\"Juiz abre a\u00e7\u00e3o contra Fernando Pimentel por improbidade administrativa\",\"Juiz Wauner Batista Ferreira Machado\",\"Marco Ant\u00f4nio Resende de Teixeira\",\"Minist\u00e9rio P\u00fablico de Minas Gerais\",\"Pimentel\",\"processo contra fernando pimentel\",\"Processo Fernando Pimentel\",\"processo pimentel\",\"Programa Olho Vivo\",\"PT\",\"Wauner Batista Ferreira Machado\"],\"articleSection\":[\"Minas Gerais\"],\"inLanguage\":\"pt-BR\",\"potentialAction\":[{\"@type\":\"CommentAction\",\"name\":\"Comment\",\"target\":[\"https:\\\/\\\/aconteceunovale.com.br\\\/portal\\\/?p=80472#respond\"]}]},{\"@type\":\"WebPage\",\"@id\":\"https:\\\/\\\/aconteceunovale.com.br\\\/portal\\\/?p=80472\",\"url\":\"https:\\\/\\\/aconteceunovale.com.br\\\/portal\\\/?p=80472\",\"name\":\"Juiz abre a\u00e7\u00e3o contra Fernando Pimentel por improbidade administrativa - Aconteceu no Vale\",\"isPartOf\":{\"@id\":\"https:\\\/\\\/aconteceunovale.com.br\\\/portal\\\/#website\"},\"primaryImageOfPage\":{\"@id\":\"https:\\\/\\\/aconteceunovale.com.br\\\/portal\\\/?p=80472#primaryimage\"},\"image\":{\"@id\":\"https:\\\/\\\/aconteceunovale.com.br\\\/portal\\\/?p=80472#primaryimage\"},\"thumbnailUrl\":\"https:\\\/\\\/aconteceunovale.com.br\\\/portal\\\/wp-content\\\/uploads\\\/2016\\\/02\\\/pimentel.jpeg\",\"datePublished\":\"2016-03-01T15:35:33+00:00\",\"author\":{\"@id\":\"https:\\\/\\\/aconteceunovale.com.br\\\/portal\\\/#\\\/schema\\\/person\\\/633529146f2c94272bef50ac2953d589\"},\"breadcrumb\":{\"@id\":\"https:\\\/\\\/aconteceunovale.com.br\\\/portal\\\/?p=80472#breadcrumb\"},\"inLanguage\":\"pt-BR\",\"potentialAction\":[{\"@type\":\"ReadAction\",\"target\":[\"https:\\\/\\\/aconteceunovale.com.br\\\/portal\\\/?p=80472\"]}]},{\"@type\":\"ImageObject\",\"inLanguage\":\"pt-BR\",\"@id\":\"https:\\\/\\\/aconteceunovale.com.br\\\/portal\\\/?p=80472#primaryimage\",\"url\":\"https:\\\/\\\/aconteceunovale.com.br\\\/portal\\\/wp-content\\\/uploads\\\/2016\\\/02\\\/pimentel.jpeg\",\"contentUrl\":\"https:\\\/\\\/aconteceunovale.com.br\\\/portal\\\/wp-content\\\/uploads\\\/2016\\\/02\\\/pimentel.jpeg\",\"width\":678,\"height\":441},{\"@type\":\"BreadcrumbList\",\"@id\":\"https:\\\/\\\/aconteceunovale.com.br\\\/portal\\\/?p=80472#breadcrumb\",\"itemListElement\":[{\"@type\":\"ListItem\",\"position\":1,\"name\":\"In\u00edcio\",\"item\":\"https:\\\/\\\/aconteceunovale.com.br\\\/portal\\\/\"},{\"@type\":\"ListItem\",\"position\":2,\"name\":\"Juiz abre a\u00e7\u00e3o contra Fernando Pimentel por improbidade administrativa\"}]},{\"@type\":\"WebSite\",\"@id\":\"https:\\\/\\\/aconteceunovale.com.br\\\/portal\\\/#website\",\"url\":\"https:\\\/\\\/aconteceunovale.com.br\\\/portal\\\/\",\"name\":\"Aconteceu no Vale\",\"description\":\"Portal de Not\u00edcias\",\"potentialAction\":[{\"@type\":\"SearchAction\",\"target\":{\"@type\":\"EntryPoint\",\"urlTemplate\":\"https:\\\/\\\/aconteceunovale.com.br\\\/portal\\\/?s={search_term_string}\"},\"query-input\":{\"@type\":\"PropertyValueSpecification\",\"valueRequired\":true,\"valueName\":\"search_term_string\"}}],\"inLanguage\":\"pt-BR\"},{\"@type\":\"Person\",\"@id\":\"https:\\\/\\\/aconteceunovale.com.br\\\/portal\\\/#\\\/schema\\\/person\\\/633529146f2c94272bef50ac2953d589\",\"name\":\"Aconteceu no Vale\",\"description\":\"Equipe de reportagem do Aconteceu no Vale, portal de not\u00edcias do Vale do Jequitinhonha, em Minas Gerais. Cobrimos as 51 cidades do Vale desde 2013. Sugest\u00f5es de pauta e pedidos de corre\u00e7\u00e3o: contato@aconteceunovale.com.br\",\"sameAs\":[\"http:\\\/\\\/www.aconteceunovale.com.br\"],\"url\":\"https:\\\/\\\/aconteceunovale.com.br\\\/portal\\\/?author=1\"}]}<\/script>\n<!-- \/ Yoast SEO plugin. -->","yoast_head_json":{"title":"Juiz abre a\u00e7\u00e3o contra Fernando Pimentel por improbidade administrativa  - Aconteceu no Vale","robots":{"index":"index","follow":"follow","max-snippet":"max-snippet:-1","max-image-preview":"max-image-preview:large","max-video-preview":"max-video-preview:-1"},"canonical":"https:\/\/aconteceunovale.com.br\/portal\/?p=80472","og_locale":"pt_BR","og_type":"article","og_title":"Juiz abre a\u00e7\u00e3o contra Fernando Pimentel por improbidade administrativa  - Aconteceu no Vale","og_description":"O juiz Wauner Batista Ferreira Machado, da 3\u00aa Vara dos Feitos da Fazenda P\u00fablica de Belo Horizonte, acolheu a\u00e7\u00e3o de improbidade administrativa proposta pelo Minist\u00e9rio P\u00fablico de Minas Gerais contra o governador do Estado, Fernando Pimentel (PT). O petista \u00e9 acusado de irregularidades na contrata\u00e7\u00e3o do Programa Olho Vivo &#8211; de instala\u00e7\u00e3o de c\u00e2meras de [&hellip;]","og_url":"https:\/\/aconteceunovale.com.br\/portal\/?p=80472","og_site_name":"Aconteceu no Vale","article_publisher":"https:\/\/www.facebook.com\/aconteceunovale\/","article_published_time":"2016-03-01T15:35:33+00:00","og_image":[{"width":678,"height":441,"url":"https:\/\/aconteceunovale.com.br\/portal\/wp-content\/uploads\/2016\/02\/pimentel.jpeg","type":"image\/jpeg"}],"author":"Aconteceu no Vale","twitter_card":"summary_large_image","twitter_creator":"@noticiadosvales","twitter_site":"@noticiadosvales","twitter_misc":{"Escrito por":"Aconteceu no Vale","Est. tempo de leitura":"3 minutos"},"schema":{"@context":"https:\/\/schema.org","@graph":[{"@type":"Article","@id":"https:\/\/aconteceunovale.com.br\/portal\/?p=80472#article","isPartOf":{"@id":"https:\/\/aconteceunovale.com.br\/portal\/?p=80472"},"author":{"name":"Aconteceu no Vale","@id":"https:\/\/aconteceunovale.com.br\/portal\/#\/schema\/person\/633529146f2c94272bef50ac2953d589"},"headline":"Juiz abre a\u00e7\u00e3o contra Fernando Pimentel por improbidade administrativa","datePublished":"2016-03-01T15:35:33+00:00","mainEntityOfPage":{"@id":"https:\/\/aconteceunovale.com.br\/portal\/?p=80472"},"wordCount":644,"commentCount":0,"image":{"@id":"https:\/\/aconteceunovale.com.br\/portal\/?p=80472#primaryimage"},"thumbnailUrl":"https:\/\/aconteceunovale.com.br\/portal\/wp-content\/uploads\/2016\/02\/pimentel.jpeg","keywords":["3\u00aa Vara dos Feitos da Fazenda P\u00fablica de Belo Horizonte","Fernando Pimentel","irregularidades na contrata\u00e7\u00e3o do Programa Olho Vivo","Juiz abre a\u00e7\u00e3o contra Fernando Pimentel por improbidade administrativa","Juiz Wauner Batista Ferreira Machado","Marco Ant\u00f4nio Resende de Teixeira","Minist\u00e9rio P\u00fablico de Minas Gerais","Pimentel","processo contra fernando pimentel","Processo Fernando Pimentel","processo pimentel","Programa Olho Vivo","PT","Wauner Batista Ferreira Machado"],"articleSection":["Minas Gerais"],"inLanguage":"pt-BR","potentialAction":[{"@type":"CommentAction","name":"Comment","target":["https:\/\/aconteceunovale.com.br\/portal\/?p=80472#respond"]}]},{"@type":"WebPage","@id":"https:\/\/aconteceunovale.com.br\/portal\/?p=80472","url":"https:\/\/aconteceunovale.com.br\/portal\/?p=80472","name":"Juiz abre a\u00e7\u00e3o contra Fernando Pimentel por improbidade administrativa - Aconteceu no Vale","isPartOf":{"@id":"https:\/\/aconteceunovale.com.br\/portal\/#website"},"primaryImageOfPage":{"@id":"https:\/\/aconteceunovale.com.br\/portal\/?p=80472#primaryimage"},"image":{"@id":"https:\/\/aconteceunovale.com.br\/portal\/?p=80472#primaryimage"},"thumbnailUrl":"https:\/\/aconteceunovale.com.br\/portal\/wp-content\/uploads\/2016\/02\/pimentel.jpeg","datePublished":"2016-03-01T15:35:33+00:00","author":{"@id":"https:\/\/aconteceunovale.com.br\/portal\/#\/schema\/person\/633529146f2c94272bef50ac2953d589"},"breadcrumb":{"@id":"https:\/\/aconteceunovale.com.br\/portal\/?p=80472#breadcrumb"},"inLanguage":"pt-BR","potentialAction":[{"@type":"ReadAction","target":["https:\/\/aconteceunovale.com.br\/portal\/?p=80472"]}]},{"@type":"ImageObject","inLanguage":"pt-BR","@id":"https:\/\/aconteceunovale.com.br\/portal\/?p=80472#primaryimage","url":"https:\/\/aconteceunovale.com.br\/portal\/wp-content\/uploads\/2016\/02\/pimentel.jpeg","contentUrl":"https:\/\/aconteceunovale.com.br\/portal\/wp-content\/uploads\/2016\/02\/pimentel.jpeg","width":678,"height":441},{"@type":"BreadcrumbList","@id":"https:\/\/aconteceunovale.com.br\/portal\/?p=80472#breadcrumb","itemListElement":[{"@type":"ListItem","position":1,"name":"In\u00edcio","item":"https:\/\/aconteceunovale.com.br\/portal\/"},{"@type":"ListItem","position":2,"name":"Juiz abre a\u00e7\u00e3o contra Fernando Pimentel por improbidade administrativa"}]},{"@type":"WebSite","@id":"https:\/\/aconteceunovale.com.br\/portal\/#website","url":"https:\/\/aconteceunovale.com.br\/portal\/","name":"Aconteceu no Vale","description":"Portal de Not\u00edcias","potentialAction":[{"@type":"SearchAction","target":{"@type":"EntryPoint","urlTemplate":"https:\/\/aconteceunovale.com.br\/portal\/?s={search_term_string}"},"query-input":{"@type":"PropertyValueSpecification","valueRequired":true,"valueName":"search_term_string"}}],"inLanguage":"pt-BR"},{"@type":"Person","@id":"https:\/\/aconteceunovale.com.br\/portal\/#\/schema\/person\/633529146f2c94272bef50ac2953d589","name":"Aconteceu no Vale","description":"Equipe de reportagem do Aconteceu no Vale, portal de not\u00edcias do Vale do Jequitinhonha, em Minas Gerais. Cobrimos as 51 cidades do Vale desde 2013. Sugest\u00f5es de pauta e pedidos de corre\u00e7\u00e3o: contato@aconteceunovale.com.br","sameAs":["http:\/\/www.aconteceunovale.com.br"],"url":"https:\/\/aconteceunovale.com.br\/portal\/?author=1"}]}},"_links":{"self":[{"href":"https:\/\/aconteceunovale.com.br\/portal\/index.php?rest_route=\/wp\/v2\/posts\/80472","targetHints":{"allow":["GET"]}}],"collection":[{"href":"https:\/\/aconteceunovale.com.br\/portal\/index.php?rest_route=\/wp\/v2\/posts"}],"about":[{"href":"https:\/\/aconteceunovale.com.br\/portal\/index.php?rest_route=\/wp\/v2\/types\/post"}],"author":[{"embeddable":true,"href":"https:\/\/aconteceunovale.com.br\/portal\/index.php?rest_route=\/wp\/v2\/users\/1"}],"replies":[{"embeddable":true,"href":"https:\/\/aconteceunovale.com.br\/portal\/index.php?rest_route=%2Fwp%2Fv2%2Fcomments&post=80472"}],"version-history":[{"count":0,"href":"https:\/\/aconteceunovale.com.br\/portal\/index.php?rest_route=\/wp\/v2\/posts\/80472\/revisions"}],"wp:featuredmedia":[{"embeddable":true,"href":"https:\/\/aconteceunovale.com.br\/portal\/index.php?rest_route=\/wp\/v2\/media\/79916"}],"wp:attachment":[{"href":"https:\/\/aconteceunovale.com.br\/portal\/index.php?rest_route=%2Fwp%2Fv2%2Fmedia&parent=80472"}],"wp:term":[{"taxonomy":"category","embeddable":true,"href":"https:\/\/aconteceunovale.com.br\/portal\/index.php?rest_route=%2Fwp%2Fv2%2Fcategories&post=80472"},{"taxonomy":"post_tag","embeddable":true,"href":"https:\/\/aconteceunovale.com.br\/portal\/index.php?rest_route=%2Fwp%2Fv2%2Ftags&post=80472"}],"curies":[{"name":"wp","href":"https:\/\/api.w.org\/{rel}","templated":true}]}}