{"id":80469,"date":"2016-03-01T12:22:57","date_gmt":"2016-03-01T15:22:57","guid":{"rendered":"http:\/\/aconteceunovale.com.br\/portal\/?p=80469"},"modified":"2016-03-01T12:46:00","modified_gmt":"2016-03-01T15:46:00","slug":"vice-presidente-do-facebook-e-preso-pela-policia-federal-em-sao-paulo","status":"publish","type":"post","link":"https:\/\/aconteceunovale.com.br\/portal\/?p=80469","title":{"rendered":"Vice-presidente do Facebook \u00e9 preso pela Pol\u00edcia Federal em S\u00e3o Paulo"},"content":{"rendered":"<p>Policiais federais prenderam na manh\u00e3 desta ter\u00e7a-feira (1\u00ba de mar\u00e7o) em S\u00e3o Paulo o vice-presidente da rede social Facebook na Am\u00e9rica Latina Diego Jorge Dzodan. A a\u00e7\u00e3o foi tomada a pedido da Justi\u00e7a de Sergipe ap\u00f3s a rede social n\u00e3o cumprir decis\u00e3o judicial de compartilhar informa\u00e7\u00f5es trocadas no WhatsApp por suspeitos de tr\u00e1fico de droga. O Facebook \u00e9 dono do WhatsApp desde o come\u00e7o de 2014.<\/p>\n<p>Ele estava indo para o trabalho no Itaim Bibi, Zona Sul da capital paulista. Dzodan foi levado ao Instituto M\u00e9dico Legal (IML) e depois prestar\u00e1 depoimento na Pol\u00edcia Federal. Os policiais cumpriram mandado de pris\u00e3o preventiva expedido pelo juiz criminal da comarca de Lagarto, em Sergipe, Marcel Montalv\u00e3o.<\/p>\n<p>Segundo a Pol\u00edcia Federal em Sergipe, o representante descumpriu ordens judiciais de requerimento de informa\u00e7\u00f5es armazenadas em servi\u00e7os do Facebook, &#8220;imprescind\u00edveis para produ\u00e7\u00e3o de provas a serem utilizadas em uma investiga\u00e7\u00e3o de crime organizado e tr\u00e1fico de drogas&#8221;.<\/p>\n<p><img decoding=\"async\" src=\"http:\/\/aconteceunovale.com.br\/portal\/wp-content\/uploads\/2016\/03\/presidente_facebook.jpg\" alt=\"\" \/><em>Diego Dzodan, vice-presidente do Facebook para Am\u00e9rica Latina (Foto: Arquivo\/Diego Dzodan)<\/em><br \/>\n<\/br><\/p>\n<p><strong>Conta no WhatsApp<\/strong><\/p>\n<p>A investiga\u00e7\u00e3o foi iniciada ap\u00f3s uma apreens\u00e3o de drogas na cidade de Lagarto, a 75 km de Aracaju. O juiz Marcel Montalv\u00e3o solicitou ao Facebook o nome dos usu\u00e1rios de uma conta no WhatsApp em que informa\u00e7\u00f5es sobre drogas eram trocadas. O Facebook n\u00e3o revelou as informa\u00e7\u00f5es solicitadas pela Justi\u00e7a que aplicou multa di\u00e1ria de R$ 1 milh\u00e3o. O valor \u00e9 pago pela rede social h\u00e1 30 dias.<\/p>\n<p>A assessoria de comunica\u00e7\u00e3o do Tribunal de Justi\u00e7a do Estado de Sergipe informou que o juiz est\u00e1 em audi\u00eancia, e que a assessoria do magistrado confirma a exist\u00eancia do processo, mas n\u00e3o iria passar informa\u00e7\u00f5es, pois ele corre em segredo de justi\u00e7a.<\/p>\n<p>O Facebook j\u00e1 pro\u00edbe que a rede social seja usada para vender drogas. No come\u00e7o de fevereiro, alterou a pol\u00edtica de uso do site e do aplicativo de fotos Instagram para impedir tamb\u00e9m que os usu\u00e1rios comercializassem armas. Na pr\u00e1tica, donos de p\u00e1ginas e perfis j\u00e1 n\u00e3o podiam vender material b\u00e9lico, mas pequenas microempresas podiam usar a ferramenta de cria\u00e7\u00e3o de an\u00fancios r\u00e1pidos para isso. Com a altera\u00e7\u00e3o, essa pr\u00e1tica foi vetada. A pol\u00edtica do Facebook, no entanto, n\u00e3o se estendem ao WhatsApp.<\/p>\n<p>(G1 S\u00e3o Paulo)<\/p>\n","protected":false},"excerpt":{"rendered":"<p>Policiais federais prenderam na manh\u00e3 desta ter\u00e7a-feira (1\u00ba de mar\u00e7o) em S\u00e3o Paulo o vice-presidente da rede social Facebook na Am\u00e9rica Latina Diego Jorge Dzodan. A a\u00e7\u00e3o foi tomada a pedido da Justi\u00e7a de Sergipe ap\u00f3s a rede social n\u00e3o cumprir decis\u00e3o judicial de compartilhar informa\u00e7\u00f5es trocadas no WhatsApp por suspeitos de tr\u00e1fico de droga. [&hellip;]<\/p>\n","protected":false},"author":1,"featured_media":80470,"comment_status":"open","ping_status":"closed","sticky":false,"template":"","format":"standard","meta":{"amp_status":"","footnotes":""},"categories":[6],"tags":[34658,80289,80292,80291,80293,80294,80273,80268,4624,80287,80286,80290,4611,80271,80295,6529,80270,80274,80269,80267,80265,80276,2382,6532,80288,80266,80272,80277,80264,80275,4625],"class_list":["post-80469","post","type-post","status-publish","format-standard","has-post-thumbnail","hentry","category-br","tag-america-latina","tag-arrest","tag-arrestan-en-sao-paulo-a-vicepresidente-de-facebook","tag-arrestan-en-sao-paulo-a-vicepresidente-de-facebook-para-america-latina","tag-arrestan-vicepresidente-de-facebook","tag-carcel","tag-diego-dzodan","tag-diego-dzoran","tag-facebook","tag-facebook-vp-for-latin-america-arrested","tag-facebook-vp-for-latin-america-arrested-in-sao-paulo","tag-federal-police","tag-guarulhos","tag-juiz-de-lagarto","tag-justicia","tag-lagarto","tag-marcel-maia-montalvao","tag-prisao-diego-dzodan","tag-prisao-diego-dzoran","tag-prisao-do-vice-presidente-do-facebook","tag-prisao-do-vice-presidente-do-facebook-no-brasil","tag-prisao-do-vice-presidente-do-facebook-para-a-america-latina","tag-sao-paulo","tag-sergipe","tag-vice-president-for-latin-america","tag-vice-presidente-do-facebook","tag-vice-presidente-do-facebook-e-preso-pela-policia-federal-em-guarulhos","tag-vice-presidente-do-facebook-e-preso-pela-policia-federal-em-sao-paulo","tag-vice-presidente-do-facebook-no-brasil","tag-vice-presidente-do-facebook-para-a-america-latina","tag-whatsapp"],"yoast_head":"<!-- This site is optimized with the Yoast SEO plugin v28.3 - https:\/\/yoast.com\/product\/yoast-seo-wordpress\/ -->\n<title>Vice-presidente do Facebook \u00e9 preso pela Pol\u00edcia Federal em S\u00e3o Paulo - Aconteceu no Vale<\/title>\n<meta name=\"robots\" content=\"index, follow, max-snippet:-1, max-image-preview:large, max-video-preview:-1\" \/>\n<link rel=\"canonical\" href=\"https:\/\/aconteceunovale.com.br\/portal\/?p=80469\" \/>\n<meta property=\"og:locale\" content=\"pt_BR\" \/>\n<meta property=\"og:type\" content=\"article\" \/>\n<meta property=\"og:title\" content=\"Vice-presidente do Facebook \u00e9 preso pela Pol\u00edcia Federal em S\u00e3o Paulo - Aconteceu no Vale\" \/>\n<meta property=\"og:description\" content=\"Policiais federais prenderam na manh\u00e3 desta ter\u00e7a-feira (1\u00ba de mar\u00e7o) em S\u00e3o Paulo o vice-presidente da rede social Facebook na Am\u00e9rica Latina Diego Jorge Dzodan. A a\u00e7\u00e3o foi tomada a pedido da Justi\u00e7a de Sergipe ap\u00f3s a rede social n\u00e3o cumprir decis\u00e3o judicial de compartilhar informa\u00e7\u00f5es trocadas no WhatsApp por suspeitos de tr\u00e1fico de droga. [&hellip;]\" \/>\n<meta property=\"og:url\" content=\"https:\/\/aconteceunovale.com.br\/portal\/?p=80469\" \/>\n<meta property=\"og:site_name\" content=\"Aconteceu no Vale\" \/>\n<meta property=\"article:publisher\" content=\"https:\/\/www.facebook.com\/aconteceunovale\/\" \/>\n<meta property=\"article:published_time\" content=\"2016-03-01T15:22:57+00:00\" \/>\n<meta property=\"article:modified_time\" content=\"2016-03-01T15:46:00+00:00\" \/>\n<meta property=\"og:image\" content=\"https:\/\/aconteceunovale.com.br\/portal\/wp-content\/uploads\/2016\/03\/presidente_facebook.jpg\" \/>\n\t<meta property=\"og:image:width\" content=\"620\" \/>\n\t<meta property=\"og:image:height\" content=\"344\" \/>\n\t<meta property=\"og:image:type\" content=\"image\/jpeg\" \/>\n<meta name=\"author\" content=\"Aconteceu no Vale\" \/>\n<meta name=\"twitter:card\" content=\"summary_large_image\" \/>\n<meta name=\"twitter:creator\" content=\"@noticiadosvales\" \/>\n<meta name=\"twitter:site\" content=\"@noticiadosvales\" \/>\n<meta name=\"twitter:label1\" content=\"Escrito por\" \/>\n\t<meta name=\"twitter:data1\" content=\"Aconteceu no Vale\" \/>\n\t<meta name=\"twitter:label2\" content=\"Est. tempo de leitura\" \/>\n\t<meta name=\"twitter:data2\" content=\"2 minutos\" \/>\n<script type=\"application\/ld+json\" class=\"yoast-schema-graph\">{\"@context\":\"https:\\\/\\\/schema.org\",\"@graph\":[{\"@type\":\"Article\",\"@id\":\"https:\\\/\\\/aconteceunovale.com.br\\\/portal\\\/?p=80469#article\",\"isPartOf\":{\"@id\":\"https:\\\/\\\/aconteceunovale.com.br\\\/portal\\\/?p=80469\"},\"author\":{\"name\":\"Aconteceu no Vale\",\"@id\":\"https:\\\/\\\/aconteceunovale.com.br\\\/portal\\\/#\\\/schema\\\/person\\\/633529146f2c94272bef50ac2953d589\"},\"headline\":\"Vice-presidente do Facebook \u00e9 preso pela Pol\u00edcia Federal em S\u00e3o Paulo\",\"datePublished\":\"2016-03-01T15:22:57+00:00\",\"dateModified\":\"2016-03-01T15:46:00+00:00\",\"mainEntityOfPage\":{\"@id\":\"https:\\\/\\\/aconteceunovale.com.br\\\/portal\\\/?p=80469\"},\"wordCount\":427,\"commentCount\":0,\"image\":{\"@id\":\"https:\\\/\\\/aconteceunovale.com.br\\\/portal\\\/?p=80469#primaryimage\"},\"thumbnailUrl\":\"https:\\\/\\\/aconteceunovale.com.br\\\/portal\\\/wp-content\\\/uploads\\\/2016\\\/03\\\/presidente_facebook.jpg\",\"keywords\":[\"Am\u00e9rica Latina\",\"arrest\",\"Arrestan en S\u00e3o Paulo a vicepresidente de Facebook\",\"Arrestan en S\u00e3o Paulo a vicepresidente de Facebook para Am\u00e9rica Latina\",\"Arrestan vicepresidente de Facebook\",\"c\u00e1rcel\",\"Diego Dzodan\",\"Diego Dzoran\",\"Facebook\",\"Facebook VP for Latin America arrested\",\"Facebook VP for Latin America arrested in S\u00e3o Paulo\",\"Federal Police\",\"Guarulhos\",\"Juiz de Lagarto\",\"Justicia\",\"Lagarto\",\"Marcel Maia Montalvao\",\"Pris\u00e3o Diego Dzodan\",\"Pris\u00e3o Diego Dzoran\",\"Pris\u00e3o do vice-presidente do Facebook\",\"Pris\u00e3o do vice-presidente do Facebook no Brasil\",\"Pris\u00e3o do vice-presidente do Facebook para a Am\u00e9rica Latina\",\"S\u00e3o Paulo\",\"Sergipe\",\"Vice-president for Latin America\",\"vice-presidente do Facebook\",\"Vice-presidente do Facebook \u00e9 preso pela Pol\u00edcia Federal em Guarulhos\",\"Vice-presidente do Facebook \u00e9 preso pela Pol\u00edcia Federal em S\u00e3o Paulo\",\"vice-presidente do Facebook no Brasil\",\"vice-presidente do Facebook para a Am\u00e9rica Latina\",\"WhatsApp\"],\"articleSection\":[\"Brasil\"],\"inLanguage\":\"pt-BR\",\"potentialAction\":[{\"@type\":\"CommentAction\",\"name\":\"Comment\",\"target\":[\"https:\\\/\\\/aconteceunovale.com.br\\\/portal\\\/?p=80469#respond\"]}]},{\"@type\":\"WebPage\",\"@id\":\"https:\\\/\\\/aconteceunovale.com.br\\\/portal\\\/?p=80469\",\"url\":\"https:\\\/\\\/aconteceunovale.com.br\\\/portal\\\/?p=80469\",\"name\":\"Vice-presidente do Facebook \u00e9 preso pela Pol\u00edcia Federal em S\u00e3o Paulo - Aconteceu no Vale\",\"isPartOf\":{\"@id\":\"https:\\\/\\\/aconteceunovale.com.br\\\/portal\\\/#website\"},\"primaryImageOfPage\":{\"@id\":\"https:\\\/\\\/aconteceunovale.com.br\\\/portal\\\/?p=80469#primaryimage\"},\"image\":{\"@id\":\"https:\\\/\\\/aconteceunovale.com.br\\\/portal\\\/?p=80469#primaryimage\"},\"thumbnailUrl\":\"https:\\\/\\\/aconteceunovale.com.br\\\/portal\\\/wp-content\\\/uploads\\\/2016\\\/03\\\/presidente_facebook.jpg\",\"datePublished\":\"2016-03-01T15:22:57+00:00\",\"dateModified\":\"2016-03-01T15:46:00+00:00\",\"author\":{\"@id\":\"https:\\\/\\\/aconteceunovale.com.br\\\/portal\\\/#\\\/schema\\\/person\\\/633529146f2c94272bef50ac2953d589\"},\"breadcrumb\":{\"@id\":\"https:\\\/\\\/aconteceunovale.com.br\\\/portal\\\/?p=80469#breadcrumb\"},\"inLanguage\":\"pt-BR\",\"potentialAction\":[{\"@type\":\"ReadAction\",\"target\":[\"https:\\\/\\\/aconteceunovale.com.br\\\/portal\\\/?p=80469\"]}]},{\"@type\":\"ImageObject\",\"inLanguage\":\"pt-BR\",\"@id\":\"https:\\\/\\\/aconteceunovale.com.br\\\/portal\\\/?p=80469#primaryimage\",\"url\":\"https:\\\/\\\/aconteceunovale.com.br\\\/portal\\\/wp-content\\\/uploads\\\/2016\\\/03\\\/presidente_facebook.jpg\",\"contentUrl\":\"https:\\\/\\\/aconteceunovale.com.br\\\/portal\\\/wp-content\\\/uploads\\\/2016\\\/03\\\/presidente_facebook.jpg\",\"width\":620,\"height\":344},{\"@type\":\"BreadcrumbList\",\"@id\":\"https:\\\/\\\/aconteceunovale.com.br\\\/portal\\\/?p=80469#breadcrumb\",\"itemListElement\":[{\"@type\":\"ListItem\",\"position\":1,\"name\":\"In\u00edcio\",\"item\":\"https:\\\/\\\/aconteceunovale.com.br\\\/portal\\\/\"},{\"@type\":\"ListItem\",\"position\":2,\"name\":\"Vice-presidente do Facebook \u00e9 preso pela Pol\u00edcia Federal em S\u00e3o Paulo\"}]},{\"@type\":\"WebSite\",\"@id\":\"https:\\\/\\\/aconteceunovale.com.br\\\/portal\\\/#website\",\"url\":\"https:\\\/\\\/aconteceunovale.com.br\\\/portal\\\/\",\"name\":\"Aconteceu no Vale\",\"description\":\"Portal de Not\u00edcias\",\"potentialAction\":[{\"@type\":\"SearchAction\",\"target\":{\"@type\":\"EntryPoint\",\"urlTemplate\":\"https:\\\/\\\/aconteceunovale.com.br\\\/portal\\\/?s={search_term_string}\"},\"query-input\":{\"@type\":\"PropertyValueSpecification\",\"valueRequired\":true,\"valueName\":\"search_term_string\"}}],\"inLanguage\":\"pt-BR\"},{\"@type\":\"Person\",\"@id\":\"https:\\\/\\\/aconteceunovale.com.br\\\/portal\\\/#\\\/schema\\\/person\\\/633529146f2c94272bef50ac2953d589\",\"name\":\"Aconteceu no Vale\",\"description\":\"Equipe de reportagem do Aconteceu no Vale, portal de not\u00edcias do Vale do Jequitinhonha, em Minas Gerais. Cobrimos as 51 cidades do Vale desde 2013. Sugest\u00f5es de pauta e pedidos de corre\u00e7\u00e3o: contato@aconteceunovale.com.br\",\"sameAs\":[\"http:\\\/\\\/www.aconteceunovale.com.br\"],\"url\":\"https:\\\/\\\/aconteceunovale.com.br\\\/portal\\\/?author=1\"}]}<\/script>\n<!-- \/ Yoast SEO plugin. -->","yoast_head_json":{"title":"Vice-presidente do Facebook \u00e9 preso pela Pol\u00edcia Federal em S\u00e3o Paulo - Aconteceu no Vale","robots":{"index":"index","follow":"follow","max-snippet":"max-snippet:-1","max-image-preview":"max-image-preview:large","max-video-preview":"max-video-preview:-1"},"canonical":"https:\/\/aconteceunovale.com.br\/portal\/?p=80469","og_locale":"pt_BR","og_type":"article","og_title":"Vice-presidente do Facebook \u00e9 preso pela Pol\u00edcia Federal em S\u00e3o Paulo - Aconteceu no Vale","og_description":"Policiais federais prenderam na manh\u00e3 desta ter\u00e7a-feira (1\u00ba de mar\u00e7o) em S\u00e3o Paulo o vice-presidente da rede social Facebook na Am\u00e9rica Latina Diego Jorge Dzodan. A a\u00e7\u00e3o foi tomada a pedido da Justi\u00e7a de Sergipe ap\u00f3s a rede social n\u00e3o cumprir decis\u00e3o judicial de compartilhar informa\u00e7\u00f5es trocadas no WhatsApp por suspeitos de tr\u00e1fico de droga. [&hellip;]","og_url":"https:\/\/aconteceunovale.com.br\/portal\/?p=80469","og_site_name":"Aconteceu no Vale","article_publisher":"https:\/\/www.facebook.com\/aconteceunovale\/","article_published_time":"2016-03-01T15:22:57+00:00","article_modified_time":"2016-03-01T15:46:00+00:00","og_image":[{"width":620,"height":344,"url":"https:\/\/aconteceunovale.com.br\/portal\/wp-content\/uploads\/2016\/03\/presidente_facebook.jpg","type":"image\/jpeg"}],"author":"Aconteceu no Vale","twitter_card":"summary_large_image","twitter_creator":"@noticiadosvales","twitter_site":"@noticiadosvales","twitter_misc":{"Escrito por":"Aconteceu no Vale","Est. tempo de leitura":"2 minutos"},"schema":{"@context":"https:\/\/schema.org","@graph":[{"@type":"Article","@id":"https:\/\/aconteceunovale.com.br\/portal\/?p=80469#article","isPartOf":{"@id":"https:\/\/aconteceunovale.com.br\/portal\/?p=80469"},"author":{"name":"Aconteceu no Vale","@id":"https:\/\/aconteceunovale.com.br\/portal\/#\/schema\/person\/633529146f2c94272bef50ac2953d589"},"headline":"Vice-presidente do Facebook \u00e9 preso pela Pol\u00edcia Federal em S\u00e3o Paulo","datePublished":"2016-03-01T15:22:57+00:00","dateModified":"2016-03-01T15:46:00+00:00","mainEntityOfPage":{"@id":"https:\/\/aconteceunovale.com.br\/portal\/?p=80469"},"wordCount":427,"commentCount":0,"image":{"@id":"https:\/\/aconteceunovale.com.br\/portal\/?p=80469#primaryimage"},"thumbnailUrl":"https:\/\/aconteceunovale.com.br\/portal\/wp-content\/uploads\/2016\/03\/presidente_facebook.jpg","keywords":["Am\u00e9rica Latina","arrest","Arrestan en S\u00e3o Paulo a vicepresidente de Facebook","Arrestan en S\u00e3o Paulo a vicepresidente de Facebook para Am\u00e9rica Latina","Arrestan vicepresidente de Facebook","c\u00e1rcel","Diego Dzodan","Diego Dzoran","Facebook","Facebook VP for Latin America arrested","Facebook VP for Latin America arrested in S\u00e3o Paulo","Federal Police","Guarulhos","Juiz de Lagarto","Justicia","Lagarto","Marcel Maia Montalvao","Pris\u00e3o Diego Dzodan","Pris\u00e3o Diego Dzoran","Pris\u00e3o do vice-presidente do Facebook","Pris\u00e3o do vice-presidente do Facebook no Brasil","Pris\u00e3o do vice-presidente do Facebook para a Am\u00e9rica Latina","S\u00e3o Paulo","Sergipe","Vice-president for Latin America","vice-presidente do Facebook","Vice-presidente do Facebook \u00e9 preso pela Pol\u00edcia Federal em Guarulhos","Vice-presidente do Facebook \u00e9 preso pela Pol\u00edcia Federal em S\u00e3o Paulo","vice-presidente do Facebook no Brasil","vice-presidente do Facebook para a Am\u00e9rica Latina","WhatsApp"],"articleSection":["Brasil"],"inLanguage":"pt-BR","potentialAction":[{"@type":"CommentAction","name":"Comment","target":["https:\/\/aconteceunovale.com.br\/portal\/?p=80469#respond"]}]},{"@type":"WebPage","@id":"https:\/\/aconteceunovale.com.br\/portal\/?p=80469","url":"https:\/\/aconteceunovale.com.br\/portal\/?p=80469","name":"Vice-presidente do Facebook \u00e9 preso pela Pol\u00edcia Federal em S\u00e3o Paulo - Aconteceu no Vale","isPartOf":{"@id":"https:\/\/aconteceunovale.com.br\/portal\/#website"},"primaryImageOfPage":{"@id":"https:\/\/aconteceunovale.com.br\/portal\/?p=80469#primaryimage"},"image":{"@id":"https:\/\/aconteceunovale.com.br\/portal\/?p=80469#primaryimage"},"thumbnailUrl":"https:\/\/aconteceunovale.com.br\/portal\/wp-content\/uploads\/2016\/03\/presidente_facebook.jpg","datePublished":"2016-03-01T15:22:57+00:00","dateModified":"2016-03-01T15:46:00+00:00","author":{"@id":"https:\/\/aconteceunovale.com.br\/portal\/#\/schema\/person\/633529146f2c94272bef50ac2953d589"},"breadcrumb":{"@id":"https:\/\/aconteceunovale.com.br\/portal\/?p=80469#breadcrumb"},"inLanguage":"pt-BR","potentialAction":[{"@type":"ReadAction","target":["https:\/\/aconteceunovale.com.br\/portal\/?p=80469"]}]},{"@type":"ImageObject","inLanguage":"pt-BR","@id":"https:\/\/aconteceunovale.com.br\/portal\/?p=80469#primaryimage","url":"https:\/\/aconteceunovale.com.br\/portal\/wp-content\/uploads\/2016\/03\/presidente_facebook.jpg","contentUrl":"https:\/\/aconteceunovale.com.br\/portal\/wp-content\/uploads\/2016\/03\/presidente_facebook.jpg","width":620,"height":344},{"@type":"BreadcrumbList","@id":"https:\/\/aconteceunovale.com.br\/portal\/?p=80469#breadcrumb","itemListElement":[{"@type":"ListItem","position":1,"name":"In\u00edcio","item":"https:\/\/aconteceunovale.com.br\/portal\/"},{"@type":"ListItem","position":2,"name":"Vice-presidente do Facebook \u00e9 preso pela Pol\u00edcia Federal em S\u00e3o Paulo"}]},{"@type":"WebSite","@id":"https:\/\/aconteceunovale.com.br\/portal\/#website","url":"https:\/\/aconteceunovale.com.br\/portal\/","name":"Aconteceu no Vale","description":"Portal de Not\u00edcias","potentialAction":[{"@type":"SearchAction","target":{"@type":"EntryPoint","urlTemplate":"https:\/\/aconteceunovale.com.br\/portal\/?s={search_term_string}"},"query-input":{"@type":"PropertyValueSpecification","valueRequired":true,"valueName":"search_term_string"}}],"inLanguage":"pt-BR"},{"@type":"Person","@id":"https:\/\/aconteceunovale.com.br\/portal\/#\/schema\/person\/633529146f2c94272bef50ac2953d589","name":"Aconteceu no Vale","description":"Equipe de reportagem do Aconteceu no Vale, portal de not\u00edcias do Vale do Jequitinhonha, em Minas Gerais. Cobrimos as 51 cidades do Vale desde 2013. Sugest\u00f5es de pauta e pedidos de corre\u00e7\u00e3o: contato@aconteceunovale.com.br","sameAs":["http:\/\/www.aconteceunovale.com.br"],"url":"https:\/\/aconteceunovale.com.br\/portal\/?author=1"}]}},"_links":{"self":[{"href":"https:\/\/aconteceunovale.com.br\/portal\/index.php?rest_route=\/wp\/v2\/posts\/80469","targetHints":{"allow":["GET"]}}],"collection":[{"href":"https:\/\/aconteceunovale.com.br\/portal\/index.php?rest_route=\/wp\/v2\/posts"}],"about":[{"href":"https:\/\/aconteceunovale.com.br\/portal\/index.php?rest_route=\/wp\/v2\/types\/post"}],"author":[{"embeddable":true,"href":"https:\/\/aconteceunovale.com.br\/portal\/index.php?rest_route=\/wp\/v2\/users\/1"}],"replies":[{"embeddable":true,"href":"https:\/\/aconteceunovale.com.br\/portal\/index.php?rest_route=%2Fwp%2Fv2%2Fcomments&post=80469"}],"version-history":[{"count":0,"href":"https:\/\/aconteceunovale.com.br\/portal\/index.php?rest_route=\/wp\/v2\/posts\/80469\/revisions"}],"wp:featuredmedia":[{"embeddable":true,"href":"https:\/\/aconteceunovale.com.br\/portal\/index.php?rest_route=\/wp\/v2\/media\/80470"}],"wp:attachment":[{"href":"https:\/\/aconteceunovale.com.br\/portal\/index.php?rest_route=%2Fwp%2Fv2%2Fmedia&parent=80469"}],"wp:term":[{"taxonomy":"category","embeddable":true,"href":"https:\/\/aconteceunovale.com.br\/portal\/index.php?rest_route=%2Fwp%2Fv2%2Fcategories&post=80469"},{"taxonomy":"post_tag","embeddable":true,"href":"https:\/\/aconteceunovale.com.br\/portal\/index.php?rest_route=%2Fwp%2Fv2%2Ftags&post=80469"}],"curies":[{"name":"wp","href":"https:\/\/api.w.org\/{rel}","templated":true}]}}